{"id":2388,"date":"2025-02-11T16:11:53","date_gmt":"2025-02-11T15:11:53","guid":{"rendered":"https:\/\/monde25.info\/index.php\/2025\/02\/11\/chili-les-fruits-amers-de-l-estallido-social-par-victor-de-la-fuente-libio-perez-le-monde-diplomatique-fevrier-2025\/"},"modified":"2025-02-11T16:11:53","modified_gmt":"2025-02-11T15:11:53","slug":"chili-les-fruits-amers-de-l-estallido-social-par-victor-de-la-fuente-libio-perez-le-monde-diplomatique-fevrier-2025","status":"publish","type":"post","link":"https:\/\/monde25.info\/index.php\/2025\/02\/11\/chili-les-fruits-amers-de-l-estallido-social-par-victor-de-la-fuente-libio-perez-le-monde-diplomatique-fevrier-2025\/","title":{"rendered":"Chili, les fruits amers de l\u2019\u00ab estallido social \u00bb, par Victor de La Fuente &#038; Libio P\u00e9rez (Le Monde diplomatique, f\u00e9vrier 2025)"},"content":{"rendered":"<p> <br \/>\n<\/p>\n<div>\n<p class=\"crayon article-surtitre-68039 surtitre\">Un processus constituant enlis\u00e9, une gauche \u00e0 la peine<\/p>\n<div class=\"crayon article-chapo-68039 chapo\">\n<p>Depuis la r\u00e9volte populaire de 2019, qui a fait trembler le pouvoir de droite de l\u2019\u00e9poque, le pays a connu plusieurs consultations en vue de remplacer sa Constitution h\u00e9rit\u00e9e de la dictature \u2014\u00a0sans aboutir\u00a0\u2014, et la gauche a gouvern\u00e9. Cinq ans apr\u00e8s l\u2019\u00e9v\u00e9nement historique, qu\u2019en reste-t-il<small class=\"fine\">\u00a0<\/small>? Tentative de bilan alors que les \u00e9lections g\u00e9n\u00e9rales se profilent.<\/p>\n<\/div><\/div>\n<div couleurfade=\"f9e5e5\" couleurclaire=\"f5d5d5\" couleurpale=\"f1a6a6\" couleurmi=\"a52626\" couleurfoncee=\"881010\" couleursombre=\"290909\" couleurfond=\"734c4c\" couleurtexte=\"ffffff\">\n<div class=\"enapercu\">\n<figure class=\"spip_document_34128 spip_documents spip_documents_center xl\" style=\"width:890px;\">\n<div class=\"limage\">\n<p>\t\t\t<img loading=\"lazy\" decoding=\"async\" src=\"https:\/\/www.monde-diplomatique.fr\/\/local\/cache-vignettes\/L890xH553\/18-10-e4c07.jpg?1738681566\" width=\"890\" height=\"553\" class=\"spip_logos\" alt=\"JPEG - 56\u00a0ko\"\/><\/p><\/div><figcaption>\n<p>Camila Ram\u00edrez Gajardo. \u2013 \u00ab<small class=\"fine\">\u00a0<\/small>Uni\u00f3n Popular<small class=\"fine\">\u00a0<\/small>\u00bb (Union populaire), 2020<\/p>\n<p>\u00a9 Camila Ram\u00edrez Gajardo &#8211; Photographie\u00a0: Edi Herose\n<\/p>\n<\/figcaption><\/figure>\n<p><i><span class=\"mot-lettrine\"><span class=\"lettrine\"><span class=\"guillemet\">\u00ab<\/span>D<\/span>epuis<\/span> nos mobilisations de 2019 contre les in\u00e9galit\u00e9s, rien n\u2019a vraiment chang\u00e9 sur le sujet<small class=\"fine\">\u00a0<\/small>\u00bb,<\/i> soupire M.\u00a0Ignacio Puelma, alors pr\u00e9sent dans les rues de Santiago. De fait, au Chili, 1<small class=\"fine\">\u00a0<\/small>% de la population d\u00e9tient toujours pr\u00e8s de 40<small class=\"fine\">\u00a0<\/small>% des richesses nationales. L\u2019<i>estallido social<\/i> (\u00ab<small class=\"fine\">\u00a0<\/small>explosion sociale<small class=\"fine\">\u00a0<\/small>\u00bb), comme ce soul\u00e8vement populaire fut nomm\u00e9 \u00e0 l\u2019\u00e9poque par les manifestants et les m\u00e9dias, a dur\u00e9 cinq mois. Il a mobilis\u00e9 jusqu\u2019\u00e0 deux millions de personnes dans les rues de la capitale le 25\u00a0octobre\u00a02019, son point d\u2019orgue avec la gr\u00e8ve g\u00e9n\u00e9rale du 12\u00a0novembre. Du jamais-vu dans l\u2019histoire du pays. Dirig\u00e9 contre le gouvernement du d\u00e9funt pr\u00e9sident milliardaire Sebasti\u00e1n Pi\u00f1era, \u00e0 la t\u00eate du pays entre 2018 et 2022, il protestait contre les in\u00e9galit\u00e9s, la vie ch\u00e8re et les injustices sociales h\u00e9rit\u00e9es du mod\u00e8le \u00e9conomique n\u00e9olib\u00e9ral forg\u00e9 par la dictature d\u2019Augusto Pinochet (1973-1990). Il a d\u00e9bouch\u00e9 sur deux r\u00e9sultats essentiels.<\/p>\n<p>Tout d\u2019abord, sur la mise en place successive, entre 2021 et 2023, de deux instances \u2014 la Convention constitutionnelle, puis le Conseil constitutionnel apr\u00e8s l\u2019\u00e9chec de la premi\u00e8re \u2014 charg\u00e9es de r\u00e9diger une nouvelle Constitution pour en finir avec celle de 1980. Cette derni\u00e8re, con\u00e7ue par la dictature, sanctuarise la primaut\u00e9 des sujets de droit priv\u00e9 et de la logique de march\u00e9 sur les pr\u00e9rogatives de l\u2019\u00c9tat, aussi bien dans le domaine de l\u2019\u00e9conomie que dans celui des services de base fournis aux populations. Son remplacement constituait l\u2019une des principales revendications du mouvement populaire, comme le confirmait un premier r\u00e9f\u00e9rendum en 2020. Mais les projets constitutionnels port\u00e9s par les deux organes ont capot\u00e9 au m\u00eame stade. \u00c0 chaque r\u00e9f\u00e9rendum d\u2019approbation du texte soumis \u2014 un scrutin \u00e0 vote obligatoire\u00a0\u2014, le rejet majoritaire par les Chiliens a finalement sauv\u00e9 la Constitution de Pinochet. Celle-ci continue donc de s\u2019imposer \u00e0 tous les gouvernements, notamment \u00e0 l\u2019actuel, de gauche, dirig\u00e9 par M.\u00a0Gabriel Boric, dont la dynamique du mouvement populaire\u00a0(&#8230;)<\/p>\n<\/p><\/div>\n<p>Taille de l\u2019article complet\u00a0:\u00a0<span>2\u00a0283<\/span>\u00a0mots.<\/p>\n<div class=\"promo_dispo_article\">\n<h2 class=\"avantbloc\">\n\tCet article est r\u00e9serv\u00e9 aux\u00a0abonn\u00e9s<\/p>\n<\/h2>\n<div class=\"abo_inst\">\n\t<strong>Lyc\u00e9es, biblioth\u00e8ques, administrations, entreprises,<\/strong><br \/>\n\tacc\u00e9dez \u00e0 la base de donn\u00e9es en ligne de tous les articles du <i>Monde diplomatique<\/i> de 1954 \u00e0 nos\u00a0jours.<br \/>\n\t<a target=\"_blank\" id=\"pw-institutions\" class=\"suivi\" href=\"https:\/\/www.monde-diplomatique.fr\/archives\/institutions\">Retrouvez cette\u00a0offre sp\u00e9cifique<\/a>.\n<\/div>\n<\/div><\/div>\n<p><br \/>\n<br \/><a href=\"https:\/\/www.monde-diplomatique.fr\/2025\/02\/LA_FUENTE\/68039\" target=\"_blank\"\">Source link <\/a><\/p>\n","protected":false},"excerpt":{"rendered":"<p>Un processus constituant enlis\u00e9, une gauche \u00e0 la peine Depuis la r\u00e9volte populaire de 2019, qui a fait trembler le pouvoir de droite de l\u2019\u00e9poque, le pays a connu plusieurs&hellip; <\/p>\n","protected":false},"author":1,"featured_media":2389,"comment_status":"open","ping_status":"open","sticky":false,"template":"","format":"standard","meta":{"footnotes":""},"categories":[1],"tags":[],"class_list":["post-2388","post","type-post","status-publish","format-standard","has-post-thumbnail","hentry","category-non-classe"],"_links":{"self":[{"href":"https:\/\/monde25.info\/index.php\/wp-json\/wp\/v2\/posts\/2388","targetHints":{"allow":["GET"]}}],"collection":[{"href":"https:\/\/monde25.info\/index.php\/wp-json\/wp\/v2\/posts"}],"about":[{"href":"https:\/\/monde25.info\/index.php\/wp-json\/wp\/v2\/types\/post"}],"author":[{"embeddable":true,"href":"https:\/\/monde25.info\/index.php\/wp-json\/wp\/v2\/users\/1"}],"replies":[{"embeddable":true,"href":"https:\/\/monde25.info\/index.php\/wp-json\/wp\/v2\/comments?post=2388"}],"version-history":[{"count":0,"href":"https:\/\/monde25.info\/index.php\/wp-json\/wp\/v2\/posts\/2388\/revisions"}],"wp:featuredmedia":[{"embeddable":true,"href":"https:\/\/monde25.info\/index.php\/wp-json\/wp\/v2\/media\/2389"}],"wp:attachment":[{"href":"https:\/\/monde25.info\/index.php\/wp-json\/wp\/v2\/media?parent=2388"}],"wp:term":[{"taxonomy":"category","embeddable":true,"href":"https:\/\/monde25.info\/index.php\/wp-json\/wp\/v2\/categories?post=2388"},{"taxonomy":"post_tag","embeddable":true,"href":"https:\/\/monde25.info\/index.php\/wp-json\/wp\/v2\/tags?post=2388"}],"curies":[{"name":"wp","href":"https:\/\/api.w.org\/{rel}","templated":true}]}}