{"id":239,"date":"2024-11-16T08:53:47","date_gmt":"2024-11-16T07:53:47","guid":{"rendered":"https:\/\/monde25.info\/index.php\/2024\/11\/16\/le-traite-pandemie-ne-passera-pas-en-urgence\/"},"modified":"2024-11-16T08:53:47","modified_gmt":"2024-11-16T07:53:47","slug":"le-traite-pandemie-ne-passera-pas-en-urgence","status":"publish","type":"post","link":"https:\/\/monde25.info\/index.php\/2024\/11\/16\/le-traite-pandemie-ne-passera-pas-en-urgence\/","title":{"rendered":"Le trait\u00e9 pand\u00e9mie ne passera pas en urgence"},"content":{"rendered":"<p> <br \/>\n<\/p>\n<div>\n<p>par <strong>Essentiel News<\/strong><\/p>\n<p>Apr\u00e8s avoir \u00e9chou\u00e9 \u00e0 n\u00e9gocier un trait\u00e9 sur les pand\u00e9mies avant et pendant sa r\u00e9union annuelle de mai 2024, l\u2019OMS avait tout mis en \u0153uvre pour accoucher d\u2019un texte viable au cours des six mois suivants, mais c\u2019est sans succ\u00e8s. Le bureau de l\u2019organisation <a target=\"_blank\" href=\"https:\/\/www.who.int\/news\/item\/20-09-2024-governments-progress-on-negotiations-for-a-pandemic-agreement-to-boost-global-preparedness-for-future-emergencies\" target=\"_blank\" rel=\"noopener\" title=\"\">dispose d\u2019un an maximum pour y parvenir, apr\u00e8s quoi il n\u2019y aura plus de prolongation<\/a>.<\/p>\n<h5 class=\"wp-block-heading\"><strong>Efforts continus<\/strong><\/h5>\n<p>Les deux copr\u00e9sidents de l\u2019organe intergouvernemental de n\u00e9gociation (OIN) du trait\u00e9 sur les pand\u00e9mies avaient \u00e9t\u00e9 remplac\u00e9s par une ambassadrice suisse et une m\u00e9decin sud-africaine, Precious Matsoso, qui avait copr\u00e9sid\u00e9 le groupe sur les amendements au R\u00e8glement sanitaire international.<\/p>\n<p>Ce groupe a encha\u00een\u00e9 les r\u00e9unions en personne et les contacts \u00e0 distance, avec les \u00c9tats membres et les diff\u00e9rentes \u00abparties prenantes\u00bb dans l\u2019espoir de parvenir \u00e0 un projet pour la date du 12 novembre.<\/p>\n<p>Cette \u00e9ch\u00e9ance devait absolument \u00eatre respect\u00e9e pour pouvoir organiser une r\u00e9union extraordinaire de l\u2019Assembl\u00e9e mondiale de la sant\u00e9 en d\u00e9cembre et faire passer le trait\u00e9 \u00aben urgence\u00bb.<\/p>\n<p>Rien de tout cela n\u2019a fonctionn\u00e9. Les n\u00e9gociateurs ne sont pas parvenus \u00e0 un accord et les questions litigieuses sont rest\u00e9es sans r\u00e9ponse : notamment celles qui concernent la surveillance et le concept de \u00abOne Health ou sant\u00e9 unique\u00bb, les droits de propri\u00e9t\u00e9 intellectuelle sur les brevets et le co\u00fbt des m\u00e9dicaments pour les pays \u00e0 faible revenu, ainsi que la constitution de \u00abbiblioth\u00e8ques d\u2019agents pathog\u00e8nes\u00bb et les modalit\u00e9s de leurs \u00e9changes.<\/p>\n<h5 class=\"wp-block-heading\"><strong>Une annonce timide<\/strong><\/h5>\n<p>Les copr\u00e9sidents de l\u2019INB de l\u2019OMS ont donn\u00e9 une br\u00e8ve conf\u00e9rence de presse pour avertir les 194 pays membres qu\u2019ils ne seraient pas rappel\u00e9s \u00e0 Gen\u00e8ve le mois prochain. Les orateurs ont tent\u00e9 de faire bonne figure en citant les progr\u00e8s accomplis et en expliquant que les n\u00e9gociations se poursuivent dans l\u2019objectif de parvenir \u00e0 la signature d\u2019un trait\u00e9 pour la prochaine Assembl\u00e9e mondiale de la sant\u00e9 fin mai 2025, mais ils savent que cette perspective s\u2019\u00e9loigne.<\/p>\n<p>\u00c0 la question de savoir si l\u2019\u00e9lection de Donald Trump \u00e9tait susceptible d\u2019influencer le futur des n\u00e9gociations, les orateurs ont pr\u00e9f\u00e9r\u00e9 s\u2019abstenir de r\u00e9pondre. Il semble toutefois \u00e9vident que le rush pour parvenir \u00e0 un texte de derni\u00e8re minute \u00e9tait li\u00e9 \u00e0 cette \u00e9ventualit\u00e9.<\/p>\n<p>L\u2019an dernier, Donald Trump avait exprim\u00e9 son opposition au trait\u00e9 et son souhait de r\u00e9duire l\u2019engagement des \u00c9tats-Unis dans l\u2019OMS. Robert Kennedy Jr., qui s\u2019est rang\u00e9 \u00e0 ses c\u00f4t\u00e9s dans l\u2019intention de \u00abrendre la sant\u00e9 aux Am\u00e9ricains\u00bb, avait \u00e9galement appel\u00e9 \u00e0 son rejet.<\/p>\n<p>En attendant, l\u2019OMS poursuit le d\u00e9roulement du programme de sant\u00e9 mondiale en <a target=\"_blank\" href=\"https:\/\/www.who.int\/news\/item\/07-11-2024-who-demands-urgent-integration-of-health-in--climate-negotiations-ahead-of-cop29\" target=\"_blank\" rel=\"noopener\" title=\"\">appelant \u00e0 investir d\u2019urgence<\/a> dans \u00abla sant\u00e9 li\u00e9e au climat\u00bb \u00e0 la COP 29, o\u00f9 se n\u00e9gocie la <a target=\"_blank\" href=\"https:\/\/emea01.safelinks.protection.outlook.com\/?url=https%3A%2F%2Fsubstack.com%2Fredirect%2Fa302536b-8802-443b-8a73-837cc8c5c7ac%3Fj%3DeyJ1IjoiMXF6bmtwIn0.ydaeTjS5tDQv47anCE7kWbvop9JDRdCJGu8sGXBJtdQ&amp;data=05%7C02%7C%7C22672048cbe5463c58c108dd04104703%7C84df9e7fe9f640afb435aaaaaaaaaaaa%7C1%7C0%7C638671190137103360%7CUnknown%7CTWFpbGZsb3d8eyJFbXB0eU1hcGkiOnRydWUsIlYiOiIwLjAuMDAwMCIsIlAiOiJXaW4zMiIsIkFOIjoiTWFpbCIsIldUIjoyfQ%3D%3D%7C0%7C%7C%7C&amp;sdata=trJELTyzTCuBHyQpYfUFGBGTQHb9cCrkQNfr0dZnI6c%3D&amp;reserved=0\" target=\"_blank\" rel=\"noopener\" title=\"\">Convention-cadre des Nations unies sur les changements climatiques<\/a>. Ici aussi le r\u00e9sultat des \u00e9lections am\u00e9ricaines pourrait bien changer les perspectives.<\/p>\n<p>source : <a target=\"_blank\" href=\"https:\/\/essentiel.news\/le-traite-pandemie-ne-passera-pas-en-urgence\/\" target=\"_blank\" rel=\"noopener\" title=\"\">Essentiel News<\/a><\/p>\n<div class=\"sharedaddy sd-block sd-like jetpack-likes-widget-wrapper jetpack-likes-widget-unloaded\" id=\"like-post-wrapper-237719536-431426-67384ad3673f3\" data-src=\"https:\/\/widgets.wp.com\/likes\/?ver=14.0#blog_id=237719536&amp;post_id=431426&amp;origin=reseauinternational.net&amp;obj_id=237719536-431426-67384ad3673f3&amp;n=1\" data-name=\"like-post-frame-237719536-431426-67384ad3673f3\" data-title=\"Aimer ou rebloguer\">\n<h3 class=\"sd-title\">J\u2019aime \u00e7a\u00a0:<\/h3>\n<p><span class=\"button\"><span>J\u2019aime<\/span><\/span> <span class=\"loading\">chargement\u2026<\/span><\/p>\n<p><span class=\"sd-text-color\"\/><a target=\"_blank\" class=\"sd-link-color\"\/><\/div>\n<p><meta itemscope=\"\" itemprop=\"mainEntityOfPage\" itemtype=\"https:\/\/schema.org\/WebPage\" itemid=\"https:\/\/reseauinternational.net\/le-traite-pandemie-ne-passera-pas-en-urgence\/\"\/><meta itemprop=\"headline\" content=\"Le trait\u00e9 pand\u00e9mie ne passera pas en urgence\"\/><span style=\"display: none;\" itemprop=\"author\" itemscope=\"\" itemtype=\"https:\/\/schema.org\/Person\"><meta itemprop=\"name\" content=\"R\u00e9seau International\"\/><\/span><span style=\"display: none;\" itemprop=\"image\" itemscope=\"\" itemtype=\"https:\/\/schema.org\/ImageObject\"><meta itemprop=\"url\" content=\"https:\/\/i0.wp.com\/reseauinternational.net\/wp-content\/uploads\/2024\/11\/Sans-titre-2-8.png?fit=800%2C467&amp;ssl=1\"\/><meta itemprop=\"width\" content=\"800\"\/><meta itemprop=\"height\" content=\"467\"\/><\/span><span style=\"display: none;\" itemprop=\"publisher\" itemscope=\"\" itemtype=\"https:\/\/schema.org\/Organization\"><span style=\"display: none;\" itemprop=\"logo\" itemscope=\"\" itemtype=\"https:\/\/schema.org\/ImageObject\"><meta itemprop=\"url\" content=\"https:\/\/reseauinternational.net\/wp-content\/uploads\/2022\/06\/Capture-de\u0301cran-2022-06-14-a\u0300-16.51.07.png\"\/><\/span><meta itemprop=\"name\" content=\"R\u00e9seau International\"\/><\/span><meta itemprop=\"datePublished\" content=\"2024-11-16T08:33:11+00:00\"\/><meta itemprop=\"dateModified\" content=\"2024-11-16T08:33:30+00:00\"\/><\/div>\n<p><br \/>\n<br \/><a href=\"https:\/\/reseauinternational.net\/le-traite-pandemie-ne-passera-pas-en-urgence\/\" target=\"_blank\"\">Source link <\/a><\/p>\n","protected":false},"excerpt":{"rendered":"<p>par Essentiel News Apr\u00e8s avoir \u00e9chou\u00e9 \u00e0 n\u00e9gocier un trait\u00e9 sur les pand\u00e9mies avant et pendant sa r\u00e9union annuelle de mai 2024, l\u2019OMS avait tout mis en \u0153uvre pour accoucher&hellip; <\/p>\n","protected":false},"author":1,"featured_media":240,"comment_status":"open","ping_status":"open","sticky":false,"template":"","format":"standard","meta":{"footnotes":""},"categories":[1],"tags":[],"class_list":["post-239","post","type-post","status-publish","format-standard","has-post-thumbnail","hentry","category-non-classe"],"_links":{"self":[{"href":"https:\/\/monde25.info\/index.php\/wp-json\/wp\/v2\/posts\/239","targetHints":{"allow":["GET"]}}],"collection":[{"href":"https:\/\/monde25.info\/index.php\/wp-json\/wp\/v2\/posts"}],"about":[{"href":"https:\/\/monde25.info\/index.php\/wp-json\/wp\/v2\/types\/post"}],"author":[{"embeddable":true,"href":"https:\/\/monde25.info\/index.php\/wp-json\/wp\/v2\/users\/1"}],"replies":[{"embeddable":true,"href":"https:\/\/monde25.info\/index.php\/wp-json\/wp\/v2\/comments?post=239"}],"version-history":[{"count":0,"href":"https:\/\/monde25.info\/index.php\/wp-json\/wp\/v2\/posts\/239\/revisions"}],"wp:featuredmedia":[{"embeddable":true,"href":"https:\/\/monde25.info\/index.php\/wp-json\/wp\/v2\/media\/240"}],"wp:attachment":[{"href":"https:\/\/monde25.info\/index.php\/wp-json\/wp\/v2\/media?parent=239"}],"wp:term":[{"taxonomy":"category","embeddable":true,"href":"https:\/\/monde25.info\/index.php\/wp-json\/wp\/v2\/categories?post=239"},{"taxonomy":"post_tag","embeddable":true,"href":"https:\/\/monde25.info\/index.php\/wp-json\/wp\/v2\/tags?post=239"}],"curies":[{"name":"wp","href":"https:\/\/api.w.org\/{rel}","templated":true}]}}