{"id":2394,"date":"2025-02-11T17:53:37","date_gmt":"2025-02-11T16:53:37","guid":{"rendered":"https:\/\/monde25.info\/index.php\/2025\/02\/11\/le-pen-memorialiste-de-lui-meme-par-bernard-pudal-le-monde-diplomatique-fevrier-2025\/"},"modified":"2025-02-11T17:53:37","modified_gmt":"2025-02-11T16:53:37","slug":"le-pen-memorialiste-de-lui-meme-par-bernard-pudal-le-monde-diplomatique-fevrier-2025","status":"publish","type":"post","link":"https:\/\/monde25.info\/index.php\/2025\/02\/11\/le-pen-memorialiste-de-lui-meme-par-bernard-pudal-le-monde-diplomatique-fevrier-2025\/","title":{"rendered":"Le Pen, m\u00e9morialiste de lui-m\u00eame, par Bernard Pudal (Le Monde diplomatique, f\u00e9vrier 2025)"},"content":{"rendered":"<p> <br \/>\n<\/p>\n<div>\n<p class=\"crayon article-surtitre-68041 surtitre\">\u00c9crire l\u2019extr\u00eame droite<\/p>\n<div class=\"crayon article-chapo-68041 chapo\">\n<p>Jean-Marie Le Pen est d\u00e9c\u00e9d\u00e9 le 7\u00a0janvier\u00a02025. Son destin s\u2019inscrit dans l\u2019histoire de l\u2019extr\u00eame droite depuis la fin de la seconde guerre mondiale, de sa disqualification \u00e0 sa progressive rel\u00e9gitimation. Au point que le parti qu\u2019il a contribu\u00e9 \u00e0 fonder en 1972, le Front national (FN), devenu Rassemblement national (RN), frappe aux portes du pouvoir. En analysant ses \u00ab<small class=\"fine\">\u00a0<\/small>M\u00e9moires<small class=\"fine\">\u00a0<\/small>\u00bb, on peut restituer le r\u00f4le qu\u2019il a jou\u00e9.<\/p>\n<\/div><\/div>\n<div couleurfade=\"e6e5e5\" couleurclaire=\"e5e5e5\" couleurpale=\"cfc8cd\" couleurmi=\"676466\" couleurfoncee=\"55434d\" couleursombre=\"191919\" couleurfond=\"4e4c4d\" couleurtexte=\"ffffff\">\n<div class=\"enapercu\">\n<figure class=\"spip_document_34130 spip_documents spip_documents_center xl\" style=\"width:890px;\">\n<div class=\"limage\">\n<p>\t\t\t<img loading=\"lazy\" decoding=\"async\" src=\"https:\/\/www.monde-diplomatique.fr\/\/local\/cache-vignettes\/L890xH877\/20-13-f43e2.jpg?1738681571\" width=\"890\" height=\"877\" class=\"spip_logos\" alt=\"JPEG - 105.9\u00a0ko\"\/><\/p><\/div><figcaption>\n<p>Marc Pataut. \u2013 Photomontage brandi lors d\u2019un d\u00e9fil\u00e9 anti-Front national, 1992<\/p>\n<p>\u00a9 Marc Pataut\n<\/p>\n<\/figcaption><\/figure>\n<p><span class=\"mot-lettrine\"><span class=\"lettrine\">P<\/span>ubli\u00e9s<\/span> en deux volumes, sous-titr\u00e9s pour le premier <i>Fils de la nation<\/i> (2018) et pour le second <i>Tribun du peuple<\/i> (2019), les <i>M\u00e9moires<\/i> de Jean-Marie Le Pen (n\u00e9 en 1928) ont paru aux \u00e9ditions Muller, une petite maison situ\u00e9e \u00e0 Asni\u00e8res-sur-Seine, et dont le catalogue accorde toute sa place \u00e0 l\u2019histoire militaire et \u00e0 des essais d\u2019extr\u00eame droite. Les M\u00e9moires, comme genre litt\u00e9raire, sont le <i>\u00ab<small class=\"fine\">\u00a0<\/small>r\u00e9cit d\u2019une vie dans sa condition historique<small class=\"fine\">\u00a0<\/small>\u00bb,<\/i> o\u00f9 l\u2019individu <i>\u00ab<small class=\"fine\">\u00a0<\/small>t\u00e9moigne de son parcours d\u2019homme emport\u00e9 dans le cours des \u00e9v\u00e9nements, \u00e0 la fois acteur et t\u00e9moin, porteur d\u2019une histoire qui donne un sens \u00e0 son pass\u00e9<small class=\"fine\">\u00a0<\/small>\u00bb.<\/i> Le m\u00e9morialiste, le plus souvent, assume publiquement son parcours en affichant une <i>\u00ab<small class=\"fine\">\u00a0<\/small>fid\u00e9lit\u00e9 \u00e0 soi<small class=\"fine\">\u00a0<\/small>\u00bb<\/i>. C\u2019est bien le cas des <i>M\u00e9moires<\/i> de Le Pen, convaincu que l\u2019histoire lui a d\u2019ores et d\u00e9j\u00e0 donn\u00e9 raison, lui dont les pr\u00e9dictions se seraient progressivement v\u00e9rifi\u00e9es (le \u00ab<small class=\"fine\">\u00a0<\/small>p\u00e9ril migratoire<small class=\"fine\">\u00a0<\/small>\u00bb, le \u00ab<small class=\"fine\">\u00a0<\/small>d\u00e9clin de la nation<small class=\"fine\">\u00a0<\/small>\u00bb, l\u2019\u00ab<small class=\"fine\">\u00a0<\/small>effondrement des valeurs morales<small class=\"fine\">\u00a0<\/small>\u00bb\u2026), apr\u00e8s avoir \u00e9t\u00e9 discr\u00e9dit\u00e9es.<\/p>\n<p>La trame narrative des <i>M\u00e9moires<\/i> est tiss\u00e9e de plusieurs fils\u00a0: installer le \u00ab<small class=\"fine\">\u00a0<\/small>mythe biographique<small class=\"fine\">\u00a0<\/small>\u00bb qui structure son parcours<small class=\"fine\">\u00a0<\/small>; contester les interpr\u00e9tations selon lui erron\u00e9es ou malintentionn\u00e9es des universitaires ou de certains de ses biographes<small class=\"fine\">\u00a0<\/small>; r\u00e9cuser la diabolisation dont il aurait fait l\u2019objet, en d\u00e9monter les ressorts, tout en assumant ses amiti\u00e9s disqualifiantes et son h\u00e9ritage id\u00e9ologique<small class=\"fine\">\u00a0<\/small>; critiquer son <i>\u00ab<small class=\"fine\">\u00a0<\/small>h\u00e9riti\u00e8re<small class=\"fine\">\u00a0<\/small>\u00bb,<\/i> Mme\u00a0Marine Le Pen, sa fa\u00e7on de g\u00e9rer le Front national (FN), sa ligne politique mais aussi sa <i>\u00ab<small class=\"fine\">\u00a0<\/small>forfaiture<small class=\"fine\">\u00a0<\/small>\u00bb,<\/i> en l\u2019excluant en 2015 et en changeant le nom du parti en 2018<small class=\"fine\">\u00a0<\/small>; affirmer son r\u00f4le visionnaire et se faire, tout au long de son r\u00e9cit, <i>\u00ab<small class=\"fine\">\u00a0<\/small>rectificateur d\u2019histoire<small class=\"fine\">\u00a0<\/small>\u00bb.<\/i> Le r\u00e9cit r\u00e9trospectif, s\u2019il suit plus ou moins la chronologie, est ainsi entrelard\u00e9 de digressions sur l\u2019actualit\u00e9 du parti ou certains enjeux transversaux (les proc\u00e8s, l\u2019affaire dite du \u00ab<small class=\"fine\">\u00a0<\/small>d\u00e9tail<small class=\"fine\">\u00a0<\/small>\u00bb\u2026).<\/p>\n<p>Le mythe biographique adopt\u00e9, celui du fils du peuple dont l\u2019ascension\u00a0(&#8230;)<\/p>\n<\/p><\/div>\n<p>Taille de l\u2019article complet\u00a0:\u00a0<span>2\u00a0429<\/span>\u00a0mots.<\/p>\n<div class=\"promo_dispo_article\">\n<h2 class=\"avantbloc\">\n\tCet article est r\u00e9serv\u00e9 aux\u00a0abonn\u00e9s<\/p>\n<\/h2>\n<div class=\"abo_inst\">\n\t<strong>Lyc\u00e9es, biblioth\u00e8ques, administrations, entreprises,<\/strong><br \/>\n\tacc\u00e9dez \u00e0 la base de donn\u00e9es en ligne de tous les articles du <i>Monde diplomatique<\/i> de 1954 \u00e0 nos\u00a0jours.<br \/>\n\t<a target=\"_blank\" id=\"pw-institutions\" class=\"suivi\" href=\"https:\/\/www.monde-diplomatique.fr\/archives\/institutions\">Retrouvez cette\u00a0offre sp\u00e9cifique<\/a>.\n<\/div>\n<\/div><\/div>\n<div>\n<p class=\"nom\">Bernard Pudal<\/p>\n<p>\n\t\t\t\t\tPolitiste. Auteur, avec Patrick Lehingue, de l\u2019ouvrage <i>Du FN au RN, les logiques paradoxales d\u2019une r\u00e9ussite singuli\u00e8re,<\/i> \u00e0 para\u00eetre aux PUF fin 2025.<\/p>\n<\/p><\/div>\n<p><br \/>\n<br \/><a href=\"https:\/\/www.monde-diplomatique.fr\/2025\/02\/PUDAL\/68041\" target=\"_blank\"\">Source link <\/a><\/p>\n","protected":false},"excerpt":{"rendered":"<p>\u00c9crire l\u2019extr\u00eame droite Jean-Marie Le Pen est d\u00e9c\u00e9d\u00e9 le 7\u00a0janvier\u00a02025. Son destin s\u2019inscrit dans l\u2019histoire de l\u2019extr\u00eame droite depuis la fin de la seconde guerre mondiale, de sa disqualification \u00e0&hellip; <\/p>\n","protected":false},"author":1,"featured_media":2395,"comment_status":"open","ping_status":"open","sticky":false,"template":"","format":"standard","meta":{"footnotes":""},"categories":[1],"tags":[],"class_list":["post-2394","post","type-post","status-publish","format-standard","has-post-thumbnail","hentry","category-non-classe"],"_links":{"self":[{"href":"https:\/\/monde25.info\/index.php\/wp-json\/wp\/v2\/posts\/2394","targetHints":{"allow":["GET"]}}],"collection":[{"href":"https:\/\/monde25.info\/index.php\/wp-json\/wp\/v2\/posts"}],"about":[{"href":"https:\/\/monde25.info\/index.php\/wp-json\/wp\/v2\/types\/post"}],"author":[{"embeddable":true,"href":"https:\/\/monde25.info\/index.php\/wp-json\/wp\/v2\/users\/1"}],"replies":[{"embeddable":true,"href":"https:\/\/monde25.info\/index.php\/wp-json\/wp\/v2\/comments?post=2394"}],"version-history":[{"count":0,"href":"https:\/\/monde25.info\/index.php\/wp-json\/wp\/v2\/posts\/2394\/revisions"}],"wp:featuredmedia":[{"embeddable":true,"href":"https:\/\/monde25.info\/index.php\/wp-json\/wp\/v2\/media\/2395"}],"wp:attachment":[{"href":"https:\/\/monde25.info\/index.php\/wp-json\/wp\/v2\/media?parent=2394"}],"wp:term":[{"taxonomy":"category","embeddable":true,"href":"https:\/\/monde25.info\/index.php\/wp-json\/wp\/v2\/categories?post=2394"},{"taxonomy":"post_tag","embeddable":true,"href":"https:\/\/monde25.info\/index.php\/wp-json\/wp\/v2\/tags?post=2394"}],"curies":[{"name":"wp","href":"https:\/\/api.w.org\/{rel}","templated":true}]}}