{"id":2396,"date":"2025-02-11T18:26:34","date_gmt":"2025-02-11T17:26:34","guid":{"rendered":"https:\/\/monde25.info\/index.php\/2025\/02\/11\/raser-une-foret-pour-des-panneaux-solaires-ils-font-plier-engie\/"},"modified":"2025-02-11T18:26:34","modified_gmt":"2025-02-11T17:26:34","slug":"raser-une-foret-pour-des-panneaux-solaires-ils-font-plier-engie","status":"publish","type":"post","link":"https:\/\/monde25.info\/index.php\/2025\/02\/11\/raser-une-foret-pour-des-panneaux-solaires-ils-font-plier-engie\/","title":{"rendered":"Raser une for\u00eat pour des panneaux solaires\u00a0? Ils font plier Engie"},"content":{"rendered":"<p> <br \/>\n<\/p>\n<div>\n<p class=\"indication_lieu\">Ongles (Alpes-de-Haute-Provence), reportage<\/p>\n<p><i>\u00ab<small class=\"fine d-inline\">\u00a0<\/small>C\u2019est une affaire qui va faire r\u00e9fl\u00e9chir les petits maires d\u00e9march\u00e9s par les fournisseurs d\u2019\u00e9lectricit\u00e9<small class=\"fine d-inline\">\u00a0<\/small>\u00bb<\/i>, se r\u00e9jouit Isabelle Bourboulon, opposante aux centrales solaires dans la montagne de Lure (Alpes-de-Haute-Provence). De guerre lasse, la municipalit\u00e9 d\u2019Ongles, commune de 360 habitants, a fini par mettre fin \u00e0 un projet d\u2019Engie Green entam\u00e9 il y a dix ans. Le 10\u00a0f\u00e9vrier, le conseil municipal n\u2019a pas renouvel\u00e9 la promesse de bail \u00e0 l\u2019\u00e9nerg\u00e9ticien qui pr\u00e9voyait des panneaux solaires sur 12,7\u00a0hectares.<\/p>\n<p>Pour les \u00e9cologistes, c\u2019est une victoire significative, dans une r\u00e9gion o\u00f9 des multinationales de l\u2019\u00e9nergie <a target=\"_blank\" href=\"https:\/\/reporterre.net\/Stop-au-photovoltaique-des-militants-s-enchainent-a-des-engins-de-chantier\">projettent d\u2019installer jusqu\u2019\u00e0 1\u00a0000 hectares<\/a> de photovolta\u00efque sur des zones naturelles ou agricoles \u00e0 travers diff\u00e9rents projets. <i>\u00ab<small class=\"fine d-inline\">\u00a0<\/small>C\u2019est une industrialisation de la ruralit\u00e9<small class=\"fine d-inline\">\u00a0<\/small>\u00bb<\/i>, souligne Isabelle Bourboulon, journaliste et membre du collectif local pour sauver la for\u00eat de la Seygne.<\/p>\n<div class=\"spip_document_88658 spip_document spip_documents spip_document_image spip_documents_center spip_document_center spip_document_avec_legende\" data-legende-len=\"202\" data-legende-lenx=\"xxx\">\n<figure class=\"spip_doc_inner\">\n      <picture><source type=\"image\/webp\" srcset=\"https:\/\/reporterre.net\/local\/cache-vignettes\/L1050xH700\/hl_llumineau004-d23e1.jpg@.webp?1739285807\"><img decoding=\"async\" src=\"https:\/\/reporterre.net\/IMG\/jpg\/hl_llumineau004.jpg\" width=\"1200\" height=\"800\" loading=\"lazy\" alt=\"\"\/><br \/>\n    <\/source><\/picture><figcaption class=\"spip_doc_legende\">\n<p>Richard Fay, ancien garde forestier et membre d\u2019Amilure, devant le tronc d\u2019un pin maritime d\u2019environ 75 ans et de 25 m\u00e8tres de haut, dans le bois de Seygne.<br \/>\n<i>\u00a9 L\u00e9onor Lumineau \/ Hans Lucas \/ Reporterre<\/i><\/p>\n<\/figcaption><\/figure>\n<\/p><\/div>\n<h2 class=\"spip\">Des juges en for\u00eat<\/h2>\n<p>La d\u00e9cision du conseil municipal est d\u2019autant plus importante qu\u2019elle suit un arr\u00eat de la cour administrative d\u2019appel de Marseille qui pourrait faire jurisprudence. Pris le 31\u00a0d\u00e9cembre dernier, il a annul\u00e9 l\u2019autorisation de d\u00e9frichement attribu\u00e9e par la pr\u00e9fecture. <i>\u00ab<small class=\"fine d-inline\">\u00a0<\/small>Cela donne raison \u00e0 nos positions<small class=\"fine d-inline\">\u00a0<\/small>\u00bb<\/i>, se r\u00e9jouit Pierre Lavoie, porte-parole de l\u2019association Les Amis de la montagne de Lure (Amilure), \u00e0 l\u2019origine de la proc\u00e9dure.<\/p>\n<p>Pour bien appr\u00e9hender le dossier de la for\u00eat d\u2019Ongles, la cour s\u2019y est d\u00e9plac\u00e9e d\u00e9but d\u00e9cembre, sur proposition du rapporteur public. Une d\u00e9marche plut\u00f4t rare, <i>\u00ab<small class=\"fine d-inline\">\u00a0<\/small>mise en pratique une vingtaine de fois depuis dix ans<\/i>, pr\u00e9cise la juridiction \u00e0 <i>Reporterre<\/i>. <i>Le dossier ne permettait pas, \u00e0 lui seul, d\u2019appr\u00e9cier correctement la situation du projet dans son environnement<small class=\"fine d-inline\">\u00a0<\/small>\u00bb<\/i>.<\/p>\n<div class=\"spip_document_88664 spip_document spip_documents spip_document_image spip_documents_center spip_document_center spip_document_avec_legende\" data-legende-len=\"166\" data-legende-lenx=\"xxx\">\n<figure class=\"spip_doc_inner\">\n      <picture><source type=\"image\/webp\" srcset=\"https:\/\/reporterre.net\/local\/cache-vignettes\/L1050xH700\/hl_llumineau015-8be3c.jpg@.webp?1739285728\"><img decoding=\"async\" src=\"https:\/\/reporterre.net\/IMG\/jpg\/hl_llumineau015.jpg\" width=\"1200\" height=\"800\" loading=\"lazy\" alt=\"\"\/><br \/>\n    <\/source><\/picture><figcaption class=\"spip_doc_legende\">\n<p>De g. \u00e0 d.\u00a0: Richard Fay, Pierre Lavoie et Pierre Honor\u00e9, membres d\u2019Amilure, dans le bois de Seygne, le 15\u00a0janvier 2025.<br \/>\n<i>\u00a9 L\u00e9onor Lumineau \/ Hans Lucas \/ Reporterre<\/i><\/p>\n<\/figcaption><\/figure>\n<\/p><\/div>\n<p>19\u00a0personnes ont donc d\u00e9ambul\u00e9 sur place\u00a0: juges, rapporteur public, avocats, repr\u00e9sentants des parties et leurs sp\u00e9cialistes de la for\u00eat, mais aussi sous-pr\u00e9f\u00e8te et repr\u00e9sentants de l\u2019Office national des for\u00eats (<span class=\"caps\">ONF<\/span>). Que ce soit Engie Green ou Amilure, chacun cherchait \u00e0 convaincre les juges. <i>\u00ab<small class=\"fine d-inline\">\u00a0<\/small>C\u2019\u00e9tait comme une pi\u00e8ce de Shakespeare avec des conversations dans tous les coins<small class=\"fine d-inline\">\u00a0<\/small>\u00bb<\/i>, se rem\u00e9more Pierre Lavoie.<\/p>\n<h2 class=\"spip\">Menace sur une zone humide exceptionnelle<\/h2>\n<p>En compagnie de membres d\u2019Amilure, <i>Reporterre<\/i> a visit\u00e9 ce site de la for\u00eat de Seygne \u00e0 la mi-janvier. <i>\u00ab<small class=\"fine d-inline\">\u00a0<\/small>Ici, les pins sont remarquables. Il faut aller dans la montagne Corse pour en trouver des \u00e9quivalents<small class=\"fine d-inline\">\u00a0<\/small>\u00bb<\/i>, explique Richard Fay, retrait\u00e9 de l\u2019<span class=\"caps\">ONF<\/span>, au pied des arbres imposants.<\/p>\n<p>Les couper menacerait une zone humide, selon le forestier. Situ\u00e9e en contrebas, dans le fond du vallon sur 32\u00a0hectares, elle pr\u00e9sente un caract\u00e8re exceptionnel sous un climat m\u00e9diterran\u00e9en. <i>\u00ab<small class=\"fine d-inline\">\u00a0<\/small>Si on supprime la for\u00eat, on supprime le r\u00e9ceptacle d\u2019eau qui alimente la zone humide<small class=\"fine d-inline\">\u00a0<\/small>\u00bb<\/i>, affirme Richard Fay.<\/p>\n<div class=\"spip_document_88661 spip_document spip_documents spip_document_image spip_documents_center spip_document_center spip_document_avec_legende\" data-legende-len=\"198\" data-legende-lenx=\"xxx\">\n<figure class=\"spip_doc_inner\">\n      <picture><source type=\"image\/webp\" srcset=\"https:\/\/reporterre.net\/local\/cache-vignettes\/L1050xH700\/hl_llumineau009-a0c19.jpg@.webp?1739285728\"><img decoding=\"async\" src=\"https:\/\/reporterre.net\/IMG\/jpg\/hl_llumineau009.jpg\" width=\"1200\" height=\"800\" loading=\"lazy\" alt=\"\"\/><br \/>\n    <\/source><\/picture><figcaption class=\"spip_doc_legende\">\n<p>La zone humide du bois de Seygne est quasi-unique dans le d\u00e9partement. On y trouve des lucanes, chauves-souris, col\u00e9opt\u00e8res aquatiques, libellules, etc.<br \/>\n<i>\u00a9 L\u00e9onor Lumineau \/ Hans Lucas \/ Reporterre<\/i><\/p>\n<\/figcaption><\/figure>\n<\/p><\/div>\n<p>Dans son arr\u00eat, la cour pr\u00e9cise que la visite <i>\u00ab<small class=\"fine d-inline\">\u00a0<\/small>a permis de confirmer [un] impact fort ainsi que la visualisation de la zone humide en raison de la pr\u00e9sence de molinie bleue et de mares d\u2019eau<small class=\"fine d-inline\">\u00a0<\/small>\u00bb<\/i>. La molinie bleu (<i>molinia caerulea<\/i>), <i>\u00ab<small class=\"fine d-inline\">\u00a0<\/small>c\u2019est cette grande herbe qui, malgr\u00e9 son nom, est jaune<small class=\"fine d-inline\">\u00a0<\/small>\u00bb<\/i>, explique Pierre Lavoie en nous montrons la plante dans une clairi\u00e8re. Le sol de cette petite prairie est souvent satur\u00e9 en eau, on y trouve ainsi <i>\u00ab<small class=\"fine d-inline\">\u00a0<\/small>des orchid\u00e9es ou des salamandres tachet\u00e9es<small class=\"fine d-inline\">\u00a0<\/small>\u00bb<\/i>, poursuit le forestier.<\/p>\n<h2 class=\"spip\">\u00ab<small class=\"fine d-inline\">\u00a0<\/small>Atteinte au bien-\u00eatre de la population<small class=\"fine d-inline\">\u00a0<\/small>\u00bb<\/h2>\n<p>Dans ses motivations, la cour administrative d\u2019appel a \u00e9galement retenu une <i>\u00ab<small class=\"fine d-inline\">\u00a0<\/small>atteinte au bien-\u00eatre de la population<small class=\"fine d-inline\">\u00a0<\/small>\u00bb<\/i>, en particulier sur les <i>\u00ab<small class=\"fine d-inline\">\u00a0<\/small>paysages form\u00e9s d\u2019une mosa\u00efque de pr\u00e8s, c\u00e9r\u00e9ales, lavandes, oliviers et domin\u00e9s par des villages perch\u00e9s<small class=\"fine d-inline\">\u00a0<\/small>\u00bb<\/i>, qui font la r\u00e9putation de la Haute-Provence. <i>\u00ab<small class=\"fine d-inline\">\u00a0<\/small>L\u2019introduction d\u2019\u00e9l\u00e9ments artificialisant et banalisant conduirait \u00e0 les d\u00e9naturer<small class=\"fine d-inline\">\u00a0<\/small>\u00bb<\/i>, pr\u00e9cise la cour. Ainsi, <i>\u00ab<small class=\"fine d-inline\">\u00a0<\/small>les enjeux vis-\u00e0-vis du tourisme sont consid\u00e9r\u00e9s comme fort<small class=\"fine d-inline\">\u00a0<\/small>\u00bb<\/i>, \u00e9crit-elle.<\/p>\n<div class=\"spip_document_88666 spip_document spip_documents spip_document_image spip_documents_center spip_document_center spip_document_avec_legende\" data-legende-len=\"171\" data-legende-lenx=\"xxx\">\n<figure class=\"spip_doc_inner\">\n      <picture><source type=\"image\/webp\" srcset=\"https:\/\/reporterre.net\/local\/cache-vignettes\/L1050xH700\/hl_llumineau020-ce24a.jpg@.webp?1739285728\"><img decoding=\"async\" src=\"https:\/\/reporterre.net\/IMG\/jpg\/hl_llumineau020.jpg\" width=\"1200\" height=\"800\" loading=\"lazy\" alt=\"\"\/><br \/>\n    <\/source><\/picture><figcaption class=\"spip_doc_legende\">\n<p>D\u2019autres projets photovolta\u00efques poussent dans le d\u00e9partement, comme le parc solaire de Cruis, situ\u00e9 sur la montagne de Lure.<br \/>\n<i>\u00a9 L\u00e9onor Lumineau \/ Hans Lucas \/ Reporterre<\/i><\/p>\n<\/figcaption><\/figure>\n<\/p><\/div>\n<p>Le chemin de grande randonn\u00e9e (<span class=\"caps\">GR<\/span>) de la montagne de Lure traverse l\u2019emprise du projet et aurait d\u00fb \u00eatre d\u00e9plac\u00e9. <i>\u00ab<small class=\"fine d-inline\">\u00a0<\/small>Ici, il y a des randonneurs et des ramasseurs de champignons. C\u2019est notre qualit\u00e9 de vie qui est en jeu<small class=\"fine d-inline\">\u00a0<\/small>\u00bb<\/i>, consid\u00e8re Isabelle Bourboulon.<\/p>\n<p>La maire d\u2019Ongles, Maryse Blanc-Ventre, dit avoir d\u00e9couvert l\u2019existence de la zone humide. Elle plaide pour sa mise en valeur au moyen de <i>\u00ab<small class=\"fine d-inline\">\u00a0<\/small>panneaux de m\u00e9diation<small class=\"fine d-inline\">\u00a0<\/small>\u00bb<\/i>. Mais la commune ne pourrait pas les financer toute seule. <i>\u00ab<small class=\"fine d-inline\">\u00a0<\/small>Quand on engage ce d\u00e9bat [financier], il n\u2019y a plus personne<small class=\"fine d-inline\">\u00a0<\/small>\u00bb<\/i>, s\u2019\u00e9meut-elle.<\/p>\n<h2 class=\"spip\">D\u00e9pendance financi\u00e8re des communes<\/h2>\n<p>Comme beaucoup d\u2019autres, sa commune rurale manque de recettes. Alors pour favoriser les finances, la maire d\u00e9fendait un projet d\u2019Engie Green selon elle raisonnable, sur une superficie restreinte. Le loyer projet\u00e9 \u00e9tait de 10\u00a0000 euros par hectare et par an. Les atteintes au paysage paraissaient ma\u00eetris\u00e9es aux yeux de Maryse Blanc-Ventre. Pourtant, la cour a constat\u00e9 <i>\u00ab<small class=\"fine d-inline\">\u00a0<\/small>une visibilit\u00e9 directe du projet depuis le site class\u00e9 de l\u2019ancien village m\u00e9di\u00e9val de Vi\u00e8re<small class=\"fine d-inline\">\u00a0<\/small>\u00bb<\/i>, dont la maire valorise le patrimoine. Un argument qu\u2019elle conteste. <i>\u00ab<small class=\"fine d-inline\">\u00a0<\/small>Il n\u2019y avait pas de covisibilit\u00e9 avec l\u2019ancien village de Vi\u00e8re. Pour moi, c\u2019\u00e9tait r\u00e9dhibitoire qu\u2019il y en ait une<small class=\"fine d-inline\">\u00a0<\/small>\u00bb<\/i>, affirme-t-elle.<\/p>\n<p>La maire assure avoir demand\u00e9 des mesures compensatoires \u00e0 Engie Green qui <i>\u00ab<small class=\"fine d-inline\">\u00a0<\/small>r\u00e9investirait sur [sa] for\u00eat communale<small class=\"fine d-inline\">\u00a0<\/small>\u00bb<\/i>. <i>\u00ab<small class=\"fine d-inline\">\u00a0<\/small>Il y a des am\u00e9nagements de pistes \u00e0 faire pour la d\u00e9fense incendie. Dans la for\u00eat de la Seygne, il y a z\u00e9ro citerne incendie. Je demandais des mesures que l\u2019on ne pouvait pas se payer.<small class=\"fine d-inline\">\u00a0<\/small>\u00bb<\/i><\/p>\n<p>Jusqu\u2019\u00e0 ce que le couperet de la municipalit\u00e9 ne tombe, Engie Green envisageait un recours devant le Conseil d\u2019\u00c9tat, jusqu\u2019\u00e0 fin f\u00e9vrier. <i>\u00ab<small class=\"fine d-inline\">\u00a0<\/small>Nous prenons acte de cette d\u00e9cision [de justice] [&#8230;]. Nous \u00e9tudions les suites possibles \u00e0 y donner<small class=\"fine d-inline\">\u00a0<\/small>\u00bb<\/i>, indiquait-elle \u00e0 <i>Reporterre<\/i>, fin janvier. Recontact\u00e9e suite au conseil municipal, elle n\u2019a pas souhait\u00e9 ajouter de nouvelles pr\u00e9cisions.<\/p>\n<p><center><br \/>\n  <\/p>\n<p><\/center><\/p>\n<aside class=\"boite_encarts\">\n<div class=\"encart encart_gris noprint\">\n<p><strong>Puisque vous \u00eates l\u00e0&#8230;<\/strong><\/p>\n<p>&#8230; nous avons un petit service \u00e0 vous demander.<br class=\"autobr\"\/><br \/>\nEntre la pr\u00e9sence d\u2019un climatosceptique \u00e0 la t\u00eate de la premi\u00e8re puissance mondiale, un gouvernement fran\u00e7ais qui flirte avec l\u2019extr\u00eame-droite, et les catastrophes climatiques qui s\u2019enchainent&#8230; Faire vivre l\u2019\u00e9cologie dans le d\u00e9bat public est un enjeu crucial.<\/p>\n<p>Personne ne modifie ce que nous publions. Nous n\u2019avons ni actionnaire, ni propri\u00e9taire milliardaire \u2014 seulement une \u00e9quipe d\u2019irr\u00e9ductibles journalistes, pleine de d\u00e9termination.<\/p>\n<p>Nous avons la conviction que l\u2019urgence \u00e9cologique est l\u2019enjeu majeur de notre \u00e9poque. Et comme plus de 2 millions de lectrices et lecteurs chaque mois, vous partagez sans doute cette conviction&#8230;<\/p>\n<p><strong>Depuis 12 ans, nous publions des articles de qualit\u00e9 sur l\u2019\u00e9cologie, en acc\u00e8s libre et sans publicit\u00e9, pour tous.<\/strong><br class=\"autobr\"\/><br \/>\nMais ce travail demande beaucoup de temps et de ressources.<\/p>\n<p>Alors, si vous en avez les moyens, sachez qu\u2019un don, m\u00eame d\u20191\u20ac, est un acte de soutien fort pour l\u2019\u00e9cologie et le journalisme ind\u00e9pendant.<br class=\"autobr\"\/><br \/>\n(Et \u00e7a vous prendra moins de temps que la lecture de ce texte).<\/p>\n<p><strong>Si vous le pouvez, choisissez un soutien mensuel. Merci.<\/strong><\/p>\n<p><a target=\"_blank\" href=\"https:\/\/reporterre.net\/dons\" class=\"bt_soutenir\">Je soutiens <i>Reporterre<\/i><\/a><\/p>\n<\/p><\/div>\n<div class=\"encart encart_vert noprint montre_1023\">\n<div class=\"infolettre-form-container noprint\">\n<p>Abonnez-vous \u00e0 la lettre d\u2019info de Reporterre<\/p>\n<\/div><\/div>\n<\/aside>\n<aside class=\"boite_apresarticle encart_note\">\n<\/aside>\n<aside class=\"boite_complement texte\">\n<p>      <!-- zone_forum --><br \/>\n          <\/aside>\n<aside class=\"boite_lireaussi noprint\">\n<\/aside>\n<aside class=\"colonne\">\n<div class=\"article_info cache_1023 noprint\">\n<p>    <span class=\"date\">11 f\u00e9vrier 2025  \u00e0 17h28<\/span><\/p>\n<p class=\"duree_lecture\">\n        Dur\u00e9e de lecture : 5 minutes\n      <\/p>\n<\/p><\/div>\n<div class=\"bloc_infolettre\">\n<div class=\"infolettre-form-container noprint\">\n<p>Abonnez-vous \u00e0 la lettre d\u2019info de Reporterre<\/p>\n<\/div><\/div>\n<\/aside><\/div>\n<p><br \/>\n<br \/><a href=\"https:\/\/reporterre.net\/Raser-une-foret-pour-des-panneaux-solaires-Ils-font-plier-Engie\" target=\"_blank\"\">Source link <\/a><\/p>\n","protected":false},"excerpt":{"rendered":"<p>Ongles (Alpes-de-Haute-Provence), reportage \u00ab\u00a0C\u2019est une affaire qui va faire r\u00e9fl\u00e9chir les petits maires d\u00e9march\u00e9s par les fournisseurs d\u2019\u00e9lectricit\u00e9\u00a0\u00bb, se r\u00e9jouit Isabelle Bourboulon, opposante aux centrales solaires dans la montagne de&hellip; <\/p>\n","protected":false},"author":1,"featured_media":2397,"comment_status":"open","ping_status":"open","sticky":false,"template":"","format":"standard","meta":{"footnotes":""},"categories":[1],"tags":[],"class_list":["post-2396","post","type-post","status-publish","format-standard","has-post-thumbnail","hentry","category-non-classe"],"_links":{"self":[{"href":"https:\/\/monde25.info\/index.php\/wp-json\/wp\/v2\/posts\/2396","targetHints":{"allow":["GET"]}}],"collection":[{"href":"https:\/\/monde25.info\/index.php\/wp-json\/wp\/v2\/posts"}],"about":[{"href":"https:\/\/monde25.info\/index.php\/wp-json\/wp\/v2\/types\/post"}],"author":[{"embeddable":true,"href":"https:\/\/monde25.info\/index.php\/wp-json\/wp\/v2\/users\/1"}],"replies":[{"embeddable":true,"href":"https:\/\/monde25.info\/index.php\/wp-json\/wp\/v2\/comments?post=2396"}],"version-history":[{"count":0,"href":"https:\/\/monde25.info\/index.php\/wp-json\/wp\/v2\/posts\/2396\/revisions"}],"wp:featuredmedia":[{"embeddable":true,"href":"https:\/\/monde25.info\/index.php\/wp-json\/wp\/v2\/media\/2397"}],"wp:attachment":[{"href":"https:\/\/monde25.info\/index.php\/wp-json\/wp\/v2\/media?parent=2396"}],"wp:term":[{"taxonomy":"category","embeddable":true,"href":"https:\/\/monde25.info\/index.php\/wp-json\/wp\/v2\/categories?post=2396"},{"taxonomy":"post_tag","embeddable":true,"href":"https:\/\/monde25.info\/index.php\/wp-json\/wp\/v2\/tags?post=2396"}],"curies":[{"name":"wp","href":"https:\/\/api.w.org\/{rel}","templated":true}]}}