{"id":2398,"date":"2025-02-11T18:59:43","date_gmt":"2025-02-11T17:59:43","guid":{"rendered":"https:\/\/monde25.info\/index.php\/2025\/02\/11\/242-millions-deleves-impactes-par-le-climat-en-2024\/"},"modified":"2025-02-11T18:59:43","modified_gmt":"2025-02-11T17:59:43","slug":"242-millions-deleves-impactes-par-le-climat-en-2024","status":"publish","type":"post","link":"https:\/\/monde25.info\/index.php\/2025\/02\/11\/242-millions-deleves-impactes-par-le-climat-en-2024\/","title":{"rendered":"242 millions d\u2019\u00e9l\u00e8ves impact\u00e9s par le climat en 2024"},"content":{"rendered":"<p> <br \/>\n<\/p>\n<div>\n<div class=\"td-post-featured-image\"><img loading=\"lazy\" decoding=\"async\" width=\"696\" height=\"464\" class=\"entry-thumb\" src=\"https:\/\/mrmondialisation.org\/wp-content\/uploads\/2025\/03\/school-298681-1280-696x464.jpg\" srcset=\"https:\/\/mrmondialisation.org\/wp-content\/uploads\/2025\/03\/school-298681-1280-696x464.jpg 696w, https:\/\/mrmondialisation.org\/wp-content\/uploads\/2025\/03\/school-298681-1280-1024x682.jpg 1024w, https:\/\/mrmondialisation.org\/wp-content\/uploads\/2025\/03\/school-298681-1280-768x512.jpg 768w, https:\/\/mrmondialisation.org\/wp-content\/uploads\/2025\/03\/school-298681-1280-1068x712.jpg 1068w, https:\/\/mrmondialisation.org\/wp-content\/uploads\/2025\/03\/school-298681-1280-630x420.jpg 630w, https:\/\/mrmondialisation.org\/wp-content\/uploads\/2025\/03\/school-298681-1280.jpg 1280w\" sizes=\"auto, (max-width: 696px) 100vw, 696px\" alt=\"\" title=\"\"\/><\/div>\n<div class=\"td-a-rec td-a-rec-id-content_top_mob \"><span class=\"td-adspot-title\">&#8211; Information &#8211;<\/span><a target=\"_blank\" href=\"https:\/\/fr.tipeee.com\/mr-mondialisation\" class=\"tipeee-project-small\">Soutenir Mr Japanization sur Tipeee<\/a>\n<\/div>\n<h4><b>En 2024, c\u2019est plus de 242 millions d\u2019enfants ont vu leur scolarit\u00e9 perturb\u00e9e par des \u00e9v\u00e9nements m\u00e9t\u00e9orologiques extr\u00eames, estime l\u2019UNICEF. Selon les r\u00e9gions du globe, les vagues de chaleur, les cyclones tropicaux, les temp\u00eates, les inondations ou encore les s\u00e9cheresses ont contribu\u00e9 \u00e0 exacerber une <strong><em>\u00ab <\/em><\/strong><\/b><b><i>crise de l\u2019apprentissage <span style=\"font-weight: 400;\">\u00bb<\/span><\/i><\/b><b>\u00a0d\u00e9j\u00e0 alarmante. D\u00e9cryptage.<\/b><\/h4>\n<p><a target=\"_blank\" href=\"https:\/\/www.unicef.org\/media\/167196\/file\/Global-snapshot-climate-related-school-disruptions-2024.pdf\">Le rapport de l\u2019UNICEF<\/a>, publi\u00e9 \u00e0 l\u2019occasion de la Journ\u00e9e internationale de l\u2019\u00e9ducation, le 24 janvier 2025, d\u00e9crit <strong><a target=\"_blank\" href=\"https:\/\/mrmondialisation.org\/la-pollution-a-lecole-genere-30-000-cas-dasthme-par-an\/\">l\u2019impact des al\u00e9as climatiques sur les enfants et leur scolarit\u00e9<\/a> pour la premi\u00e8re fois \u00e0 l\u2019\u00e9chelle de la plan\u00e8te.\u00a0<\/strong><\/p>\n<p><span style=\"font-weight: 400;\">Le chiffre est gigantesque : au moins 242 millions d\u2019\u00e9l\u00e8ves<strong> issus de 85 pays<\/strong> ont vu leur scolarit\u00e9 perturb\u00e9e par des ph\u00e9nom\u00e8nes climatiques extr\u00eames l\u2019ann\u00e9e derni\u00e8re. <\/span><\/p>\n<h2><b>Des perturbations scolaires \u00e0 n\u2019en plus finir<\/b><\/h2>\n<p><span style=\"font-weight: 400;\"><strong>De la fermeture temporaire au changement d\u2019horaire<\/strong> entra\u00eenant la r\u00e9duction d\u2019heures de cours, en passant par l\u2019avancement du d\u00e9but des vacances, le retard dans la r\u00e9ouverture des \u00e9coles ou <strong>la pure et simple destruction des salles de classe<\/strong>, le rapport analyse les <em>\u00ab <\/em><\/span><i><span style=\"font-weight: 400;\">perturbations scolaires \u00bb<\/span><\/i><span style=\"font-weight: 400;\">\u00a0sp\u00e9cifiques \u00e0 chaque pays <strong>de janvier \u00e0 d\u00e9cembre 2024.\u00a0<\/strong><\/span><\/p>\n<p><span style=\"font-weight: 400;\"><em>\u00ab <\/em><\/span><i><span style=\"font-weight: 400;\"><strong>Les enfants ne peuvent pas se concentrer dans des classes qui n\u2019offrent aucun r\u00e9pit face \u00e0 la chaleur \u00e9touffante,<\/strong> et ils ne peuvent pas non plus se rendre \u00e0 l\u2019\u00e9cole si la route est sous l\u2019eau ou si <strong>leur \u00e9tablissement a \u00e9t\u00e9 emport\u00e9 par les crues<\/strong><\/span><\/i><span style=\"font-weight: 400;\"> \u00bb, explique Catherine Russell, Directrice g\u00e9n\u00e9rale de l\u2019UNICEF, dans un communiqu\u00e9. <\/span><\/p>\n<p><span style=\"font-weight: 400;\">Le rapport pointe <strong>la n\u00e9cessit\u00e9 de renforcer la r\u00e9silience des \u00e9tablissements scolaires face aux al\u00e9as climatiques de plus en plus nombreux.<\/strong><\/span><\/p>\n<figure id=\"attachment_715071\" aria-describedby=\"caption-attachment-715071\" style=\"width: 1024px\" class=\"wp-caption alignnone\"><img fetchpriority=\"high\" decoding=\"async\" class=\"size-medium wp-image-715071\" src=\"https:\/\/mrmondialisation.org\/wp-content\/uploads\/2025\/03\/capture-decran-2025-02-03-a-142131-2-1024x689.jpeg\" alt=\"\" width=\"1024\" height=\"689\" srcset=\"https:\/\/mrmondialisation.org\/wp-content\/uploads\/2025\/03\/capture-decran-2025-02-03-a-142131-2-1024x689.jpeg 1024w, https:\/\/mrmondialisation.org\/wp-content\/uploads\/2025\/03\/capture-decran-2025-02-03-a-142131-2-768x516.jpeg 768w, https:\/\/mrmondialisation.org\/wp-content\/uploads\/2025\/03\/capture-decran-2025-02-03-a-142131-2-696x468.jpeg 696w, https:\/\/mrmondialisation.org\/wp-content\/uploads\/2025\/03\/capture-decran-2025-02-03-a-142131-2-1068x718.jpeg 1068w, https:\/\/mrmondialisation.org\/wp-content\/uploads\/2025\/03\/capture-decran-2025-02-03-a-142131-2-625x420.jpeg 625w, https:\/\/mrmondialisation.org\/wp-content\/uploads\/2025\/03\/capture-decran-2025-02-03-a-142131-2.jpeg 1200w\" sizes=\"(max-width: 1024px) 100vw, 1024px\"\/><figcaption id=\"caption-attachment-715071\" class=\"wp-caption-text\">Cr\u00e9dits : UNICEF, Learning interrupted: Global snapshot of climate-related school disruptions in 2024, 2025.<\/figcaption><\/figure>\n<h2><b>Les vagues de chaleur, premi\u00e8res responsables<\/b><\/h2>\n<p><span style=\"font-weight: 400;\">\u00c0 c\u00f4t\u00e9 des cyclones tropicaux, des temp\u00eates, des inondations ou encore les s\u00e9cheresses, ce sont <strong>les vagues de chaleur qui sont les premi\u00e8res responsables de la fermeture des \u00e9coles.<\/strong> <em>\u00ab <\/em><\/span><i><span style=\"font-weight: 400;\">118 millions d\u2019\u00e9l\u00e8ves ont \u00e9t\u00e9 concern\u00e9s au mois d\u2019avril 2024, notamment au Bangladesh, aux Philippines et au Cambodge \u00bb<\/span><\/i><span style=\"font-weight: 400;\">, d\u00e9taille le rapport. <\/span><\/p>\n<blockquote>\n<p><strong><i><span style=\"font-weight: 400;\"><em>\u00ab <\/em><\/span>En mai, dans certaines r\u00e9gions d\u2019Asie du Sud, la temp\u00e9rature a atteint 47 degr\u00e9s, exposant les enfants \u00e0 un risque d\u2019hyperthermie \u00bb<\/i>.<\/strong><\/p>\n<\/blockquote>\n<p><span style=\"font-weight: 400;\">Mais<strong> c\u2019est en septembre, un mois qui marque le d\u00e9but de l\u2019ann\u00e9e scolaire dans de nombreuses r\u00e9gions du monde, que les perturbations ont \u00e9t\u00e9 les plus nombreuses.<\/strong> <em>\u00ab <\/em><\/span><i><span style=\"font-weight: 400;\">Au moins 16 pays ont en effet d\u00fb interrompre l\u2019enseignement \u00e0 ce moment cl\u00e9 en raison de ph\u00e9nom\u00e8nes m\u00e9t\u00e9orologiques extr\u00eames, notamment du <strong>typhon Yagi,<\/strong> lequel a eu un impact sur 16 millions d\u2019enfants en Asie de l\u2019Est et dans le Pacifique \u00bb<\/span><\/i><span style=\"font-weight: 400;\">.<\/span><\/p>\n<p><iframe loading=\"lazy\" title=\"Les images du d\u00e9vastateur typhon Yagi, le plus puissant \u00e0 frapper le Vietnam depuis 30 ans\" width=\"1110\" height=\"624\" src=\"https:\/\/www.youtube.com\/embed\/2KDSmDQC-UA?feature=oembed\" frameborder=\"0\" allow=\"accelerometer; autoplay; clipboard-write; encrypted-media; gyroscope; picture-in-picture; web-share\" referrerpolicy=\"strict-origin-when-cross-origin\" allowfullscreen><\/iframe><\/p>\n<h2><b>Tour d\u2019horizon des perturbations<\/b><\/h2>\n<div class=\"td-a-rec td-a-rec-id-content_inline_mob \"><span class=\"td-adspot-title\">&#8211; Information &#8211;<\/span><a target=\"_blank\" href=\"https:\/\/fr.tipeee.com\/mr-mondialisation\" class=\"tipeee-project-small\">Soutenir Mr Japanization sur Tipeee<\/a>\n<\/div>\n<p><span style=\"font-weight: 400;\">\u00c0 l\u2019\u00e9chelle de l\u2019ann\u00e9e, <a target=\"_blank\" href=\"https:\/\/mrmondialisation.org\/fermeture-des-ecoles-a-katmandou-quand-la-pollution-de-lair-devient-insoutenable\/\"><strong>la r\u00e9gion du monde la plus touch\u00e9e reste l\u2019Asie du Sud,<\/strong><\/a> <em>\u00ab <\/em><\/span><i>o\u00f9 128 millions d\u2019\u00e9l\u00e8ves ont vu leur scolarit\u00e9 boulevers\u00e9e par des \u00e9v\u00e9nements climatiques \u00bb<\/i><span style=\"font-weight: 400;\">. Avec plus de 30 millions d\u2019\u00e9l\u00e8ves concern\u00e9s, <strong>l\u2019Am\u00e9rique latine et les Cara\u00efbes ont \u00e9galement connu d\u2019importantes perturbations scolaires,<\/strong> <em>\u00ab <\/em><\/span><i><span style=\"font-weight: 400;\">en raison d\u2019une combinaison de vagues de chaleur, d\u2019inondations, de temp\u00eates et de cyclones \u00bb<\/span><\/i><span style=\"font-weight: 400;\">, souligne le rapport.\u00a0<\/span><\/p>\n<p><span style=\"font-weight: 400;\">En Afrique, <strong>le ph\u00e9nom\u00e8ne El Ni\u00f1o a eu des cons\u00e9quences dramatiques pour les \u00e9l\u00e8ves, provoquant notamment de fortes pluies et des inondations fr\u00e9quentes<\/strong> \u00e0 l\u2019Est du continent, alors que l\u2019Afrique australe a connu de graves s\u00e9cheresses.<\/span><\/p>\n<p><span style=\"font-weight: 400;\">Avec la fermeture des salles de classe, <strong>les enfants s\u2019exposent \u00e0 de nombreux risques, au-del\u00e0 d\u2019un ralentissement de leur apprentissage.<\/strong> Ainsi, <em>\u00ab <\/em><\/span><i><span style=\"font-weight: 400;\">dans les contextes fragiles, la fermeture prolong\u00e9e des \u00e9coles r\u00e9duit la probabilit\u00e9 de rescolarisation pour les \u00e9l\u00e8ves et <strong>les expose \u00e0 un risque accru de mariage pr\u00e9coce et de travail des enfants \u00bb<\/strong><\/span><\/i><span style=\"font-weight: 400;\">, d\u00e9taille l\u2019agence onusienne.\u00a0<\/span><\/p>\n<figure id=\"attachment_715072\" aria-describedby=\"caption-attachment-715072\" style=\"width: 1024px\" class=\"wp-caption alignnone\"><img loading=\"lazy\" decoding=\"async\" class=\"size-medium wp-image-715072\" src=\"https:\/\/mrmondialisation.org\/wp-content\/uploads\/2025\/03\/capture-decran-2025-02-03-a-142028-1024x540.jpeg\" alt=\"\" width=\"1024\" height=\"540\" srcset=\"https:\/\/mrmondialisation.org\/wp-content\/uploads\/2025\/03\/capture-decran-2025-02-03-a-142028-1024x540.jpeg 1024w, https:\/\/mrmondialisation.org\/wp-content\/uploads\/2025\/03\/capture-decran-2025-02-03-a-142028-768x405.jpeg 768w, https:\/\/mrmondialisation.org\/wp-content\/uploads\/2025\/03\/capture-decran-2025-02-03-a-142028-696x367.jpeg 696w, https:\/\/mrmondialisation.org\/wp-content\/uploads\/2025\/03\/capture-decran-2025-02-03-a-142028-1068x563.jpeg 1068w, https:\/\/mrmondialisation.org\/wp-content\/uploads\/2025\/03\/capture-decran-2025-02-03-a-142028-796x420.jpeg 796w, https:\/\/mrmondialisation.org\/wp-content\/uploads\/2025\/03\/capture-decran-2025-02-03-a-142028.jpeg 1200w\" sizes=\"auto, (max-width: 1024px) 100vw, 1024px\"\/><figcaption id=\"caption-attachment-715072\" class=\"wp-caption-text\">Cr\u00e9dits : UNICEF, Learning interrupted: Global snapshot of climate-related school disruptions in 2024, 2025.<\/figcaption><\/figure>\n<h2><b>Fermeture des \u00e9coles et violences de genre<\/b><\/h2>\n<p><span style=\"font-weight: 400;\">Ce sont en particulier <strong>les filles qui sont touch\u00e9es de mani\u00e8re disproportionn\u00e9e par ces ph\u00e9nom\u00e8nes.<\/strong> Pendant et apr\u00e8s les catastrophes, elles font face \u00e0 <strong><em>\u00ab <\/em><\/strong><\/span><strong><i>des risques plus \u00e9lev\u00e9s de d\u00e9scolarisation \u00bb<\/i> et <em>\u00ab <\/em><i>de violence li\u00e9e au genre \u00bb<\/i><\/strong><span style=\"font-weight: 400;\">. <em>\u00ab <\/em><\/span><i><span style=\"font-weight: 400;\">En \u00c9thiopie et au Kenya par exemple, <strong>le mariage d\u2019enfants a augment\u00e9 de plus de 90 %<\/strong> dans les r\u00e9gions les plus touch\u00e9es par la s\u00e9cheresse en 2021, for\u00e7ant les filles \u00e0 quitter l\u2019\u00e9cole <strong>\u00bb<\/strong><\/span><\/i><span style=\"font-weight: 400;\">, regrettent les auteurs du rapport.\u00a0<\/span><\/p>\n<p><span style=\"font-weight: 400;\">Finalement, <strong>les al\u00e9as climatiques exacerbent une <em>\u00ab <\/em><\/strong><\/span><strong><i>crise de l\u2019apprentissage \u00bb<\/i><\/strong><span style=\"font-weight: 400;\"><strong>\u00a0d\u00e9j\u00e0 existante, caus\u00e9e par une p\u00e9nurie d\u2019enseignants, des classes surcharg\u00e9es et de grandes disparit\u00e9s<\/strong> observ\u00e9es dans la qualit\u00e9 des apprentissages. Aujourd\u2019hui, selon les donn\u00e9es disponibles, <strong><em>\u00ab <\/em><\/strong><\/span><strong><i>deux tiers des enfants de 10 ans \u00e0 travers le monde ne peuvent pas lire et comprendre [un texte simple] <\/i><\/strong><span style=\"font-weight: 400;\"><strong><i>\u00bb<\/i><\/strong>, estime le rapport.\u00a0<\/span><\/p>\n<figure id=\"attachment_714877\" aria-describedby=\"caption-attachment-714877\" style=\"width: 1024px\" class=\"wp-caption alignnone\"><img loading=\"lazy\" decoding=\"async\" class=\"size-medium wp-image-714877\" src=\"https:\/\/mrmondialisation.org\/wp-content\/uploads\/2025\/02\/kindergarten-2456159-1280-1024x683.jpg\" alt=\"\" width=\"1024\" height=\"683\" srcset=\"https:\/\/mrmondialisation.org\/wp-content\/uploads\/2025\/02\/kindergarten-2456159-1280-1024x683.jpg 1024w, https:\/\/mrmondialisation.org\/wp-content\/uploads\/2025\/02\/kindergarten-2456159-1280-768x512.jpg 768w, https:\/\/mrmondialisation.org\/wp-content\/uploads\/2025\/02\/kindergarten-2456159-1280-696x464.jpg 696w, https:\/\/mrmondialisation.org\/wp-content\/uploads\/2025\/02\/kindergarten-2456159-1280-1068x713.jpg 1068w, https:\/\/mrmondialisation.org\/wp-content\/uploads\/2025\/02\/kindergarten-2456159-1280-630x420.jpg 630w, https:\/\/mrmondialisation.org\/wp-content\/uploads\/2025\/02\/kindergarten-2456159-1280.jpg 1280w\" sizes=\"auto, (max-width: 1024px) 100vw, 1024px\"\/><figcaption id=\"caption-attachment-714877\" class=\"wp-caption-text\">D\u2019apr\u00e8s les Nations Unies, il faudrait 100 milliards de dollars de financements annuels en plus pour atteindre les cibles fix\u00e9es dans le cadre des objectifs de d\u00e9veloppement durable (ODD) en ce qui concerne l\u2019\u00e9ducation dans les pays \u00e0 revenu faible et interm\u00e9diaire de la tranche inf\u00e9rieure. \u2013 Cr\u00e9dits : UNICEF, Learning interrupted: Global snapshot of climate-related school disruptions in 2024, 2025.<\/figcaption><\/figure>\n<p><span style=\"font-weight: 400;\">Si ces difficult\u00e9s privent les enfants de leur droit \u00e0 l\u2019apprentissage, elles exercent\u00a0 aussi indirectement <strong>une pression suppl\u00e9mentaire sur les parents, les tuteurs et les enseignants, exacerbant les vuln\u00e9rabilit\u00e9s des communaut\u00e9s touch\u00e9es par les conflits, les d\u00e9placements et les migrations.\u00a0<\/strong><\/span><\/p>\n<h2><b>L\u2019\u00e9ducation, enjeu crucial du changement climatique<\/b><\/h2>\n<p><a target=\"_blank\" href=\"https:\/\/mrmondialisation.org\/leducation-delaissee-par-letat-une-directrice-decole-temoigne\/\"><span style=\"font-weight: 400;\">Souvent <em>\u00ab <\/em><\/span><i><span style=\"font-weight: 400;\">n\u00e9glig\u00e9e dans les discussions politiques \u00bb<\/span><\/i><\/a><span style=\"font-weight: 400;\">, <strong>l\u2019\u00e9ducation se r\u00e9v\u00e8le pourtant fondamentale<\/strong> dans la mise en place de strat\u00e9gies d\u2019att\u00e9nuation et d\u2019adaptation face \u00e0 au d\u00e9fi climatique. \u00c0 cet \u00e9gard, <strong>l\u2019UNICEF souhaite que tout soit entrepris pour garantir la r\u00e9sistance des \u00e9coles aux chocs climatiques<\/strong> dans un contexte d\u2019acc\u00e9l\u00e9ration du r\u00e9chauffement plan\u00e9taire. <\/span><\/p>\n<blockquote>\n<p><strong><span style=\"font-weight: 400;\"><em>\u00ab <\/em><\/span><i>Cela signifie qu\u2019il faut veiller \u00e0 ce que les b\u00e2timents scolaires soient s\u00fbrs, que les enfants aient des options d\u2019apprentissage \u00e0 distance si les \u00e9coles doivent fermer et que les enseignants soient \u00e9quip\u00e9s pour enseigner le changement climatique et la r\u00e9duction des risques de catastrophe \u00bb<\/i><\/strong><\/p>\n<\/blockquote>\n<p><span style=\"font-weight: 400;\">Au mois de novembre, l\u2019institution des Nations-Unies tirait d\u00e9j\u00e0 la sonnette d\u2019alarme \u00e0 l\u2019occasion de la sortie de <\/span><a target=\"_blank\" href=\"https:\/\/www.unicef.org\/fr\/rapports\/situation-enfants-dans-le-monde-2024\"><span style=\"font-weight: 400;\">son \u00e9tude sur la situation des enfants \u00e0 travers le monde<\/span><\/a><span style=\"font-weight: 400;\"> :\u00a0 par rapport au d\u00e9but du si\u00e8cle actuel, <strong><a target=\"_blank\" href=\"https:\/\/mrmondialisation.org\/egalite-chaleur\/\">huit fois plus d\u2019enfants seront expos\u00e9s \u00e0 des vagues de chaleur extr\u00eames entre 20250 et 2059.<\/a> <\/strong>\u00c0 la lumi\u00e8re de ces projections, <em>\u00ab <\/em><\/span><i><span style=\"font-weight: 400;\">l\u2019avenir des enfants doit \u00eatre au c\u0153ur de l\u2019ensemble des plans et des actions en mati\u00e8re de climat \u00bb<\/span><\/i><span style=\"font-weight: 400;\">, d\u00e9fend Catherine Russell.<\/span><\/p>\n<p style=\"text-align: right;\"><strong><em>\u2013 L. A.<\/em><\/strong><\/p>\n<hr\/>\n<p>Photo de couverture : <a target=\"_blank\" href=\"https:\/\/pixabay.com\/fr\/photos\/l%C3%A9cole-garderie-enfants-inde-298681\/\">Inde. Pixabay<\/a><\/p>\n<div class=\"td-a-rec td-a-rec-id-content_bottom_mob \"><span class=\"td-adspot-title\">&#8211; Information &#8211;<\/span><\/p>\n<div class=\"td-all-devices\">\n    <a target=\"_blank\" href=\"https:\/\/mrmondialisation.org\/donation\/\" title=\"Faire_un_don\"><img decoding=\"async\" class=\"donationArticle\" src=\"https:\/\/mrmondialisation.org\/wp-content\/uploads\/2022\/12\/220405-flikalicious-final.jpg\" alt=\"Donation\"\/><\/a>\n<\/div>\n<\/div><\/div>\n<p><br \/>\n<br \/><a href=\"https:\/\/mrmondialisation.org\/climat-2024-ecole\/\" target=\"_blank\"\">Source link <\/a><\/p>\n","protected":false},"excerpt":{"rendered":"<p>&#8211; Information &#8211;Soutenir Mr Japanization sur Tipeee En 2024, c\u2019est plus de 242 millions d\u2019enfants ont vu leur scolarit\u00e9 perturb\u00e9e par des \u00e9v\u00e9nements m\u00e9t\u00e9orologiques extr\u00eames, estime l\u2019UNICEF. Selon les r\u00e9gions&hellip; <\/p>\n","protected":false},"author":1,"featured_media":2399,"comment_status":"open","ping_status":"open","sticky":false,"template":"","format":"standard","meta":{"footnotes":""},"categories":[1],"tags":[],"class_list":["post-2398","post","type-post","status-publish","format-standard","has-post-thumbnail","hentry","category-non-classe"],"_links":{"self":[{"href":"https:\/\/monde25.info\/index.php\/wp-json\/wp\/v2\/posts\/2398","targetHints":{"allow":["GET"]}}],"collection":[{"href":"https:\/\/monde25.info\/index.php\/wp-json\/wp\/v2\/posts"}],"about":[{"href":"https:\/\/monde25.info\/index.php\/wp-json\/wp\/v2\/types\/post"}],"author":[{"embeddable":true,"href":"https:\/\/monde25.info\/index.php\/wp-json\/wp\/v2\/users\/1"}],"replies":[{"embeddable":true,"href":"https:\/\/monde25.info\/index.php\/wp-json\/wp\/v2\/comments?post=2398"}],"version-history":[{"count":0,"href":"https:\/\/monde25.info\/index.php\/wp-json\/wp\/v2\/posts\/2398\/revisions"}],"wp:featuredmedia":[{"embeddable":true,"href":"https:\/\/monde25.info\/index.php\/wp-json\/wp\/v2\/media\/2399"}],"wp:attachment":[{"href":"https:\/\/monde25.info\/index.php\/wp-json\/wp\/v2\/media?parent=2398"}],"wp:term":[{"taxonomy":"category","embeddable":true,"href":"https:\/\/monde25.info\/index.php\/wp-json\/wp\/v2\/categories?post=2398"},{"taxonomy":"post_tag","embeddable":true,"href":"https:\/\/monde25.info\/index.php\/wp-json\/wp\/v2\/tags?post=2398"}],"curies":[{"name":"wp","href":"https:\/\/api.w.org\/{rel}","templated":true}]}}