{"id":2412,"date":"2025-02-12T02:25:36","date_gmt":"2025-02-12T01:25:36","guid":{"rendered":"https:\/\/monde25.info\/index.php\/2025\/02\/12\/une-fete-pour-tous-un-pont-vers-les-autres\/"},"modified":"2025-02-12T02:25:36","modified_gmt":"2025-02-12T01:25:36","slug":"une-fete-pour-tous-un-pont-vers-les-autres","status":"publish","type":"post","link":"https:\/\/monde25.info\/index.php\/2025\/02\/12\/une-fete-pour-tous-un-pont-vers-les-autres\/","title":{"rendered":"une f\u00eate pour tous, un pont vers les autres"},"content":{"rendered":"<p> <br \/>\n<\/p>\n<div style=\"word-wrap:break-word;\">\n<p>D\u2019une tradition chinoise \u00e0 une c\u00e9l\u00e9bration mondiale, pourquoi cette f\u00eate r\u00e9sonne-t-elle autant au-del\u00e0 des fronti\u00e8res\u00a0?<\/p>\n<p><strong>Un moment de connexion universelle <\/strong><\/p>\n<p>La r\u00e9ponse se trouve sans doute dans son ADN culturel. La F\u00eate du Printemps c\u00e9l\u00e8bre avant tout la famille, la solidarit\u00e9 et l\u2019espoir. \u00c9crire des couplets et les coller au fronton de la maison, pr\u00e9parer des raviolis en famille, offrir des enveloppes rouges aux enfants\u2026 Derri\u00e8re ces rituels, on retrouve des \u00e9motions universelles\u00a0: le besoin de se retrouver, de renforcer les liens et de c\u00e9l\u00e9brer ensemble un nouveau d\u00e9part.<\/p>\n<div class=\"spip_document_36712 spip_document spip_documents spip_document_image spip_documents_center spip_document_center\">\n<figure class=\"spip_doc_inner\">\n<img loading=\"lazy\" decoding=\"async\" src=\"https:\/\/www.legrandsoir.info\/local\/cache-vignettes\/L318xH432\/porte_chine-37b01.png?1739309267\" width=\"318\" height=\"432\" alt=\"\"\/><br \/>\n<\/figure>\n<\/div>\n<p>(couplets au fronton d\u2019une maison \u00e0 Beijing)<\/p>\n<p>Dans notre soci\u00e9t\u00e9 moderne o\u00f9 la fragmentation des relations humaines progresse, cette f\u00eate mill\u00e9naire rappelle l\u2019importance du lien social. Elle cr\u00e9e des instants de partage qui transcendent les cultures pour toucher \u00e0 l\u2019essence m\u00eame de l\u2019exp\u00e9rience humaine.<\/p>\n<p><strong>F\u00eater, c\u2019est cr\u00e9er du lien<\/strong><\/p>\n<p>Des liens non seulement au sein des familles, mais aussi au-del\u00e0 des fronti\u00e8res. Le Nouvel An chinois illustre une vision plus large du patrimoine comme outil de rapprochement entre les peuples et devient un vecteur de compr\u00e9hension mutuelle.<\/p>\n<p>Sur l\u2019application Rednote, des utilisateurs du monde entier \u00e9changent avec leurs homologues chinois pour mieux comprendre cette f\u00eate et ses traditions. Les r\u00e9seaux sociaux, souvent critiqu\u00e9s pour leur effet de fragmentation, deviennent ici des passerelles entre les peuples. Parall\u00e8lement, l\u2019assouplissement des conditions de visa en Chine permet aux voyageurs de 54 pays de s\u00e9journer jusqu\u2019\u00e0 240 heures sans visa, ce qui a fait bondir de 150% le nombre de touristes \u00e9trangers en Chine pendant la p\u00e9riode du Nouvel An chinois.<\/p>\n<p><strong>Une c\u00e9l\u00e9bration aux mille visages <\/strong><\/p>\n<p>Gr\u00e2ce \u00e0 ces \u00e9changes intenses, le Nouvel An chinois a su d\u00e9passer ses origines pour s\u2019int\u00e9grer dans des contextes vari\u00e9s. Il est aujourd\u2019hui reconnu comme jour f\u00e9ri\u00e9 dans plus de 20 pays et c\u00e9l\u00e9br\u00e9 sous diff\u00e9rentes formes aux quatre coins du monde.<\/p>\n<p>Alors que les Chinois d\u00e9battent pour savoir s\u2019il faut manger, au repas de r\u00e9veillon, des raviolis comme dans le Nord ou du g\u00e2teau de riz comme dans le Sud, les danses du lion et les foires du Nouvel An attirent de plus en plus de monde au P\u00e9rou et en Argentine. \u00c0 l\u2019\u00eele Maurice, on \u00e9change des v\u0153ux en disant Kung Hei Fat Choy (\u00ab\u00a0Que vous fassiez fortune\u00a0\u00bb en cantonais), tandis qu\u2019en Afrique du Sud, les gens c\u00e9l\u00e8brent ce moment de f\u00eate par un spectacle m\u00ealant danse zouloue, op\u00e9ra de P\u00e9kin et kung-fu. Chaque pays, chaque ville y apporte sa touche, composant un v\u00e9ritable paysage de diversit\u00e9 dans l\u2019unit\u00e9.<\/p>\n<div class=\"spip_document_36710 spip_document spip_documents spip_document_image spip_documents_center spip_document_center\">\n<figure class=\"spip_doc_inner\">\n<img loading=\"lazy\" decoding=\"async\" src=\"https:\/\/www.legrandsoir.info\/local\/cache-vignettes\/L750xH395\/danse_afrique_du_sud-31146.png?1739309082\" width=\"750\" height=\"395\" alt=\"\"\/><br \/>\n<\/figure>\n<\/div>\n<p>(C\u00e9l\u00e9bration du Nouvel An chinois au Cap, en Afrique du Sud)<br class=\"autobr\"\/><br \/>\nsource\u00a0:<a target=\"_blank\" href=\"https:\/\/tv.cctv.com\/2025\/02\/02\/VIDEF9NjOGRrrQFNjvRZplL6250202.shtml\" class=\"spip_url spip_out auto\" rel=\"nofollow external\">https:\/\/tv.cctv.com\/2025\/02\/02\/VIDEF9NjOGRrrQFNjvRZplL6250202.shtml<\/a><\/p>\n<p>Alors que certaines th\u00e9ories pr\u00e9disent que la mondialisation aboutirait \u00e0 une uniformisation culturelle, la F\u00eate du Printemps montre qu\u2019une culture peut s\u2019internationaliser tout en restant fid\u00e8le \u00e0 ses racines. Dans un contexte mondial parfois marqu\u00e9 par les tensions et les divisions, elle rappelle une v\u00e9rit\u00e9 essentielle\u00a0: ce qui fait la richesse des civilisations, ce n\u2019est pas l\u2019assimilation, mais la rencontre\u00a0; les diff\u00e9rences ne sont pas un obstacle, mais un point de d\u00e9part pour le dialogue.<\/p>\n<p>Que la F\u00eate du Printemps continue de nous rassembler, tout en c\u00e9l\u00e9brant nos singularit\u00e9s.<\/p>\n<p><strong>Yi DA<\/strong><\/p>\n<p>*Yii Da est un sp\u00e9cialiste en relations internationales, bas\u00e9 \u00e0 Beijing. LGS a publi\u00e9 plusieurs de ses articles et analyses.<\/p>\n<\/div>\n<p><script async defer>(function(d, s, id) {\nvar js, fjs = d.getElementsByTagName(s)[0];\nif (d.getElementById(id)) return;\njs = d.createElement(s); js.id = id;\njs.src=\"https:\/\/connect.facebook.net\/fr_FR\/sdk.js#xfbml=1&version=v3.0\";\nfjs.parentNode.insertBefore(js, fjs);\n}(document, 'script', 'facebook-jssdk'));<\/script><br \/>\n<br \/><br \/>\n<br \/><a href=\"https:\/\/www.legrandsoir.info\/nouvel-an-chinois-une-fete-pour-tous-un-pont-vers-les-autres.html\" target=\"_blank\"\">Source link <\/a><\/p>\n","protected":false},"excerpt":{"rendered":"<p>D\u2019une tradition chinoise \u00e0 une c\u00e9l\u00e9bration mondiale, pourquoi cette f\u00eate r\u00e9sonne-t-elle autant au-del\u00e0 des fronti\u00e8res\u00a0? Un moment de connexion universelle La r\u00e9ponse se trouve sans doute dans son ADN culturel.&hellip; <\/p>\n","protected":false},"author":1,"featured_media":2413,"comment_status":"open","ping_status":"open","sticky":false,"template":"","format":"standard","meta":{"footnotes":""},"categories":[1],"tags":[],"class_list":["post-2412","post","type-post","status-publish","format-standard","has-post-thumbnail","hentry","category-non-classe"],"_links":{"self":[{"href":"https:\/\/monde25.info\/index.php\/wp-json\/wp\/v2\/posts\/2412","targetHints":{"allow":["GET"]}}],"collection":[{"href":"https:\/\/monde25.info\/index.php\/wp-json\/wp\/v2\/posts"}],"about":[{"href":"https:\/\/monde25.info\/index.php\/wp-json\/wp\/v2\/types\/post"}],"author":[{"embeddable":true,"href":"https:\/\/monde25.info\/index.php\/wp-json\/wp\/v2\/users\/1"}],"replies":[{"embeddable":true,"href":"https:\/\/monde25.info\/index.php\/wp-json\/wp\/v2\/comments?post=2412"}],"version-history":[{"count":0,"href":"https:\/\/monde25.info\/index.php\/wp-json\/wp\/v2\/posts\/2412\/revisions"}],"wp:featuredmedia":[{"embeddable":true,"href":"https:\/\/monde25.info\/index.php\/wp-json\/wp\/v2\/media\/2413"}],"wp:attachment":[{"href":"https:\/\/monde25.info\/index.php\/wp-json\/wp\/v2\/media?parent=2412"}],"wp:term":[{"taxonomy":"category","embeddable":true,"href":"https:\/\/monde25.info\/index.php\/wp-json\/wp\/v2\/categories?post=2412"},{"taxonomy":"post_tag","embeddable":true,"href":"https:\/\/monde25.info\/index.php\/wp-json\/wp\/v2\/tags?post=2412"}],"curies":[{"name":"wp","href":"https:\/\/api.w.org\/{rel}","templated":true}]}}