{"id":2416,"date":"2025-02-12T03:31:42","date_gmt":"2025-02-12T02:31:42","guid":{"rendered":"https:\/\/monde25.info\/index.php\/2025\/02\/12\/un-opposant-relaxe-apres-avoir-bloque-des-betonnieres\/"},"modified":"2025-02-12T03:31:42","modified_gmt":"2025-02-12T02:31:42","slug":"un-opposant-relaxe-apres-avoir-bloque-des-betonnieres","status":"publish","type":"post","link":"https:\/\/monde25.info\/index.php\/2025\/02\/12\/un-opposant-relaxe-apres-avoir-bloque-des-betonnieres\/","title":{"rendered":"un opposant relax\u00e9 apr\u00e8s avoir bloqu\u00e9 des b\u00e9tonni\u00e8res"},"content":{"rendered":"<p> <br \/>\n<\/p>\n<div style=\"position:relative;\">\n        <picture><source type=\"image\/webp\" srcset=\"https:\/\/reporterre.net\/local\/cache-vignettes\/L720xH480\/6921500358_206e6d82c6_k_1_-b7921.jpg@.webp?1739277669\"><img loading=\"lazy\" decoding=\"async\" src=\"https:\/\/reporterre.net\/local\/cache-vignettes\/L720xH480\/6921500358_206e6d82c6_k_1_-b7921.jpg?1739277669\" width=\"720\" height=\"480\" alt=\"Lyon-Turin\u00a0: un opposant relax\u00e9 apr\u00e8s avoir bloqu\u00e9 des b\u00e9tonni\u00e8res\" class=\"image_logo voir_logo\"\/><\/p>\n<p><\/source><\/picture>\n<p class=\"legende_logo\">Le mis en cause Philippe Delhomme a rappel\u00e9 au tribunal le devoir de tout citoyen de prot\u00e9ger l\u2019environnement, devoir d\u00e9fini constitutionnellement par la charte de l\u2019environnement de 2004. <span class=\"copyright_logo\">&#8211; Flickr\/CC BY-NC-ND 2.0\/Stefano Maffei<\/span><\/p>\n<p class=\"legende_logo_480\">Le mis en cause Philippe Delhomme a rappel\u00e9 au tribunal le devoir de tout citoyen de prot\u00e9ger l\u2019environnement, devoir d\u00e9fini constitutionnellement par la charte de l\u2019environnement de 2004. <span class=\"copyright_logo\">&#8211; Flickr\/CC BY-NC-ND 2.0\/Stefano Maffei<\/span><\/p>\n<\/p><\/div>\n<div>\n        <span class=\"date\">11 f\u00e9vrier 2025  \u00e0 13h53<\/span><\/p>\n<p>    <span class=\"date_modif\">Mis \u00e0 jour le 11 f\u00e9vrier 2025 \u00e0 14h52<\/span>      <\/p>\n<p class=\"duree_lecture\">\n        Dur\u00e9e de lecture : 1 minute\n      <\/p>\n<\/p><\/div>\n<div>\n<p>Il n\u2019y a <i>\u00ab<small class=\"fine d-inline\">\u00a0<\/small>pas de sujet<small class=\"fine d-inline\">\u00a0<\/small>\u00bb<\/i> dans cette situation. Voici comment a r\u00e9sum\u00e9 la pr\u00e9sidente du tribunal d\u2019Albertville l\u2019affaire concernant le militant pour l\u2019environnement Philippe Delhomme. Lundi 10\u00a0f\u00e9vrier, le vice-pr\u00e9sident de l\u2019association Vivre et agir en Maurienne \u00e9tait jug\u00e9 pour <i>\u00ab<small class=\"fine d-inline\">\u00a0<\/small>entrave \u00e0 la circulation<small class=\"fine d-inline\">\u00a0<\/small>\u00bb<\/i>, apr\u00e8s avoir bloqu\u00e9 des camions-toupies \u2014\u00a0des b\u00e9tonni\u00e8res\u00a0\u2014 en ao\u00fbt 2022 sur le chantier de la ligne Lyon-Turin.<\/p>\n<p>Pendant ce proc\u00e8s, Philippe Delhomme a rappel\u00e9 le devoir de tout citoyen de prot\u00e9ger l\u2019environnement, devoir d\u00e9fini constitutionnellement par la charte de l\u2019environnement de 2004.<\/p>\n<p>De son c\u00f4t\u00e9, l\u2019avocat de Telt (Tunnel euralpin Lyon Turin) a plaid\u00e9 la libert\u00e9 d\u2019entreprendre, de travailler et de circuler, \u00e0 laquelle la libert\u00e9 d\u2019expression ne pouvait pas \u00eatre sup\u00e9rieure et a demand\u00e9 un euro symbolique pour le pr\u00e9judice que la soci\u00e9t\u00e9 a \u00e9valu\u00e9 \u00e0 588\u00a0000 euros pour les jours de blocage du chantier, <a target=\"_blank\" href=\"https:\/\/www.francebleu.fr\/infos\/faits-divers-justice\/savoie-juge-pour-avoir-bloque-des-camions-toupies-l-opposant-au-lyon-turin-relaxe-par-le-tribunal-d-albertville-4714767\" class=\"spip_out\" rel=\"external\">rapporte Ici<\/a>(ex-France Bleu).<\/p>\n<p>Comme l\u2019a requis le parquet, la pr\u00e9sidente du tribunal a relax\u00e9 le militant au motif que son action ne constituait pas un d\u00e9lit d\u2019entrave \u00e0 la circulation, mais relevait bien de sa libert\u00e9 d\u2019expression.<\/p>\n<p>Philippe Delhomme retournera sur les bancs du tribunal d\u2019Albertville le 18\u00a0avril prochain. La raison<small class=\"fine d-inline\">\u00a0<\/small>? En octobre 2024, il avait appel\u00e9 \u00e0 <i>\u00ab<small class=\"fine d-inline\">\u00a0<\/small>saboter la <span class=\"caps\">TAV<\/span><small class=\"fine d-inline\">\u00a0<\/small>\u00bb<\/i>, ce projet de construction de la nouvelle ligne \u00e0 grande vitesse, et avait diffus\u00e9 le nom et la commune de r\u00e9sidence du directeur territorial de Telt.<\/p>\n<aside class=\"boite_encarts\">\n<div class=\"encart encart_gris noprint\">\n<p><strong>Puisque vous \u00eates l\u00e0&#8230;<\/strong><\/p>\n<p>&#8230; nous avons un petit service \u00e0 vous demander.<br class=\"autobr\"\/><br \/>\nEntre la pr\u00e9sence d\u2019un climatosceptique \u00e0 la t\u00eate de la premi\u00e8re puissance mondiale, un gouvernement fran\u00e7ais qui flirte avec l\u2019extr\u00eame-droite, et les catastrophes climatiques qui s\u2019enchainent&#8230; Faire vivre l\u2019\u00e9cologie dans le d\u00e9bat public est un enjeu crucial.<\/p>\n<p>Personne ne modifie ce que nous publions. Nous n\u2019avons ni actionnaire, ni propri\u00e9taire milliardaire \u2014 seulement une \u00e9quipe d\u2019irr\u00e9ductibles journalistes, pleine de d\u00e9termination.<\/p>\n<p>Nous avons la conviction que l\u2019urgence \u00e9cologique est l\u2019enjeu majeur de notre \u00e9poque. Et comme plus de 2 millions de lectrices et lecteurs chaque mois, vous partagez sans doute cette conviction&#8230;<\/p>\n<p><strong>Depuis 12 ans, nous publions des articles de qualit\u00e9 sur l\u2019\u00e9cologie, en acc\u00e8s libre et sans publicit\u00e9, pour tous.<\/strong><br class=\"autobr\"\/><br \/>\nMais ce travail demande beaucoup de temps et de ressources.<\/p>\n<p>Alors, si vous en avez les moyens, sachez qu\u2019un don, m\u00eame d\u20191\u20ac, est un acte de soutien fort pour l\u2019\u00e9cologie et le journalisme ind\u00e9pendant.<br class=\"autobr\"\/><br \/>\n(Et \u00e7a vous prendra moins de temps que la lecture de ce texte).<\/p>\n<p><strong>Si vous le pouvez, choisissez un soutien mensuel. Merci.<\/strong><\/p>\n<p><a target=\"_blank\" href=\"https:\/\/reporterre.net\/dons\" class=\"bt_soutenir\">Je soutiens <i>Reporterre<\/i><\/a><\/p>\n<\/p><\/div>\n<div class=\"encart encart_vert noprint montre_1023\">\n<div class=\"infolettre-form-container noprint\">\n<p>Abonnez-vous \u00e0 la lettre d\u2019info de Reporterre<\/p>\n<\/div><\/div>\n<\/aside>\n<aside class=\"boite_apresarticle encart_note\">\n<h4>Apr\u00e8s cet article<\/h4>\n<p>      <a target=\"_blank\" href=\"https:\/\/reporterre.net\/Le-Lyon-Turin-menace-les-sources-de-la-Maurienne\" class=\"lien_article\">\n      <picture class=\"vignette_gauche\"><source type=\"image\/webp\" srcset=\"https:\/\/reporterre.net\/local\/cache-vignettes\/L450xH300\/img_5561-173aa.jpg@.webp?1737391852\"><img decoding=\"async\" src=\"https:\/\/reporterre.net\/local\/cache-vignettes\/L450xH300\/img_5561-173aa.jpg?1737391852\" width=\"450\" height=\"300\" alt=\"\" class=\"marge12\" loading=\"lazy\"\/><br \/>\n<\/source><\/picture>\n<p class=\"libelle\">\n<p>          Reportage \u2014<\/p>\n<p>      Eau et rivi\u00e8res\n    <\/p>\n<p class=\"titre pol20\">Le Lyon-Turin menace les sources de la Maurienne<\/p>\n<p>      <\/a><br \/>\n    <\/aside>\n<aside class=\"boite_complement texte\">\n<p>      <!-- zone_forum --><br \/>\n          <\/aside>\n<aside class=\"boite_lireaussi noprint\">\n<\/aside>\n<aside class=\"colonne\">\n<div class=\"article_info cache_1023 noprint\">\n        <span class=\"date\">11 f\u00e9vrier 2025  \u00e0 13h53<\/span><\/p>\n<p>    <span class=\"date_modif\">Mis \u00e0 jour le 11 f\u00e9vrier 2025 \u00e0 14h52<\/span>      <\/p>\n<p class=\"duree_lecture\">\n        Dur\u00e9e de lecture : 1 minute\n      <\/p>\n<\/p><\/div>\n<div class=\"bloc_infolettre\">\n<div class=\"infolettre-form-container noprint\">\n<p>Abonnez-vous \u00e0 la lettre d\u2019info de Reporterre<\/p>\n<\/div><\/div>\n<\/aside>\n<div id=\"galerie\">\n  <img decoding=\"async\" src=\"\" class=\"principale\" id=\"principale\"\/><\/p>\n<p id=\"legende\">legende<\/p>\n<\/div>\n<footer class=\"noprint\">\n<\/footer>\n<\/div>\n<p><br \/>\n<br \/><a href=\"https:\/\/reporterre.net\/Lyon-Turin-un-opposant-relaxe-apres-avoir-bloque-des-betonnieres\" target=\"_blank\"\">Source link <\/a><\/p>\n","protected":false},"excerpt":{"rendered":"<p>Le mis en cause Philippe Delhomme a rappel\u00e9 au tribunal le devoir de tout citoyen de prot\u00e9ger l\u2019environnement, devoir d\u00e9fini constitutionnellement par la charte de l\u2019environnement de 2004. &#8211; Flickr\/CC&hellip; <\/p>\n","protected":false},"author":1,"featured_media":2417,"comment_status":"open","ping_status":"open","sticky":false,"template":"","format":"standard","meta":{"footnotes":""},"categories":[1],"tags":[],"class_list":["post-2416","post","type-post","status-publish","format-standard","has-post-thumbnail","hentry","category-non-classe"],"_links":{"self":[{"href":"https:\/\/monde25.info\/index.php\/wp-json\/wp\/v2\/posts\/2416","targetHints":{"allow":["GET"]}}],"collection":[{"href":"https:\/\/monde25.info\/index.php\/wp-json\/wp\/v2\/posts"}],"about":[{"href":"https:\/\/monde25.info\/index.php\/wp-json\/wp\/v2\/types\/post"}],"author":[{"embeddable":true,"href":"https:\/\/monde25.info\/index.php\/wp-json\/wp\/v2\/users\/1"}],"replies":[{"embeddable":true,"href":"https:\/\/monde25.info\/index.php\/wp-json\/wp\/v2\/comments?post=2416"}],"version-history":[{"count":0,"href":"https:\/\/monde25.info\/index.php\/wp-json\/wp\/v2\/posts\/2416\/revisions"}],"wp:featuredmedia":[{"embeddable":true,"href":"https:\/\/monde25.info\/index.php\/wp-json\/wp\/v2\/media\/2417"}],"wp:attachment":[{"href":"https:\/\/monde25.info\/index.php\/wp-json\/wp\/v2\/media?parent=2416"}],"wp:term":[{"taxonomy":"category","embeddable":true,"href":"https:\/\/monde25.info\/index.php\/wp-json\/wp\/v2\/categories?post=2416"},{"taxonomy":"post_tag","embeddable":true,"href":"https:\/\/monde25.info\/index.php\/wp-json\/wp\/v2\/tags?post=2416"}],"curies":[{"name":"wp","href":"https:\/\/api.w.org\/{rel}","templated":true}]}}