{"id":2418,"date":"2025-02-12T04:04:40","date_gmt":"2025-02-12T03:04:40","guid":{"rendered":"https:\/\/monde25.info\/index.php\/2025\/02\/12\/une-fete-bretonne-contre-lempire-bollore\/"},"modified":"2025-02-12T04:04:40","modified_gmt":"2025-02-12T03:04:40","slug":"une-fete-bretonne-contre-lempire-bollore","status":"publish","type":"post","link":"https:\/\/monde25.info\/index.php\/2025\/02\/12\/une-fete-bretonne-contre-lempire-bollore\/","title":{"rendered":"Une f\u00eate bretonne contre l\u2019empire Bollor\u00e9"},"content":{"rendered":"<p> <br \/>\n<\/p>\n<div>\n<h4><strong>Le dimanche 2 f\u00e9vrier, \u00e0 Fouesnant, dans le Finist\u00e8re, en Bretagne, c\u2019est pr\u00e8s de 550 personnes qui se sont rassembl\u00e9es pour danser contre <a target=\"_blank\" href=\"https:\/\/mrmondialisation.org\/vincent-bollore-extreme-droite\/\">l\u2019empire du milliardaire d\u2019extr\u00eame droite, Vincent Bollor\u00e9<\/a>. Reportage.<\/strong><span id=\"more-715039\"\/><\/h4>\n<p>D\u00e9guisements color\u00e9s, masques d\u2019animaux, certains avec le visage de Bollor\u00e9, pancartes comiques et provocantes, comme <em>\u00ab Remplacer Bollor\u00e9 par une billig ! \u00bb<\/em>, <em>\u00ab Bollor\u00e9 tu vas valser \u00bb<\/em> \u2026 <strong>C\u2019est une foule de plus de 500 personnes qui s\u2019est retrouv\u00e9 le dimanche 2 f\u00e9vrier pour dire <em>\u00ab Non \u00e0 l\u2019empire du pire \u00bb<\/em>.<\/strong><\/p>\n<figure id=\"attachment_715044\" aria-describedby=\"caption-attachment-715044\" style=\"width: 1024px\" class=\"wp-caption alignnone\"><img fetchpriority=\"high\" decoding=\"async\" class=\"wp-image-715044 size-medium\" src=\"https:\/\/mrmondialisation.org\/wp-content\/uploads\/2025\/02\/mg-7002-modified-scaled-e1739185474875-1024x877.jpeg\" alt=\"\" width=\"1024\" height=\"877\" srcset=\"https:\/\/mrmondialisation.org\/wp-content\/uploads\/2025\/02\/mg-7002-modified-scaled-e1739185474875-1024x877.jpeg 1024w, https:\/\/mrmondialisation.org\/wp-content\/uploads\/2025\/02\/mg-7002-modified-scaled-e1739185474875-1524x1305.jpeg 1524w, https:\/\/mrmondialisation.org\/wp-content\/uploads\/2025\/02\/mg-7002-modified-scaled-e1739185474875-768x658.jpeg 768w, https:\/\/mrmondialisation.org\/wp-content\/uploads\/2025\/02\/mg-7002-modified-scaled-e1739185474875-1536x1316.jpeg 1536w, https:\/\/mrmondialisation.org\/wp-content\/uploads\/2025\/02\/mg-7002-modified-scaled-e1739185474875-696x596.jpeg 696w, https:\/\/mrmondialisation.org\/wp-content\/uploads\/2025\/02\/mg-7002-modified-scaled-e1739185474875-1068x915.jpeg 1068w, https:\/\/mrmondialisation.org\/wp-content\/uploads\/2025\/02\/mg-7002-modified-scaled-e1739185474875-490x420.jpeg 490w, https:\/\/mrmondialisation.org\/wp-content\/uploads\/2025\/02\/mg-7002-modified-scaled-e1739185474875.jpeg 1707w\" sizes=\"(max-width: 1024px) 100vw, 1024px\"\/><figcaption id=\"caption-attachment-715044\" class=\"wp-caption-text\">\u00a9 Aleksandra Dergacova<\/figcaption><\/figure>\n<h2><strong>Contre Bollor\u00e9 et son monde fasciste<\/strong><\/h2>\n<p>Le rassemblement \u00e9tait encadr\u00e9 par un <strong>important dispositif de gendarmerie quadrillant toute la commune,<\/strong> et une dizaine de camions de gendarmes prot\u00e9geait le manoir de Bollor\u00e9. En effet, <strong>la mobilisation s\u2019est pass\u00e9e sous les fen\u00eatres du milliardaire qui poss\u00e8de, <\/strong><strong>\u00e0 Fouesnant, <\/strong><strong>une villa de luxe.<\/strong><\/p>\n<figure id=\"attachment_715049\" aria-describedby=\"caption-attachment-715049\" style=\"width: 1024px\" class=\"wp-caption alignnone\"><img loading=\"lazy\" decoding=\"async\" class=\"wp-image-715049 size-medium\" src=\"https:\/\/mrmondialisation.org\/wp-content\/uploads\/2025\/02\/mg-7087-modified-1024x683.jpeg\" alt=\"\" width=\"1024\" height=\"683\" srcset=\"https:\/\/mrmondialisation.org\/wp-content\/uploads\/2025\/02\/mg-7087-modified-1024x683.jpeg 1024w, https:\/\/mrmondialisation.org\/wp-content\/uploads\/2025\/02\/mg-7087-modified-1524x1016.jpeg 1524w, https:\/\/mrmondialisation.org\/wp-content\/uploads\/2025\/02\/mg-7087-modified-768x512.jpeg 768w, https:\/\/mrmondialisation.org\/wp-content\/uploads\/2025\/02\/mg-7087-modified-1536x1024.jpeg 1536w, https:\/\/mrmondialisation.org\/wp-content\/uploads\/2025\/02\/mg-7087-modified-2048x1365.jpeg 2048w, https:\/\/mrmondialisation.org\/wp-content\/uploads\/2025\/02\/mg-7087-modified-696x464.jpeg 696w, https:\/\/mrmondialisation.org\/wp-content\/uploads\/2025\/02\/mg-7087-modified-1068x712.jpeg 1068w, https:\/\/mrmondialisation.org\/wp-content\/uploads\/2025\/02\/mg-7087-modified-630x420.jpeg 630w\" sizes=\"auto, (max-width: 1024px) 100vw, 1024px\"\/><figcaption id=\"caption-attachment-715049\" class=\"wp-caption-text\">\u00a9 Aleksandra Dergacova<\/figcaption><\/figure>\n<p>Au large, dans l\u2019archipel des Gl\u00e9nan, connue pour son \u00e9cole de voile, Bollor\u00e9 est \u00e9galement propri\u00e9taire d\u2019une autre villa, sur l\u2019\u00eele du Loc\u2019h, quasi priv\u00e9e. <strong>Celle-ci h\u00e9bergeait encore r\u00e9cemment Marc de Cacqueray-Valm\u00e9nier, un n\u00e9onazi issu du Groupe Union D\u00e9fense<\/strong> (GUD), pour surveiller sa maison (Source : La Lettre).<\/p>\n<p>C\u2019est exactement pour <strong>ses liens tr\u00e8s \u00e9troits avec l\u2019extr\u00eame droite qu\u2019un appel national \u00e0 \u00ab D\u00e9sarmer l\u2019Empire Bollor\u00e9 \u00bb a eu lieu<\/strong>. Cet \u00e9v\u00e9nement festif Breton a d\u2019ailleurs cl\u00f4tur\u00e9 <a target=\"_blank\" href=\"https:\/\/lessoulevementsdelaterre.org\/blog\/retour-sur-la-vague-dactions-contre-lempire-bollore-aucun-secteur-epargne\">une semaine d\u2019actions men\u00e9es partout en France dans le cadre de la campagne organis\u00e9e du 29 janvier au 2 f\u00e9vrier.<\/a><\/p>\n<figure id=\"attachment_715045\" aria-describedby=\"caption-attachment-715045\" style=\"width: 1024px\" class=\"wp-caption alignnone\"><img loading=\"lazy\" decoding=\"async\" class=\"wp-image-715045 size-medium\" src=\"https:\/\/mrmondialisation.org\/wp-content\/uploads\/2025\/02\/mg-7076-modified-1024x683.jpeg\" alt=\"\" width=\"1024\" height=\"683\" srcset=\"https:\/\/mrmondialisation.org\/wp-content\/uploads\/2025\/02\/mg-7076-modified-1024x683.jpeg 1024w, https:\/\/mrmondialisation.org\/wp-content\/uploads\/2025\/02\/mg-7076-modified-1524x1016.jpeg 1524w, https:\/\/mrmondialisation.org\/wp-content\/uploads\/2025\/02\/mg-7076-modified-768x512.jpeg 768w, https:\/\/mrmondialisation.org\/wp-content\/uploads\/2025\/02\/mg-7076-modified-1536x1024.jpeg 1536w, https:\/\/mrmondialisation.org\/wp-content\/uploads\/2025\/02\/mg-7076-modified-2048x1365.jpeg 2048w, https:\/\/mrmondialisation.org\/wp-content\/uploads\/2025\/02\/mg-7076-modified-696x464.jpeg 696w, https:\/\/mrmondialisation.org\/wp-content\/uploads\/2025\/02\/mg-7076-modified-1068x712.jpeg 1068w, https:\/\/mrmondialisation.org\/wp-content\/uploads\/2025\/02\/mg-7076-modified-630x420.jpeg 630w\" sizes=\"auto, (max-width: 1024px) 100vw, 1024px\"\/><figcaption id=\"caption-attachment-715045\" class=\"wp-caption-text\">\u00a9 Aleksandra Dergacova<\/figcaption><\/figure>\n<p>Les multiples collectifs et associations (Levons les voiles, les Soul\u00e8vements de la Terre, Attac\u2026) se sont coordonn\u00e9s pour d\u00e9noncer <strong>son emprise tentaculaire sur les m\u00e9dias. <\/strong><\/p>\n<p><a target=\"_blank\" href=\"https:\/\/mrmondialisation.org\/affaire-bollore-comment-sauver-lindependance-des-journalistes-francais\/\">Bollor\u00e9 poss\u00e8de<\/a> le groupe Canal+, le groupe d\u2019\u00e9dition Editis, Europe 1, Havas (communication), CNews, C8, Europe 1, JDD,\u2026 gr\u00e2ce auxquels<strong> il dispose d\u2019une dangereuse force de frappe lui permettant d\u2019\u00eatre \u00ab t\u00e9l\u00e9vang\u00e9liste \u00bb de l\u2019id\u00e9ologie ultraconservatrice,<\/strong> et au service de l\u2019extr\u00eame droite qui fascise le pays.<\/p>\n<p><strong>De l\u2019extractivisme et \u00e9nergies fossiles (Bollor\u00e9 Energy) \u00e0 l\u2019agro-industrie n\u00e9ocoloniale et les industries techno-s\u00e9curitaires,<\/strong> son \u00ab Empire \u00bb s\u2019\u00e9tend aussi au-del\u00e0 du sol fran\u00e7ais.<\/p>\n<figure id=\"attachment_715046\" aria-describedby=\"caption-attachment-715046\" style=\"width: 1024px\" class=\"wp-caption alignnone\"><img loading=\"lazy\" decoding=\"async\" class=\"size-medium wp-image-715046\" src=\"https:\/\/mrmondialisation.org\/wp-content\/uploads\/2025\/02\/mg-7056-modified-1024x767.jpeg\" alt=\"\" width=\"1024\" height=\"767\" srcset=\"https:\/\/mrmondialisation.org\/wp-content\/uploads\/2025\/02\/mg-7056-modified-1024x767.jpeg 1024w, https:\/\/mrmondialisation.org\/wp-content\/uploads\/2025\/02\/mg-7056-modified-1524x1142.jpeg 1524w, https:\/\/mrmondialisation.org\/wp-content\/uploads\/2025\/02\/mg-7056-modified-768x575.jpeg 768w, https:\/\/mrmondialisation.org\/wp-content\/uploads\/2025\/02\/mg-7056-modified-1536x1151.jpeg 1536w, https:\/\/mrmondialisation.org\/wp-content\/uploads\/2025\/02\/mg-7056-modified-2048x1534.jpeg 2048w, https:\/\/mrmondialisation.org\/wp-content\/uploads\/2025\/02\/mg-7056-modified-696x521.jpeg 696w, https:\/\/mrmondialisation.org\/wp-content\/uploads\/2025\/02\/mg-7056-modified-1068x800.jpeg 1068w, https:\/\/mrmondialisation.org\/wp-content\/uploads\/2025\/02\/mg-7056-modified-561x420.jpeg 561w, https:\/\/mrmondialisation.org\/wp-content\/uploads\/2025\/02\/mg-7056-modified-80x60.jpeg 80w, https:\/\/mrmondialisation.org\/wp-content\/uploads\/2025\/02\/mg-7056-modified-265x198.jpeg 265w\" sizes=\"auto, (max-width: 1024px) 100vw, 1024px\"\/><figcaption id=\"caption-attachment-715046\" class=\"wp-caption-text\">\u00a9 Aleksandra Dergacova<\/figcaption><\/figure>\n<h2><strong>La joie militante comme principe de lutte<\/strong><\/h2>\n<p>La journ\u00e9e fut rythm\u00e9e par des <strong>ch\u0153urs militants<\/strong>, des prises de paroles revendicatives, le<strong> son d\u2019une batucada ou encore de chanteuses de kan-ha-diskan <\/strong>(litt\u00e9ralement \u00ab chant et re-chant \u00bb, en breton), <strong>dans le cadre d\u2019un Fest Deiz <\/strong>(litt\u00e9ralement \u00ab jour de f\u00eate \u00bb, en breton) <strong>face \u00e0 l\u2019oc\u00e9an Atlantique. <\/strong><span style=\"font-family: Verdana, BlinkMacSystemFont, -apple-system, 'Segoe UI', Roboto, Oxygen, Ubuntu, Cantarell, 'Open Sans', 'Helvetica Neue', sans-serif;\">Tout cela en pr\u00e9sence de deux \u00ab zbeulinettes \u00bb \u2013 des remorques pliables qui assuraient la distribution de boissons chaudes et de repas.<\/span><\/p>\n<figure id=\"attachment_715047\" aria-describedby=\"caption-attachment-715047\" style=\"width: 1024px\" class=\"wp-caption alignnone\"><img loading=\"lazy\" decoding=\"async\" class=\"size-medium wp-image-715047\" src=\"https:\/\/mrmondialisation.org\/wp-content\/uploads\/2025\/02\/mg-7187-modified-1024x683.jpeg\" alt=\"\" width=\"1024\" height=\"683\" srcset=\"https:\/\/mrmondialisation.org\/wp-content\/uploads\/2025\/02\/mg-7187-modified-1024x683.jpeg 1024w, https:\/\/mrmondialisation.org\/wp-content\/uploads\/2025\/02\/mg-7187-modified-1524x1016.jpeg 1524w, https:\/\/mrmondialisation.org\/wp-content\/uploads\/2025\/02\/mg-7187-modified-768x512.jpeg 768w, https:\/\/mrmondialisation.org\/wp-content\/uploads\/2025\/02\/mg-7187-modified-1536x1024.jpeg 1536w, https:\/\/mrmondialisation.org\/wp-content\/uploads\/2025\/02\/mg-7187-modified-2048x1365.jpeg 2048w, https:\/\/mrmondialisation.org\/wp-content\/uploads\/2025\/02\/mg-7187-modified-696x464.jpeg 696w, https:\/\/mrmondialisation.org\/wp-content\/uploads\/2025\/02\/mg-7187-modified-1068x712.jpeg 1068w, https:\/\/mrmondialisation.org\/wp-content\/uploads\/2025\/02\/mg-7187-modified-630x420.jpeg 630w\" sizes=\"auto, (max-width: 1024px) 100vw, 1024px\"\/><figcaption id=\"caption-attachment-715047\" class=\"wp-caption-text\">\u00a9 Aleksandra Dergacova<\/figcaption><\/figure>\n<p>Vers 16 h 30, <strong>un groupe de manifestants a tagu\u00e9 et peintur\u00e9 l\u2019h\u00f4tel Thalamot, en cours de r\u00e9habilitation et propri\u00e9t\u00e9 de Vincent Bollor\u00e9, et les panneaux de chantier autour.<\/strong> Les manifestant\u00b7es ont \u00e9t\u00e9 r\u00e9pouss\u00e9\u00b7es par les coups de gaz lacrymog\u00e8nes lorsque celui-ci a commenc\u00e9 \u00e0 bouger les barri\u00e8res autour du b\u00e2timent.<\/p>\n<p>La journ\u00e9e s\u2019est cl\u00f4tur\u00e9e par <strong>le retour festif vers le parking et une derni\u00e8re gavotte pour finir en beaut\u00e9.<\/strong> Les collectifs donneront bient\u00f4t rendez-vous pour une prochaine action qui se tiendra dans le m\u00eame secteur, au printemps 2025.<\/p>\n<div class=\"td-a-rec td-a-rec-id-content_inline  tdi_1 td_block_template_1\">\n<span class=\"td-adspot-title\">&#8211; Pour une information libre ! &#8211;<\/span><a target=\"_blank\" href=\"https:\/\/fr.tipeee.com\/mr-mondialisation\" class=\"tipeee-project-small\">Soutenir Mr Japanization sur Tipeee<\/a>\n<\/div>\n<p style=\"text-align: right;\"><strong><em>\u2013 Aleksandra Dergacova<\/em><\/strong><\/p>\n<hr\/>\n<p>Photo de couverture \u00a9 Aleksandra Dergacova<\/p>\n<div class=\"td-a-rec td-a-rec-id-content_bottom  tdi_2 td_block_template_1\">\n<span class=\"td-adspot-title\">&#8211; Cet article gratuit et ind\u00e9pendant existe gr\u00e2ce \u00e0 vous &#8211;<\/span><\/p>\n<div class=\"td-all-devices\">\n    <a target=\"_blank\" href=\"https:\/\/mrmondialisation.org\/donation\/\" title=\"Faire_un_don\"><img decoding=\"async\" class=\"donationArticle\" src=\"https:\/\/mrmondialisation.org\/wp-content\/uploads\/2022\/12\/220405-flikalicious-final.jpg\" alt=\"Donation\"\/><\/a>\n<\/div>\n<\/div><\/div>\n<p><br \/>\n<br \/><a href=\"https:\/\/mrmondialisation.org\/bretagne-fete-empire-bollore\/\" target=\"_blank\"\">Source link <\/a><\/p>\n","protected":false},"excerpt":{"rendered":"<p>Le dimanche 2 f\u00e9vrier, \u00e0 Fouesnant, dans le Finist\u00e8re, en Bretagne, c\u2019est pr\u00e8s de 550 personnes qui se sont rassembl\u00e9es pour danser contre l\u2019empire du milliardaire d\u2019extr\u00eame droite, Vincent Bollor\u00e9.&hellip; <\/p>\n","protected":false},"author":1,"featured_media":2419,"comment_status":"open","ping_status":"open","sticky":false,"template":"","format":"standard","meta":{"footnotes":""},"categories":[1],"tags":[],"class_list":["post-2418","post","type-post","status-publish","format-standard","has-post-thumbnail","hentry","category-non-classe"],"_links":{"self":[{"href":"https:\/\/monde25.info\/index.php\/wp-json\/wp\/v2\/posts\/2418","targetHints":{"allow":["GET"]}}],"collection":[{"href":"https:\/\/monde25.info\/index.php\/wp-json\/wp\/v2\/posts"}],"about":[{"href":"https:\/\/monde25.info\/index.php\/wp-json\/wp\/v2\/types\/post"}],"author":[{"embeddable":true,"href":"https:\/\/monde25.info\/index.php\/wp-json\/wp\/v2\/users\/1"}],"replies":[{"embeddable":true,"href":"https:\/\/monde25.info\/index.php\/wp-json\/wp\/v2\/comments?post=2418"}],"version-history":[{"count":0,"href":"https:\/\/monde25.info\/index.php\/wp-json\/wp\/v2\/posts\/2418\/revisions"}],"wp:featuredmedia":[{"embeddable":true,"href":"https:\/\/monde25.info\/index.php\/wp-json\/wp\/v2\/media\/2419"}],"wp:attachment":[{"href":"https:\/\/monde25.info\/index.php\/wp-json\/wp\/v2\/media?parent=2418"}],"wp:term":[{"taxonomy":"category","embeddable":true,"href":"https:\/\/monde25.info\/index.php\/wp-json\/wp\/v2\/categories?post=2418"},{"taxonomy":"post_tag","embeddable":true,"href":"https:\/\/monde25.info\/index.php\/wp-json\/wp\/v2\/tags?post=2418"}],"curies":[{"name":"wp","href":"https:\/\/api.w.org\/{rel}","templated":true}]}}