{"id":2426,"date":"2025-02-12T06:16:34","date_gmt":"2025-02-12T05:16:34","guid":{"rendered":"https:\/\/monde25.info\/index.php\/2025\/02\/12\/une-relation-de-plus-en-plus-fragile-selon-politico-rt-en-francais\/"},"modified":"2025-02-12T06:16:34","modified_gmt":"2025-02-12T05:16:34","slug":"une-relation-de-plus-en-plus-fragile-selon-politico-rt-en-francais","status":"publish","type":"post","link":"https:\/\/monde25.info\/index.php\/2025\/02\/12\/une-relation-de-plus-en-plus-fragile-selon-politico-rt-en-francais\/","title":{"rendered":"une relation de plus en plus fragile selon Politico \u2014 RT en fran\u00e7ais"},"content":{"rendered":"<p> <br \/>\n<br \/><img decoding=\"async\" src=\"https:\/\/mf.b37mrtl.ru\/french\/images\/2025.02\/thumbnail\/67ab69df87f3ec77ed1a6c28.jpg\" \/><\/p>\n<div>\n<p class=\"text__summary\">\n                                        La relation entre Emmanuel Macron et Elon Musk se serait d\u00e9grad\u00e9e ces derni\u00e8res semaines. Selon Politico, l\u2019absence du milliardaire au sommet de l\u2019IA \u00e0 Paris porte un coup \u00e0 Macron, qui cherche depuis des ann\u00e9es \u00e0 attirer Tesla en France. Autrefois prometteuse, cette relation semble aujourd\u2019hui proche de la rupture.\n                                    <\/p>\n<p>Selon <em>Politico<\/em>, Emmanuel Macron et Elon Musk ont entretenu une relation \u00e9troite pendant plusieurs ann\u00e9es, le pr\u00e9sident fran\u00e7ais voyant en l\u2019entrepreneur am\u00e9ricain un alli\u00e9 strat\u00e9gique pour attirer des investissements technologiques en France. Toutefois, plusieurs \u00e9v\u00e9nements r\u00e9cents indiquent une nette d\u00e9t\u00e9rioration de leurs rapports.<\/p>\n<p>Un premier signe de cette rupture est apparu lors de la c\u00e9r\u00e9monie de r\u00e9ouverture de la cath\u00e9drale Notre-Dame de Paris, en d\u00e9cembre 2024. <em>Politico<\/em> rapporte que Musk, pr\u00e9sent \u00e0 l\u2019\u00e9v\u00e9nement, aurait tent\u00e9 de s\u2019installer au premier rang aux c\u00f4t\u00e9s de Donald Trump. Cependant, les organisateurs fran\u00e7ais l\u2019ont finalement plac\u00e9 en neuvi\u00e8me rang\u00e9e, derri\u00e8re des officiels fran\u00e7ais, ce qui aurait laiss\u00e9 un \u00abmauvais go\u00fbt\u00bb au milliardaire.<\/p>\n<p>Au-del\u00e0 de cet incident protocolaire, c\u2019est surtout l\u2019absence de Musk au sommet sur l\u2019intelligence artificielle organis\u00e9 \u00e0 Paris les 10 et 11 f\u00e9vrier qui a marqu\u00e9 un tournant. Macron comptait sur la pr\u00e9sence du patron de Tesla et SpaceX pour renforcer la cr\u00e9dibilit\u00e9 de l\u2019\u00e9v\u00e9nement. Pourtant, bien que le pr\u00e9sident fran\u00e7ais ait personnellement tent\u00e9 de convaincre Musk de venir, celui-ci a finalement d\u00e9clin\u00e9 l\u2019invitation, une d\u00e9cision per\u00e7ue comme un revers pour Macron.<\/p>\n<p>Derri\u00e8re cette absence se cachent \u00e9galement des tensions politiques croissantes. <em>Politico<\/em> rappelle qu&rsquo;en janvier,\u00a0Macron a critiqu\u00e9 Musk pour son influence grandissante sur les r\u00e9seaux sociaux et son soutien \u00e0 des figures politiques controvers\u00e9es en Allemagne et au Royaume-Uni. Cette prise de position s\u2019inscrit dans un contexte plus large de d\u00e9fiance des dirigeants europ\u00e9ens \u00e0 l\u2019\u00e9gard de Musk, accus\u00e9 d\u2019\u00abing\u00e9rence\u00bb dans la politique du continent.<\/p>\n<p>L\u2019aspect \u00e9conomique de cette relation est tout aussi crucial. Lors du sommet\u00a0<em>Choose France<\/em>\u00a0en mai 2023, Musk avait \u00e9voqu\u00e9 la possibilit\u00e9 d\u2019un \u00abinvestissement significatif en France\u00bb. Pourtant, malgr\u00e9 ces d\u00e9clarations, Tesla a pr\u00e9f\u00e9r\u00e9 agrandir son site de production en Allemagne et entamer des discussions avec l\u2019Italie pour une future implantation, r\u00e9duisant \u00e0 n\u00e9ant les espoirs d\u2019un projet industriel fran\u00e7ais.<\/p>\n<p>Malgr\u00e9 ces revers, l\u2019\u00c9lys\u00e9e ne ferme pas totalement la porte \u00e0 Musk. D\u2019apr\u00e8s\u00a0<em>Politico<\/em>, en mars dernier, le milliardaire a \u00e9t\u00e9 re\u00e7u en grande pompe lors de la remise de la L\u00e9gion d\u2019honneur \u00e0 Bernard Arnault, o\u00f9 il a pu \u00e9changer directement avec Macron. Lors de cette rencontre, ils auraient discut\u00e9 de la r\u00e9gulation du num\u00e9rique et de la souverainet\u00e9 technologique de la France. Cependant, cette tentative de rapprochement ne semble pas avoir invers\u00e9 la dynamique n\u00e9gative entre les deux hommes.<\/p>\n<p>Alors que Macron esp\u00e9rait faire de Musk un alli\u00e9 \u00e9conomique et technologique majeur pour la France, la r\u00e9alit\u00e9 s\u2019av\u00e8re bien diff\u00e9rente.<\/p>\n<\/div>\n<p><br \/>\n<br \/><a href=\"https:\/\/francais.rt.com\/france\/116819-emmanuel-macron-elon-musk-relation-de-plus-en-plus-fragile\" target=\"_blank\"\">Source link <\/a><\/p>\n","protected":false},"excerpt":{"rendered":"<p>La relation entre Emmanuel Macron et Elon Musk se serait d\u00e9grad\u00e9e ces derni\u00e8res semaines. Selon Politico, l\u2019absence du milliardaire au sommet de l\u2019IA \u00e0 Paris porte un coup \u00e0 Macron,&hellip; <\/p>\n","protected":false},"author":1,"featured_media":2427,"comment_status":"open","ping_status":"open","sticky":false,"template":"","format":"standard","meta":{"footnotes":""},"categories":[1],"tags":[],"class_list":["post-2426","post","type-post","status-publish","format-standard","has-post-thumbnail","hentry","category-non-classe"],"_links":{"self":[{"href":"https:\/\/monde25.info\/index.php\/wp-json\/wp\/v2\/posts\/2426","targetHints":{"allow":["GET"]}}],"collection":[{"href":"https:\/\/monde25.info\/index.php\/wp-json\/wp\/v2\/posts"}],"about":[{"href":"https:\/\/monde25.info\/index.php\/wp-json\/wp\/v2\/types\/post"}],"author":[{"embeddable":true,"href":"https:\/\/monde25.info\/index.php\/wp-json\/wp\/v2\/users\/1"}],"replies":[{"embeddable":true,"href":"https:\/\/monde25.info\/index.php\/wp-json\/wp\/v2\/comments?post=2426"}],"version-history":[{"count":0,"href":"https:\/\/monde25.info\/index.php\/wp-json\/wp\/v2\/posts\/2426\/revisions"}],"wp:featuredmedia":[{"embeddable":true,"href":"https:\/\/monde25.info\/index.php\/wp-json\/wp\/v2\/media\/2427"}],"wp:attachment":[{"href":"https:\/\/monde25.info\/index.php\/wp-json\/wp\/v2\/media?parent=2426"}],"wp:term":[{"taxonomy":"category","embeddable":true,"href":"https:\/\/monde25.info\/index.php\/wp-json\/wp\/v2\/categories?post=2426"},{"taxonomy":"post_tag","embeddable":true,"href":"https:\/\/monde25.info\/index.php\/wp-json\/wp\/v2\/tags?post=2426"}],"curies":[{"name":"wp","href":"https:\/\/api.w.org\/{rel}","templated":true}]}}