{"id":2434,"date":"2025-02-12T08:28:38","date_gmt":"2025-02-12T07:28:38","guid":{"rendered":"https:\/\/monde25.info\/index.php\/2025\/02\/12\/mayotte-ou-les-embarras-de-paris-par-remi-carayol-le-monde-diplomatique-fevrier-2025\/"},"modified":"2025-02-12T08:28:38","modified_gmt":"2025-02-12T07:28:38","slug":"mayotte-ou-les-embarras-de-paris-par-remi-carayol-le-monde-diplomatique-fevrier-2025","status":"publish","type":"post","link":"https:\/\/monde25.info\/index.php\/2025\/02\/12\/mayotte-ou-les-embarras-de-paris-par-remi-carayol-le-monde-diplomatique-fevrier-2025\/","title":{"rendered":"Mayotte ou les embarras de Paris, par R\u00e9mi Carayol (Le Monde diplomatique, f\u00e9vrier 2025)"},"content":{"rendered":"<p> <br \/>\n<\/p>\n<div>\n<p class=\"crayon article-surtitre-68042 surtitre\">Apr\u00e8s le cyclone Chido, encore et toujours des politiques publiques de bric et de broc<\/p>\n<div class=\"crayon article-chapo-68042 chapo\">\n<p>Acquise par la France en 1841, Mayotte en est aujourd\u2019hui le territoire le plus pauvre. Son sous-\u00add\u00e9veloppement et l\u2019\u00e9tat calamiteux de ses infrastructures d\u00e9coulent des atermoiements politiques d\u2019un pays dont les dirigeants successifs n\u2019ont jamais consid\u00e9r\u00e9 l\u2019\u00eele comme une priorit\u00e9. Le gouvernement de M.\u00a0Fran\u00e7ois Bayrou fera-t-il exception<small class=\"fine\">\u00a0<\/small>?<\/p>\n<\/div><\/div>\n<div couleurfade=\"eeeae5\" couleurclaire=\"ebe6df\" couleurpale=\"e7d0b0\" couleurmi=\"7c694f\" couleurfoncee=\"7b531d\" couleursombre=\"1f1a13\" couleurfond=\"5e564c\" couleurtexte=\"ffffff\">\n<div class=\"enapercu\">\n<figure class=\"spip_document_34131 spip_documents spip_documents_center xl\" style=\"width:890px;\">\n<div class=\"limage\">\n<p>\t\t\t<img loading=\"lazy\" decoding=\"async\" src=\"https:\/\/www.monde-diplomatique.fr\/\/local\/cache-vignettes\/L890xH593\/21-7-e18e3.jpg?1738680864\" width=\"890\" height=\"593\" class=\"spip_logos\" alt=\"JPEG - 136\u00a0ko\"\/><\/p><\/div><figcaption>\n<p>Sergey Ponomarev. \u2013 Le bidonville de Kaw\u00e9ni apr\u00e8s le passage du cyclone Chido<\/p>\n<p>\u00a9 Sergey Ponomarev\/The New York Times\/Redux -REA\n<\/p>\n<\/figcaption><\/figure>\n<p><span class=\"mot-lettrine\"><span class=\"lettrine\">E<\/span>n<\/span> Petite-Terre, l\u2019une des deux \u00eeles habit\u00e9es de Mayotte, devant l\u2019usine de dessalement de l\u2019eau de mer qui alimente le r\u00e9seau d\u2019eau potable, le 30\u00a0d\u00e9cembre. Six membres du gouvernement, dont le premier ministre Fran\u00e7ois Bayrou, viennent d\u2019atterrir, seize jours apr\u00e8s le passage du cyclone Chido. Le territoire est ravag\u00e9. Le bilan officiel fait \u00e9tat de trente-neuf morts et de plus de cinq mille bless\u00e9s, mais beaucoup le jugent sous-\u00e9valu\u00e9. De nombreuses maisons en dur, mais aussi des b\u00e2timents publics, n\u2019ont plus de toit. Des milliers d\u2019arbres sont \u00e0 terre. Les r\u00e9seaux d\u2019\u00e9lectricit\u00e9, de t\u00e9l\u00e9communications et d\u2019eau ont tous \u00e9t\u00e9 coup\u00e9s.<\/p>\n<p>Les habitants de Mayotte ont faim, et surtout soif. Ils avaient d\u00e9j\u00e0 subi une grave p\u00e9nurie en 2023\u00a0: les retenues collinaires \u00e9taient \u00e0 sec et les robinets \u00e9taient ferm\u00e9s deux jours sur trois. Dans l\u2019urgence, l\u2019\u00c9tat avait d\u00fb acheminer des centaines de milliers de bouteilles en plastique. Il y avait eu une premi\u00e8re alerte s\u00e9rieuse en 2016, et les raisons \u00e9taient connues\u00a0: s\u00e9cheresses li\u00e9es au d\u00e9r\u00e8glement climatique, canalisations en piteux \u00e9tat, consommation de plus en plus importante et production insuffisante\u2026<\/p>\n<p>Ce 30\u00a0d\u00e9cembre, M.\u00a0Bayrou est interpell\u00e9 par la d\u00e9put\u00e9e (Rassemblement national) Anchya Bamana, qui souhaite <i>\u00ab<small class=\"fine\">\u00a0<\/small>que ce dossier soit urgemment r\u00e9anim\u00e9<small class=\"fine\">\u00a0<\/small>\u00bb. \u00ab<small class=\"fine\">\u00a0<\/small>Est-ce que les unit\u00e9s de dessalement sur bateau sont disponibles<small class=\"fine\">\u00a0<\/small>?<small class=\"fine\">\u00a0<\/small>\u00bb,<\/i> demande-t-il autour de lui. Il se retourne vers une fonctionnaire\u00a0: <i>\u00ab<small class=\"fine\">\u00a0<\/small>Vous connaissez la question<small class=\"fine\">\u00a0<\/small>?<\/i> \u2014 <i>Oui, mais \u00e7a nous para\u00eet compliqu\u00e9 car, apr\u00e8s, il faut r\u00e9alimenter le r\u00e9seau via les bateaux. On y avait r\u00e9fl\u00e9chi en 2023.<small class=\"fine\">\u00a0<\/small>\u00bb<\/i> Pris au d\u00e9pourvu, M.\u00a0Bayrou se tourne vers Mme\u00a0\u00c9lisabeth Borne, sa ministre de l\u2019\u00e9ducation. Elle \u00e9tait \u00e0 la t\u00eate du gouvernement en 2023. Mais elle n\u2019a pas grand-chose \u00e0 dire. Les \u00e9lus locaux s\u2019inqui\u00e8tent de voir les ministres t\u00e2tonner et improviser. Ils rappellent qu\u2019avant le cyclone on produisait 38\u00a0000\u00a0m\u00e8tres cubes d\u2019eau par jour pour une consommation quotidienne de 46\u00a0000\u00a0m\u00e8tres cubes.<\/p>\n<p>Quelques heures\u00a0(&#8230;)<\/p>\n<\/p><\/div>\n<p>Taille de l\u2019article complet\u00a0:\u00a0<span>2\u00a0614<\/span>\u00a0mots.<\/p>\n<div class=\"promo_dispo_article\">\n<h2 class=\"avantbloc\">\n\tCet article est r\u00e9serv\u00e9 aux\u00a0abonn\u00e9s<\/p>\n<\/h2>\n<div class=\"abo_inst\">\n\t<strong>Lyc\u00e9es, biblioth\u00e8ques, administrations, entreprises,<\/strong><br \/>\n\tacc\u00e9dez \u00e0 la base de donn\u00e9es en ligne de tous les articles du <i>Monde diplomatique<\/i> de 1954 \u00e0 nos\u00a0jours.<br \/>\n\t<a target=\"_blank\" id=\"pw-institutions\" class=\"suivi\" href=\"https:\/\/www.monde-diplomatique.fr\/archives\/institutions\">Retrouvez cette\u00a0offre sp\u00e9cifique<\/a>.\n<\/div>\n<\/div><\/div>\n<div>\n<p class=\"nom\">R\u00e9mi Carayol<\/p>\n<p>\n\t\t\t\t\tJournaliste. Auteur de <i>Mayotte. D\u00e9partement colonie,<\/i> La Fabrique, Paris, 2024.<\/p>\n<\/p><\/div>\n<p><br \/>\n<br \/><a href=\"https:\/\/www.monde-diplomatique.fr\/2025\/02\/CARAYOL\/68042\" target=\"_blank\"\">Source link <\/a><\/p>\n","protected":false},"excerpt":{"rendered":"<p>Apr\u00e8s le cyclone Chido, encore et toujours des politiques publiques de bric et de broc Acquise par la France en 1841, Mayotte en est aujourd\u2019hui le territoire le plus pauvre.&hellip; <\/p>\n","protected":false},"author":1,"featured_media":2435,"comment_status":"open","ping_status":"open","sticky":false,"template":"","format":"standard","meta":{"footnotes":""},"categories":[1],"tags":[],"class_list":["post-2434","post","type-post","status-publish","format-standard","has-post-thumbnail","hentry","category-non-classe"],"_links":{"self":[{"href":"https:\/\/monde25.info\/index.php\/wp-json\/wp\/v2\/posts\/2434","targetHints":{"allow":["GET"]}}],"collection":[{"href":"https:\/\/monde25.info\/index.php\/wp-json\/wp\/v2\/posts"}],"about":[{"href":"https:\/\/monde25.info\/index.php\/wp-json\/wp\/v2\/types\/post"}],"author":[{"embeddable":true,"href":"https:\/\/monde25.info\/index.php\/wp-json\/wp\/v2\/users\/1"}],"replies":[{"embeddable":true,"href":"https:\/\/monde25.info\/index.php\/wp-json\/wp\/v2\/comments?post=2434"}],"version-history":[{"count":0,"href":"https:\/\/monde25.info\/index.php\/wp-json\/wp\/v2\/posts\/2434\/revisions"}],"wp:featuredmedia":[{"embeddable":true,"href":"https:\/\/monde25.info\/index.php\/wp-json\/wp\/v2\/media\/2435"}],"wp:attachment":[{"href":"https:\/\/monde25.info\/index.php\/wp-json\/wp\/v2\/media?parent=2434"}],"wp:term":[{"taxonomy":"category","embeddable":true,"href":"https:\/\/monde25.info\/index.php\/wp-json\/wp\/v2\/categories?post=2434"},{"taxonomy":"post_tag","embeddable":true,"href":"https:\/\/monde25.info\/index.php\/wp-json\/wp\/v2\/tags?post=2434"}],"curies":[{"name":"wp","href":"https:\/\/api.w.org\/{rel}","templated":true}]}}