{"id":2436,"date":"2025-02-12T09:01:36","date_gmt":"2025-02-12T08:01:36","guid":{"rendered":"https:\/\/monde25.info\/index.php\/2025\/02\/12\/a-mayotte-ils-prennent-soin-des-lemuriens-rescapes-du-cyclone\/"},"modified":"2025-02-12T09:01:36","modified_gmt":"2025-02-12T08:01:36","slug":"a-mayotte-ils-prennent-soin-des-lemuriens-rescapes-du-cyclone","status":"publish","type":"post","link":"https:\/\/monde25.info\/index.php\/2025\/02\/12\/a-mayotte-ils-prennent-soin-des-lemuriens-rescapes-du-cyclone\/","title":{"rendered":"\u00c0 Mayotte, ils prennent soin des l\u00e9muriens rescap\u00e9s du cyclone"},"content":{"rendered":"<p> <br \/>\n<\/p>\n<div>\n<p class=\"indication_lieu\">Plage de N\u2019Gouja (Mayotte), reportage<\/p>\n<p>Une vingtaine de makis sont, comme \u00e0 leur habitude, en qu\u00eate de nourriture sur la plage de N\u2019Gouja, dans le sud de Mayotte. L\u2019endroit est connu pour ses l\u00e9muriens peu farouches amusant les r\u00e9sidents de l\u2019h\u00f4tel sur place, \u00e0 qui ils viennent piquer les petits-d\u00e9jeuners\u2026 en temps normal. Car, plus d\u2019un mois apr\u00e8s le <a target=\"_blank\" href=\"https:\/\/reporterre.net\/A-Mayotte-devastee-par-le-cyclone-les-agriculteurs-ont-tout-perdu\" class=\"spip_in\">passage du cyclone Chido<\/a> le 14\u00a0d\u00e9cembre, une partie des bungalows git toujours au sol et les makis scrutent d\u00e9sormais les pique-niques des plagistes, faute de mieux.<\/p>\n<p><i>\u00ab<small class=\"fine d-inline\">\u00a0<\/small>Ils ont l\u2019air plus agressifs entre eux qu\u2019avant<small class=\"fine d-inline\">\u00a0<\/small>\u00bb<\/i>, remarque une femme dont la glaci\u00e8re est \u00e0 deux doigts d\u2019\u00eatre prise d\u2019assaut. Quelques minutes auparavant, des tensions se sont fait sentir entre deux groupes aux queues h\u00e9riss\u00e9es et aux coups de pattes faciles. Une cons\u00e9quence typique du manque de nourriture, explique Laurent Tarnaud, primatologue associ\u00e9 au Mus\u00e9um national d\u2019histoire naturelle de Paris.<\/p>\n<div class=\"spip_document_88529 spip_document spip_documents spip_document_image spip_documents_center spip_document_center spip_document_avec_legende\" data-legende-len=\"125\" data-legende-lenx=\"xx\">\n<figure class=\"spip_doc_inner\">\n      <picture><source type=\"image\/webp\" srcset=\"https:\/\/reporterre.net\/local\/cache-vignettes\/L1050xH700\/dsc_5530-2-9ed6e.jpg@.webp?1738928867\"><img decoding=\"async\" src=\"https:\/\/reporterre.net\/IMG\/jpg\/dsc_5530-2.jpg\" width=\"1200\" height=\"800\" loading=\"lazy\" alt=\"\"\/><br \/>\n    <\/source><\/picture><figcaption class=\"spip_doc_legende\">\n<p>Sur la plage de N\u2019Gouja, les makis s\u2019approchent des humains pour r\u00e9cup\u00e9rer leur nourriture.<br \/>\n<i>\u00a9 Olivier Ceccaldi \/ Reporterre<\/i><\/p>\n<\/figcaption><\/figure>\n<\/p><\/div>\n<p>Alors que le cyclone Chido a d\u00e9vast\u00e9 l\u2019\u00eele, faisant au moins 39 morts et des milliers de bless\u00e9s \u2014 un bilan humain <a target=\"_blank\" href=\"https:\/\/www.publicsenat.fr\/actualites\/parlementaire\/cyclone-chido-a-mayotte-nous-navons-rien-a-cacher-le-debat-se-tend-au-senat-sur-le-nombre-de-morts\" class=\"spip_out\" rel=\"external\">probablement sous-estim\u00e9<\/a>\u00a0\u2014, la d\u00e9tresse de ce petit animal a \u00e9mu une partie des habitants. Sa survie \u00e0 Mayotte est menac\u00e9e\u00a0: <i>Eulemur fulvus<\/i> est une esp\u00e8ce vuln\u00e9rable inscrite depuis 2018 sur la liste rouge de l\u2019Union internationale pour la conservation de la nature (<span class=\"caps\">UICN<\/span>).<\/p>\n<p>Introduit sur le territoire il y a environ 1 000 ans par les Malgaches qui commer\u00e7aient sa viande, l\u2019animal frugivore n\u2019a plus de garde-mangers et, habitu\u00e9 \u00e0 vivre et \u00e0 se d\u00e9placer d\u2019arbre en arbre, il se retrouve d\u00e9sorient\u00e9. Les l\u00e9muriens doivent dor\u00e9navant marcher, se mettant ainsi en danger\u00a0: sur les routes, on croise r\u00e9guli\u00e8rement des corps fauch\u00e9s par des automobilistes, des dizaines parfois sur certains tron\u00e7ons.<\/p>\n<h2 class=\"spip\">\u00ab<small class=\"fine d-inline\">\u00a0<\/small>Je n\u2019ai pas pu le laisser<small class=\"fine d-inline\">\u00a0<\/small>\u00bb<\/h2>\n<p>Quelques jours apr\u00e8s le passage du cyclone, des enfants d\u2019un des bidonvilles de Kahani, au centre de l\u2019\u00eele, sont ainsi venus voir Manzola, qui tient une exploitation p\u00e9dagogique \u00e0 c\u00f4t\u00e9 du quartier informel. Ils avaient trouv\u00e9 un b\u00e9b\u00e9 maki orphelin depuis la temp\u00eate, et ont d\u00e9cid\u00e9 de l\u2019apporter \u00e0 leur voisin, connu pour s\u2019occuper de nombreux animaux. <i>\u00ab<small class=\"fine d-inline\">\u00a0<\/small>Il avait d\u00fb \u00eatre s\u00e9par\u00e9 de son groupe, je n\u2019ai pas pu le laisser<small class=\"fine d-inline\">\u00a0<\/small>\u00bb<\/i>, dit le fermier, qui a alors commenc\u00e9 \u00e0 prendre soin de celui qu\u2019il a baptis\u00e9 <i>\u00ab<small class=\"fine d-inline\">\u00a0<\/small>Chido<small class=\"fine d-inline\">\u00a0<\/small>\u00bb<\/i>. Avec les papayers qui lui restaient encore ou des pommes achet\u00e9es en supermarch\u00e9, il l\u2019a nourri et a commenc\u00e9 \u00e0 l\u2019int\u00e9grer \u00e0 la vie de sa ferme. <i>\u00ab<small class=\"fine d-inline\">\u00a0<\/small>Je lui mettais de l\u2019eau dans un petit r\u00e9cipient<small class=\"fine d-inline\">\u00a0<\/small>\u00bb<\/i>, raconte Manzola.<\/p>\n<p>Un mois et demi apr\u00e8s, la cage \u00e0 chat dans laquelle il mettait Chido pour le prot\u00e9ger de ses chiens est vide. <i>\u00ab<small class=\"fine d-inline\">\u00a0<\/small>Il n\u2019a pas surv\u00e9cu \u00e0 l\u2019absence de sa maman<small class=\"fine d-inline\">\u00a0<\/small>\u00bb<\/i>, d\u00e9plore le Mahorais, en montrant le pied de vanille sous lequel il l\u2019a enterr\u00e9. La survie des makis, des animaux sociaux, est compromise lorsqu\u2019ils sont isol\u00e9s, explique Laurent Tarnaud. Manzola continue de laisser les quelques l\u00e9muriens venant encore visiter son exploitation manger les derniers fruits qui s\u2019y trouvent.<\/p>\n<div class=\"spip_document_88520 spip_document spip_documents spip_document_image spip_documents_center spip_document_center spip_document_avec_legende\" data-legende-len=\"132\" data-legende-lenx=\"xxx\">\n<figure class=\"spip_doc_inner\">\n      <picture><source type=\"image\/webp\" srcset=\"https:\/\/reporterre.net\/local\/cache-vignettes\/L1050xH700\/dsc_5451-4c747.jpg@.webp?1738928287\"><img decoding=\"async\" src=\"https:\/\/reporterre.net\/IMG\/jpg\/dsc_5451.jpg\" width=\"1200\" height=\"800\" loading=\"lazy\" alt=\"\"\/><br \/>\n    <\/source><\/picture><figcaption class=\"spip_doc_legende\">\n<p>Manzola, sur sa ferme \u00e9ducative qui a \u00e9t\u00e9 fortement touch\u00e9e par le cyclone Chido en d\u00e9cembre 2024.<br \/>\n<i>\u00a9 Olivier Ceccaldi \/ Reporterre<\/i><\/p>\n<\/figcaption><\/figure>\n<\/p><\/div>\n<p><i>\u00ab<small class=\"fine d-inline\">\u00a0<\/small>Souvent, les agriculteurs n\u2019aiment pas \u00e7a, mais au moins les makis mangent quelque chose<small class=\"fine d-inline\">\u00a0<\/small>\u00bb<\/i>, dit-il en observant un adulte perch\u00e9 sur un de ses arbres. Si les makis ne font pas l\u2019unanimit\u00e9, notamment parmi les exploitants agricoles, Manzola estime lui que la faune passe avant ses fruits. <i>\u00ab<small class=\"fine d-inline\">\u00a0<\/small>J\u2019ai toujours grandi en voyant des makis, c\u2019est un animal embl\u00e9matique ici.<small class=\"fine d-inline\">\u00a0<\/small>\u00bb<\/i><\/p>\n<p>Attrist\u00e9s de voir ces animaux errer en qu\u00eate de nourriture, d\u2019autres habitants se sont mis \u00e0 les nourrir. Certains gestes bien intentionn\u00e9s ont mis en alerte les associations environnementales. <i>\u00ab<small class=\"fine d-inline\">\u00a0<\/small>On a pu voir des vid\u00e9os de gens leur donnant des g\u00e2teaux industriels<small class=\"fine d-inline\">\u00a0<\/small>\u00bb<\/i>, s\u2019alarme Manuella Grimault, directrice du r\u00e9seau d\u2019\u00e9ducation \u00e0 l\u2019environnement et au d\u00e9veloppement durable de Mayotte (<span class=\"caps\">EEDD<\/span> 976), qui regroupe plusieurs associations et acteurs environnementaux. Une nourriture non adapt\u00e9e peut entra\u00eener des troubles digestifs importants chez ces animaux.<\/p>\n<div class=\"spip_document_88528 spip_document spip_documents spip_document_image spip_documents_center spip_document_center spip_document_avec_legende\" data-legende-len=\"141\" data-legende-lenx=\"xxx\">\n<figure class=\"spip_doc_inner\">\n      <picture><source type=\"image\/webp\" srcset=\"https:\/\/reporterre.net\/local\/cache-vignettes\/L1050xH700\/dsc_5537-4a5cd.jpg@.webp?1738928287\"><img decoding=\"async\" src=\"https:\/\/reporterre.net\/IMG\/jpg\/dsc_5537.jpg\" width=\"1200\" height=\"800\" loading=\"lazy\" alt=\"\"\/><br \/>\n    <\/source><\/picture><figcaption class=\"spip_doc_legende\">\n<p>Les makis, qui ne mangent environ que 300 g par jour, ont tendance \u00e0 se gaver quand on leur donne \u00e0 manger.<br \/>\n<i>\u00a9 Olivier Ceccaldi \/ Reporterre<\/i><\/p>\n<\/figcaption><\/figure>\n<\/p><\/div>\n<p>Les associations s\u2019inqui\u00e8tent aussi de les voir prendre l\u2019habitude de venir se nourrir sur les terrasses et, \u00e0 terme, ne plus savoir se d\u00e9brouiller eux-m\u00eames dans les for\u00eats. Elles ont donc commenc\u00e9 un travail de sensibilisation pour encourager \u00e0 laisser la nature suivre son cours.<\/p>\n<p><i>\u00ab<small class=\"fine d-inline\">\u00a0<\/small>Quand il n\u2019y a plus de fruits, les makis peuvent se nourrir de feuilles, et on voit justement les arbres reverdir. C\u2019est une tr\u00e8s bonne nouvelle pour l\u2019esp\u00e8ce<small class=\"fine d-inline\">\u00a0<\/small>\u00bb<\/i>, indique Manuella Grimault, dont le r\u00e9seau associatif a contribu\u00e9 \u00e0 la diffusion des consignes. Laurent Tarnaud ajoute que certains makis \u00e0 Madagascar se nourrissent exclusivement de feuilles et, \u00e0 Mayotte, certains le font aussi en saison s\u00e8che.<\/p>\n<p><i>\u00ab<small class=\"fine d-inline\">\u00a0<\/small>Il faut laisser aux makis le temps de reprendre leur ancrage dans la for\u00eat mahoraise, connue pour sa r\u00e9silience<small class=\"fine d-inline\">\u00a0<\/small>\u00bb<\/i>, dit le primatologue, pour qui le travail doit se concentrer sur la bonne gestion de la reprise des espaces naturels. Mais nombre de Mahorais, comme Manzola, estiment que <i>\u00ab<small class=\"fine d-inline\">\u00a0<\/small>si on les laisse comme \u00e7a, leur population va chuter d\u2019un coup<small class=\"fine d-inline\">\u00a0<\/small>\u00bb<\/i>.<\/p>\n<div class=\"spip_document_88524 spip_document spip_documents spip_document_image spip_documents_center spip_document_center spip_document_avec_legende\" data-legende-len=\"150\" data-legende-lenx=\"xxx\">\n<figure class=\"spip_doc_inner\">\n      <picture><source type=\"image\/webp\" srcset=\"https:\/\/reporterre.net\/local\/cache-vignettes\/L1050xH700\/dsc_5486-a6aac.jpg@.webp?1738928341\"><img decoding=\"async\" src=\"https:\/\/reporterre.net\/IMG\/jpg\/dsc_5486.jpg\" width=\"1200\" height=\"800\" loading=\"lazy\" alt=\"\"\/><br \/>\n    <\/source><\/picture><figcaption class=\"spip_doc_legende\">\n<p>\u00c0 d\u00e9faut de pouvoir aller d\u2019arbre en arbre, les makis doivent marcher, et certains se font faucher par des voitures.<br \/>\n<i>\u00a9 Olivier Ceccaldi \/ Reporterre<\/i><\/p>\n<\/figcaption><\/figure>\n<\/p><\/div>\n<h2 class=\"spip\">\u00ab<small class=\"fine d-inline\">\u00a0<\/small>Il n\u2019y a quasiment plus de nature<small class=\"fine d-inline\">\u00a0<\/small>\u00bb<\/h2>\n<p>Aider les makis de mani\u00e8re \u00e0 garder leur autonomie, c\u2019est la mission que s\u2019est donn\u00e9e Warda Bacar, une habitante de Combani. Pour elle, ne pas intervenir revient \u00e0 oublier les cons\u00e9quences des actions humaines sur l\u2019habitat naturel du mammif\u00e8re, d\u00e9j\u00e0 victime de la d\u00e9forestation avant le passage du cyclone. <i>\u00ab<small class=\"fine d-inline\">\u00a0<\/small>On nous dit de laisser faire la nature, mais il n\u2019y a quasiment plus de nature<small class=\"fine d-inline\">\u00a0<\/small>\u00bb<\/i>, estime celle qui voit r\u00e9guli\u00e8rement des l\u00e9muriens \u00e0 sa porte en qu\u00eate de nourriture.<\/p>\n<p>Apr\u00e8s avoir lanc\u00e9 un appel aux dons aupr\u00e8s des grandes surfaces, elle a pu r\u00e9cup\u00e9rer quatre palettes de bananes dans le supermarch\u00e9 de sa ville. Avec une dizaine de b\u00e9n\u00e9voles, elle a arpent\u00e9 le centre et le sud de l\u2019\u00eele pour disperser les fruits dans la nature. <i>\u00ab<small class=\"fine d-inline\">\u00a0<\/small>On en a laiss\u00e9 en hauteur, sur des arbres, pour qu\u2019ils ne perdent pas l\u2019habitude de se nourrir en for\u00eat<small class=\"fine d-inline\">\u00a0<\/small>\u00bb<\/i>, explique Warda Bacar, qui esp\u00e8re pouvoir mettre en place une logistique plus importante pour la prochaine distribution, qu\u2019elle veut effectuer dans le nord de l\u2019\u00eele.<\/p>\n<div class=\"spip_document_88521 spip_document spip_documents spip_document_image spip_documents_center spip_document_center spip_document_avec_legende\" data-legende-len=\"90\" data-legende-lenx=\"xx\">\n<figure class=\"spip_doc_inner\">\n      <picture><source type=\"image\/webp\" srcset=\"https:\/\/reporterre.net\/local\/cache-vignettes\/L1050xH700\/dsc_5468-11be2.jpg@.webp?1738928341\"><img decoding=\"async\" src=\"https:\/\/reporterre.net\/IMG\/jpg\/dsc_5468.jpg\" width=\"1200\" height=\"800\" loading=\"lazy\" alt=\"\"\/><br \/>\n    <\/source><\/picture><figcaption class=\"spip_doc_legende\">\n<p>\u00ab<small class=\"fine d-inline\">\u00a0<\/small><small class=\"fine d-inline\">\u00a0<\/small>Parfois, la meilleure approche est de ne rien faire.<small class=\"fine d-inline\">\u00a0<\/small><small class=\"fine d-inline\">\u00a0<\/small>\u00bb<br \/>\n<i>\u00a9 Olivier Ceccaldi \/ Reporterre<\/i><\/p>\n<\/figcaption><\/figure>\n<\/p><\/div>\n<p>Une d\u00e9marche int\u00e9ressante, selon le primatologue Laurent Tarnaud, car la distribution a lieu dans la zone d\u2019habitat\u00a0: <i>\u00ab<small class=\"fine d-inline\">\u00a0<\/small>Le fait de r\u00e9partir la nourriture sur une zone vaste r\u00e9duit aussi la comp\u00e9tition.<small class=\"fine d-inline\">\u00a0<\/small>\u00bb<\/i> Il recommande n\u00e9anmoins de voir \u00e0 plus long terme, en replantant des lianes dans les haies des jardins par exemple, les makis pouvant s\u2019en nourrir.<\/p>\n<p>Du c\u00f4t\u00e9 des associations, des groupes de travail se mettent en place pour faire face aux diff\u00e9rentes probl\u00e9matiques environnementales provoqu\u00e9es par Chido. En s\u2019appuyant sur des experts et leurs travaux, elles d\u00e9terminent s\u2019il vaut mieux agir ou compter sur la r\u00e9silience des \u00e9cosyst\u00e8mes, selon Manuella Grimault\u00a0: <i>\u00ab<small class=\"fine d-inline\">\u00a0<\/small>On comprend que ce soit compliqu\u00e9 pour la population de ne pas nous voir agir imm\u00e9diatement pour sauver les makis. Mais parfois, la meilleure approche est de ne rien faire.<small class=\"fine d-inline\">\u00a0<\/small>\u00bb<\/i><\/p>\n<p><center><br \/>\n  <\/p>\n<p><\/center><\/p>\n<hr class=\"spip\"\/><strong><\/p>\n<p class=\"indication_lieu\">Comment bien les nourrir<small class=\"fine d-inline\">\u00a0<\/small>?<\/p>\n<p><\/strong><\/p>\n<p>Les makis, qui ne mangent environ que 300\u00a0g par jour, ont tendance \u00e0 se gaver quand on leur donne \u00e0 manger, explique Laurent Tarnaud. Les associations locales ont ainsi travaill\u00e9 avec le primatologue pour faire des recommandations aux habitants qui nourriront les makis dans tous les cas. Disperser la nourriture, donner des fruits, \u00e9viter les heures fixes sont des principes \u00e0 respecter pour qu\u2019ils conservent leurs habitudes et puissent de nouveau aller chercher les fruits quand ils repousseront dans les arbres. <i>\u00ab<small class=\"fine d-inline\">\u00a0<\/small>Si on concentre la nourriture, les animaux vont entrer en comp\u00e9tition. Cela ajoute du stress au stress<small class=\"fine d-inline\">\u00a0<\/small>\u00bb<\/i>, dit le primatologue.<\/p>\n<aside class=\"boite_encarts\">\n<div class=\"encart encart_gris noprint\">\n<p><strong>Puisque vous \u00eates l\u00e0&#8230;<\/strong><\/p>\n<p>&#8230; nous avons un petit service \u00e0 vous demander.<br class=\"autobr\"\/><br \/>\nEntre la pr\u00e9sence d\u2019un climatosceptique \u00e0 la t\u00eate de la premi\u00e8re puissance mondiale, un gouvernement fran\u00e7ais qui flirte avec l\u2019extr\u00eame-droite, et les catastrophes climatiques qui s\u2019enchainent&#8230; Faire vivre l\u2019\u00e9cologie dans le d\u00e9bat public est un enjeu crucial.<\/p>\n<p>Personne ne modifie ce que nous publions. Nous n\u2019avons ni actionnaire, ni propri\u00e9taire milliardaire \u2014 seulement une \u00e9quipe d\u2019irr\u00e9ductibles journalistes, pleine de d\u00e9termination.<\/p>\n<p>Nous avons la conviction que l\u2019urgence \u00e9cologique est l\u2019enjeu majeur de notre \u00e9poque. Et comme plus de 2 millions de lectrices et lecteurs chaque mois, vous partagez sans doute cette conviction&#8230;<\/p>\n<p><strong>Depuis 12 ans, nous publions des articles de qualit\u00e9 sur l\u2019\u00e9cologie, en acc\u00e8s libre et sans publicit\u00e9, pour tous.<\/strong><br class=\"autobr\"\/><br \/>\nMais ce travail demande beaucoup de temps et de ressources.<\/p>\n<p>Alors, si vous en avez les moyens, sachez qu\u2019un don, m\u00eame d\u20191\u20ac, est un acte de soutien fort pour l\u2019\u00e9cologie et le journalisme ind\u00e9pendant.<br class=\"autobr\"\/><br \/>\n(Et \u00e7a vous prendra moins de temps que la lecture de ce texte).<\/p>\n<p><strong>Si vous le pouvez, choisissez un soutien mensuel. Merci.<\/strong><\/p>\n<p><a target=\"_blank\" href=\"https:\/\/reporterre.net\/dons\" class=\"bt_soutenir\">Je soutiens <i>Reporterre<\/i><\/a><\/p>\n<\/p><\/div>\n<div class=\"encart encart_vert noprint montre_1023\">\n<div class=\"infolettre-form-container noprint\">\n<p>Abonnez-vous \u00e0 la lettre d\u2019info de Reporterre<\/p>\n<\/div><\/div>\n<\/aside>\n<aside class=\"boite_apresarticle encart_note\">\n<h4>Apr\u00e8s cet article<\/h4>\n<p>      <a target=\"_blank\" href=\"https:\/\/reporterre.net\/A-Mayotte-devastee-par-le-cyclone-les-agriculteurs-ont-tout-perdu\" class=\"lien_article\">\n      <picture class=\"vignette_gauche\"><source type=\"image\/webp\" srcset=\"https:\/\/reporterre.net\/local\/cache-vignettes\/L450xH300\/agriculture_mayotte_reporterre_4-deaef.jpg@.webp?1737368030\"><img decoding=\"async\" src=\"https:\/\/reporterre.net\/local\/cache-vignettes\/L450xH300\/agriculture_mayotte_reporterre_4-deaef.jpg?1737368030\" width=\"450\" height=\"300\" alt=\"\" class=\"marge12\" loading=\"lazy\"\/><br \/>\n<\/source><\/picture>\n<p class=\"libelle\">\n<p>          Reportage \u2014<\/p>\n<p>      Agriculture\n    <\/p>\n<p class=\"titre pol20\">\u00c0 Mayotte d\u00e9vast\u00e9e par le cyclone, \u00ab<small class=\"fine d-inline\">\u00a0<\/small>les agriculteurs ont tout perdu<small class=\"fine d-inline\">\u00a0<\/small>\u00bb<\/p>\n<p>      <\/a><br \/>\n    <\/aside>\n<aside class=\"boite_complement texte\">\n<p>      <!-- zone_forum --><br \/>\n          <\/aside>\n<aside class=\"boite_lireaussi noprint\">\n<\/aside>\n<aside class=\"colonne\">\n<div class=\"article_info cache_1023 noprint\">\n<p>    <span class=\"date\">10 f\u00e9vrier 2025  \u00e0 09h53<\/span><\/p>\n<p>    <span class=\"date_modif\">Mis \u00e0 jour le 11 f\u00e9vrier 2025 \u00e0 14h42<\/span>      <\/p>\n<p class=\"duree_lecture\">\n        Dur\u00e9e de lecture : 7 minutes\n      <\/p>\n<\/p><\/div>\n<div class=\"bloc_infolettre\">\n<div class=\"infolettre-form-container noprint\">\n<p>Abonnez-vous \u00e0 la lettre d\u2019info de Reporterre<\/p>\n<\/div><\/div>\n<\/aside><\/div>\n<p><br \/>\n<br \/><a href=\"https:\/\/reporterre.net\/A-Mayotte-ils-prennent-soin-des-lemuriens-rescapes-du-cyclone\" target=\"_blank\"\">Source link <\/a><\/p>\n","protected":false},"excerpt":{"rendered":"<p>Plage de N\u2019Gouja (Mayotte), reportage Une vingtaine de makis sont, comme \u00e0 leur habitude, en qu\u00eate de nourriture sur la plage de N\u2019Gouja, dans le sud de Mayotte. L\u2019endroit est&hellip; <\/p>\n","protected":false},"author":1,"featured_media":2437,"comment_status":"open","ping_status":"open","sticky":false,"template":"","format":"standard","meta":{"footnotes":""},"categories":[1],"tags":[],"class_list":["post-2436","post","type-post","status-publish","format-standard","has-post-thumbnail","hentry","category-non-classe"],"_links":{"self":[{"href":"https:\/\/monde25.info\/index.php\/wp-json\/wp\/v2\/posts\/2436","targetHints":{"allow":["GET"]}}],"collection":[{"href":"https:\/\/monde25.info\/index.php\/wp-json\/wp\/v2\/posts"}],"about":[{"href":"https:\/\/monde25.info\/index.php\/wp-json\/wp\/v2\/types\/post"}],"author":[{"embeddable":true,"href":"https:\/\/monde25.info\/index.php\/wp-json\/wp\/v2\/users\/1"}],"replies":[{"embeddable":true,"href":"https:\/\/monde25.info\/index.php\/wp-json\/wp\/v2\/comments?post=2436"}],"version-history":[{"count":0,"href":"https:\/\/monde25.info\/index.php\/wp-json\/wp\/v2\/posts\/2436\/revisions"}],"wp:featuredmedia":[{"embeddable":true,"href":"https:\/\/monde25.info\/index.php\/wp-json\/wp\/v2\/media\/2437"}],"wp:attachment":[{"href":"https:\/\/monde25.info\/index.php\/wp-json\/wp\/v2\/media?parent=2436"}],"wp:term":[{"taxonomy":"category","embeddable":true,"href":"https:\/\/monde25.info\/index.php\/wp-json\/wp\/v2\/categories?post=2436"},{"taxonomy":"post_tag","embeddable":true,"href":"https:\/\/monde25.info\/index.php\/wp-json\/wp\/v2\/tags?post=2436"}],"curies":[{"name":"wp","href":"https:\/\/api.w.org\/{rel}","templated":true}]}}