{"id":2442,"date":"2025-02-12T10:40:35","date_gmt":"2025-02-12T09:40:35","guid":{"rendered":"https:\/\/monde25.info\/index.php\/2025\/02\/12\/stop-aux-destructions-des-jardins-populaires\/"},"modified":"2025-02-12T10:40:35","modified_gmt":"2025-02-12T09:40:35","slug":"stop-aux-destructions-des-jardins-populaires","status":"publish","type":"post","link":"https:\/\/monde25.info\/index.php\/2025\/02\/12\/stop-aux-destructions-des-jardins-populaires\/","title":{"rendered":"\u00ab\u00a0Stop aux destructions des jardins populaires\u00a0!\u00a0\u00bb"},"content":{"rendered":"<p> <br \/>\n<\/p>\n<div>\n<p>\u00c0 M<sup class=\"typo_exposants\">me<\/sup>\u00a0Agn\u00e8s Pannier-Runacher, ministre de la Transition \u00e9cologique, M<sup class=\"typo_exposants\">me<\/sup>\u00a0Martine Aubry, maire de Lille, M.\u00a0Damien Castelain, pr\u00e9sident de la M\u00e9tropole europ\u00e9enne de Lille,\u00a0M<sup class=\"typo_exposants\">me<\/sup>\u00a0Doriane B\u00e9cue, maire de Tourcoing, M<sup class=\"typo_exposants\">me<\/sup>\u00a0Karine Franclet, maire d\u2019Aubervilliers, M.\u00a0Mathieu Hanotin, pr\u00e9sident de Plaine Commune et maire de Saint-Denis, M<sup class=\"typo_exposants\">me<\/sup>\u00a0Nathalie Koenders, maire de Dijon, M<sup class=\"typo_exposants\">me<\/sup>\u00a0Johanna Rolland, maire de Nantes,\u00a0M<sup class=\"typo_exposants\">me<\/sup>\u00a0Anne Vignot, maire de Besan\u00e7on.<\/p>\n<hr class=\"spip\"\/>\n<p>Mesdames et messieurs Pannier-Runacher, Aubry, Castelain, B\u00e9cue, Franclet, Hanotin, Koenders, Rolland, Vignot, vos politiques technocrates, hors sol, ignorent ce qu\u2019est un jardin\u00a0: un morceau de soi ancr\u00e9 dans la terre, un espace de sociabilit\u00e9 essentiel et une ressource vivri\u00e8re, en r\u00e9sum\u00e9 un lieu fourmillant de vie, entre nature et culture.<\/p>\n<p>Selon vous, une terre jardin\u00e9e est une <i>\u00ab<small class=\"fine d-inline\">\u00a0<\/small>dent creuse<small class=\"fine d-inline\">\u00a0<\/small>\u00bb<\/i>, une <i>\u00ab<small class=\"fine d-inline\">\u00a0<\/small>opportunit\u00e9 de promotion<small class=\"fine d-inline\">\u00a0<\/small>\u00bb<\/i>, et, <i>\u00ab<small class=\"fine d-inline\">\u00a0<\/small>apr\u00e8s tout, ces jardins peuvent \u00eatre d\u00e9plac\u00e9s, remplac\u00e9s<small class=\"fine d-inline\">\u00a0<\/small>\u00bb<\/i>. On retrouve ces formulations, quasiment \u00e0 l\u2019identique, dans la plupart de vos discours et documents officiels.<\/p>\n<p>En avril 2022, nous \u00e9tions plusieurs repr\u00e9sentants de jardins <a target=\"_blank\" href=\"https:\/\/reporterre.net\/A-Besancon-la-lutte-pour-des-jardins-populaires-c-est-une-lutte-des-classes\" class=\"spip_in\">\u00e0 nous retrouver \u00e0 Besan\u00e7on<\/a> pour cr\u00e9er la Coalition des jardins populaires en lutte. Nous avons fait bloc, avons men\u00e9 des combats, et avons souvent remport\u00e9 des victoires, judiciaires comme d\u2019opinion. Mais pour chacune de ces victoires, combien de jardins d\u00e9truits dans le silence m\u00e9diatique le plus complet<small class=\"fine d-inline\">\u00a0<\/small>?<\/p>\n<h2 class=\"spip\">Les projets destructeurs se poursuivent en d\u00e9pit des victoires<\/h2>\n<p>Aux jardins des Vertus, \u00e0 Aubervilliers, malgr\u00e9 les victoires judiciaires, la mairie ne veut pas remettre en \u00e9tat les parcelles d\u00e9truites, mais sauv\u00e9es du b\u00e9ton. Quelques arbres rachitiques ont \u00e9t\u00e9 plant\u00e9s dans une zone cl\u00f4tur\u00e9e accol\u00e9e \u00e0 la piscine olympique. De nouvelles parcelles sont menac\u00e9es par <a target=\"_blank\" href=\"https:\/\/reporterre.net\/Les-tractopelles-menacent-de-nouveau-les-jardins-ouvriers-d-Aubervilliers\" class=\"spip_in\">l\u2019implantation d\u2019un p\u00f4le multimodal<\/a> (gare de transport voulue par Plaine Commune, communaut\u00e9 de communes locale), qui se ferait autour de la gare du Grand Paris en cours de construction, et par d\u2019autres projets immobiliers. Le Conseil d\u2019\u00c9tat a \u00e9t\u00e9 saisi pour les sauver, la lutte continue<small class=\"fine d-inline\">\u00a0<\/small>!<\/p>\n<p>Les jardins ouvriers de Tourcoing <a target=\"_blank\" href=\"https:\/\/reporterre.net\/Termine-les-jardins-partages-la-mairie-de-Tourcoing-veut-un-centre-commercial\" class=\"spip_in\">restent menac\u00e9s par un projet de zone commerciale<\/a>\u00a0: en mars 2022, la mobilisation avait obtenu l\u2019annulation du permis de construire et la maire s\u2019\u00e9tait engag\u00e9e publiquement \u00e0 les pr\u00e9server. Pourtant, le 15\u00a0octobre 2024, soit trois jours avant l\u2019entr\u00e9e en vigueur du nouveau <span class=\"caps\">PLU<\/span>, qui devait ent\u00e9riner cette protection, la mairie a accord\u00e9 de nouveau le permis au promoteur .<\/p>\n<p>La Friche Saint-Sauveur de Lille a \u00e9t\u00e9 et aurait pu continuer d\u2019\u00eatre un refuge pour la biodiversit\u00e9, un lieu de solidarit\u00e9 et d\u2019\u00e9change de savoir-faire, un espace d\u2019exp\u00e9rimentation collective comme <a target=\"_blank\" href=\"https:\/\/reporterre.net\/A-Lille-precaires-et-habitants-se-battent-pour-preserver-une-immense-friche-urbaine\" class=\"spip_in\">ce fut le cas ces dix derni\u00e8res ann\u00e9es<\/a>. Mais, il y a plus d\u2019un an, la mairie et la m\u00e9tropole ont d\u00e9cid\u00e9 de saper la mobilisation des habitants en cl\u00f4turant le site et en d\u00e9truisant les jardins am\u00e9nag\u00e9s au fil des ans.<\/p>\n<p>Sourds aux revendications \u00e9manant de la soci\u00e9t\u00e9 civile et de nombreuses associations, Martine Aubry et Damien Castelain maintiennent la b\u00e9tonisation du site et la construction d\u2019une piscine olympique, en d\u00e9pit de toutes les urgences sanitaires et environnementales.\u00a0<\/p>\n<p>Aux <a target=\"_blank\" href=\"https:\/\/reporterre.net\/Les-Vaites-poumon-vert-de-Besancon-sont-menaces-par-un-ecoquartier\" class=\"spip_in\">jardins des Va\u00eetes, \u00e0 Besan\u00e7on<\/a>, apr\u00e8s six ans de lutte et <a target=\"_blank\" href=\"https:\/\/lareleveetlapeste.fr\/la-justice-tranche-en-faveur-des-especes-protegees-et-preserve-34ha-de-jardins-maraichers-du-beton-a-besancon\/\" class=\"spip_out\" rel=\"external\">trois victoires judiciaires<\/a>, la mairie a relanc\u00e9 son projet de promotion immobili\u00e8re en novembre 2024. Contrainte d\u2019abandonner son projet initial, elle se paie aujourd\u2019hui les services d\u2019une bo\u00eete de com parisienne, v\u00e9ritable <a target=\"_blank\" href=\"https:\/\/www.avdlv.com\/fr\/grands-projets\" class=\"spip_out\" rel=\"external\">mercenaire de grands projets inutiles<\/a>, pour convaincre l\u2019opinion publique de l\u2019int\u00e9r\u00eat de son <i>\u00ab<small class=\"fine d-inline\">\u00a0<\/small>acte\u00a02<small class=\"fine d-inline\">\u00a0<\/small>\u00bb<\/i> de projet d\u2019\u00e9coquartier.\u00a0<\/p>\n<h2 class=\"spip\">B\u00e9tonisation et menaces d\u2019expulsion<\/h2>\n<p>Premi\u00e8re phase de cet <i>\u00ab<small class=\"fine d-inline\">\u00a0<\/small>acte 2<small class=\"fine d-inline\">\u00a0<\/small>\u00bb<\/i>\u00a0: les jardini\u00e8r<span aria-hidden=\"true\">\u00b7<\/span>es des Va\u00eetes sont somm\u00e9<span aria-hidden=\"true\">\u00b7<\/span>es d\u2019accepter un remembrement total des jardins actuellement en autogestion. Les parcelles doivent \u00eatre red\u00e9coup\u00e9es et r\u00e9duites pour laisser la place au b\u00e9ton ou aux futurs habitants de l\u2019\u00e9coquartier.\u00a0Les jardini\u00e8r<span aria-hidden=\"true\">\u00b7<\/span>es r\u00e9calcitrant<span aria-hidden=\"true\">\u00b7<\/span>es sont menac\u00e9<span aria-hidden=\"true\">\u00b7<\/span>es d\u2019expulsion. Eh oui, \u00e0 Besan\u00e7on, \u00e7a gentrifie m\u00eame les radis.<\/p>\n<p>Si la mairie a \u00e9t\u00e9 contrainte de r\u00e9duire la voilure, plusieurs hectares de jardins, d\u2019espaces bois\u00e9s, de prairies et de friches sont toujours menac\u00e9s par le b\u00e9ton\u2026 pour construire deux parkings et 600\u00a0logements dans une ville o\u00f9 le taux de vacance avoisine les 10<small class=\"fine d-inline\">\u00a0<\/small>%<span class=\"spip_note_ref\">\u00a0[<a target=\"_blank\" href=\"#nb2-1\" class=\"spip_note\" rel=\"appendix\" title=\"Calcul \u00e9tabli \u00e0 partir des statistiques de l\u2019Insee..\" id=\"nh2-1\">1<\/a>]<\/span>.<\/p>\n<p>Au <a target=\"_blank\" href=\"https:\/\/reporterre.net\/Quartier-libre-les-Lentilleres-de-Dijon-veulent-le-rester\" class=\"spip_in\">quartier libre des Lentill\u00e8res, \u00e0 Dijon<\/a>, les annonces du maire, M.\u00a0Fran\u00e7ois Rebsamen, n\u2019\u00e9taient que promesses \u00e9lectorales. Pass\u00e9 sa r\u00e9\u00e9lection, en 2020, il a r\u00e9trop\u00e9dal\u00e9 sur l\u2019abandon de la phase\u00a02\u00a0du projet d\u2019\u00e9coquartier. Le bras de fer se joue d\u00e9sormais sur une bande de 1,14\u00a0hectare, au lieu des 2\u00a0hectares pr\u00e9vus, qui doit servir \u00e0 prolonger l\u2019\u00e9coquartier.<\/p>\n<p>Les Petites Lentill\u00e8res, soit une trentaine de jardins potagers ainsi qu\u2019un fournil, de petites cabanes en bois et un lieu de vie, sont <a target=\"_blank\" href=\"https:\/\/dijoncter.info\/projet-immobilier-aux-lentilleres-la-ville-repart-a-l-attaque-2969\" class=\"spip_out\" rel=\"external\">menac\u00e9es par ce projet<\/a>. Mais la mairie a coup\u00e9 court \u00e0 tout dialogue avec la population. Apr\u00e8s la d\u00e9mission de M.\u00a0Rebsamen, en novembre dernier, et son remplacement par sa premi\u00e8re adjointe, Nathalie Koenders, la mairie a maintenu sa position.<\/p>\n<h2 class=\"spip\">Les jardins populaires sont plus essentiels que jamais<\/h2>\n<p>Ensemble, nous vous signifions de nouveau que nous ne laisserons pas ces terres dispara\u00eetre sous le b\u00e9ton. Alors que l\u2019avenir semble parfois obscur, que le <a target=\"_blank\" href=\"Qu-est-ce-que-le-rechauffement-climatique\">changement climatique<\/a>, l\u2019effondrement de la biodiversit\u00e9, la mont\u00e9e du fascisme menacent partout, les jardins populaires plus que jamais doivent \u00eatre pr\u00e9serv\u00e9s.<br class=\"autobr\"\/><br \/>\nCe sont des lieux essentiels, o\u00f9 se nouent des liens par-del\u00e0 les clivages sociaux ou d\u2019\u00e2ge, o\u00f9 se fabrique l\u2019autonomie alimentaire, o\u00f9 s\u2019\u00e9changent graines et cultures.<\/p>\n<p>Encore une fois, nous d\u00e9non\u00e7ons les politiques d\u2019urbanisme tourn\u00e9es vers les logiques de comp\u00e9titivit\u00e9 et d\u2019attractivit\u00e9, et revendiquons la pr\u00e9servation du vivant, le respect d\u00fb aux humains et non-humains, l\u2019usage des terres par celles et ceux qui en prennent soin.<\/p>\n<p>Un jardin n\u2019est pas rempla\u00e7able, une destruction n\u2019est pas compensable, une esp\u00e8ce n\u2019est pas d\u00e9pla\u00e7able.<\/p>\n<aside class=\"boite_encarts\">\n<div class=\"encart encart_vert noprint montre_1023\">\n<div class=\"infolettre-form-container noprint\">\n<p>Abonnez-vous \u00e0 la lettre d\u2019info de Reporterre<\/p>\n<\/div><\/div>\n<\/aside>\n<aside class=\"boite_apresarticle encart_note\">\n<h4>Apr\u00e8s cet article<\/h4>\n<p>      <a target=\"_blank\" href=\"https:\/\/reporterre.net\/A-Besancon-la-lutte-pour-des-jardins-populaires-c-est-une-lutte-des-classes\" class=\"lien_article\">\n      <picture class=\"vignette_gauche\"><source type=\"image\/webp\" srcset=\"https:\/\/reporterre.net\/local\/cache-vignettes\/L450xH300\/arton24988-aebe7.jpg@.webp?1737375290\"><img decoding=\"async\" src=\"https:\/\/reporterre.net\/local\/cache-vignettes\/L450xH300\/arton24988-aebe7.jpg?1737375290\" width=\"450\" height=\"300\" alt=\"\" class=\"marge12\" loading=\"lazy\"\/><br \/>\n<\/source><\/picture>\n<p class=\"libelle\">\n<p>          Reportage \u2014<\/p>\n<p>      Luttes\n    <\/p>\n<p class=\"titre pol20\">\u00c0 Besan\u00e7on, \u00ab<small class=\"fine d-inline\">\u00a0<\/small>la lutte pour des jardins populaires, c\u2019est une lutte des classes<small class=\"fine d-inline\">\u00a0<\/small>\u00bb<\/p>\n<p>      <\/a><br \/>\n    <\/aside>\n<aside class=\"boite_complement texte\">\n<div class=\"encart_note\">\n<h4>Pr\u00e9cisions<\/h4>\n<p>La Coalition des jardins populaires en lutte se retrouvera \u00e0 Besan\u00e7on le premier weekend de mai (du 2 au 4), en pr\u00e9sence d\u2019universitaires engag\u00e9s, pour construire la suite de sa lutte et repenser la ville. Si vous repr\u00e9sentez un jardin en lutte, vous pouvez la contacter \u00e0 jardinspopulairesenlutte@riseup.net<\/p>\n<p><i>&#8211; Dans les tribunes, les auteurs expriment un point de vue propre, qui n\u2019est pas n\u00e9cessairement celui de la r\u00e9daction.<br \/>\n<br \/>&#8211; \u00a0Titre, chap\u00f4 et intertitres sont de la r\u00e9daction.<\/i><\/p>\n<\/p><\/div>\n<p>      <!-- zone_forum --><br \/>\n          <\/aside>\n<aside class=\"boite_lireaussi noprint\">\n<\/aside>\n<aside class=\"colonne\">\n<div class=\"article_info cache_1023 noprint\">\n        <svg class=\"grosse_icone cache_1023\">\n  <use xlink:href=\"#megaphone\"\/>\n<\/svg><\/p>\n<p>    <span class=\"date\">12 f\u00e9vrier 2025  \u00e0 10h03<\/span><\/p>\n<p class=\"duree_lecture\">\n        Dur\u00e9e de lecture : 5 minutes\n      <\/p>\n<\/p><\/div>\n<div class=\"bloc_infolettre\">\n<div class=\"infolettre-form-container noprint\">\n<p>Abonnez-vous \u00e0 la lettre d\u2019info de Reporterre<\/p>\n<\/div><\/div>\n<\/aside>\n<div id=\"galerie\">\n  <img decoding=\"async\" src=\"\" class=\"principale\" id=\"principale\"\/><\/p>\n<p id=\"legende\">legende<\/p>\n<\/div>\n<footer class=\"noprint\">\n<\/footer>\n<\/div>\n<p><br \/>\n<br \/><a href=\"https:\/\/reporterre.net\/Stop-aux-destructions-des-jardins-populaires\" target=\"_blank\"\">Source link <\/a><\/p>\n","protected":false},"excerpt":{"rendered":"<p>\u00c0 Mme\u00a0Agn\u00e8s Pannier-Runacher, ministre de la Transition \u00e9cologique, Mme\u00a0Martine Aubry, maire de Lille, M.\u00a0Damien Castelain, pr\u00e9sident de la M\u00e9tropole europ\u00e9enne de Lille,\u00a0Mme\u00a0Doriane B\u00e9cue, maire de Tourcoing, Mme\u00a0Karine Franclet, maire d\u2019Aubervilliers,&hellip; <\/p>\n","protected":false},"author":1,"featured_media":2443,"comment_status":"open","ping_status":"open","sticky":false,"template":"","format":"standard","meta":{"footnotes":""},"categories":[1],"tags":[],"class_list":["post-2442","post","type-post","status-publish","format-standard","has-post-thumbnail","hentry","category-non-classe"],"_links":{"self":[{"href":"https:\/\/monde25.info\/index.php\/wp-json\/wp\/v2\/posts\/2442","targetHints":{"allow":["GET"]}}],"collection":[{"href":"https:\/\/monde25.info\/index.php\/wp-json\/wp\/v2\/posts"}],"about":[{"href":"https:\/\/monde25.info\/index.php\/wp-json\/wp\/v2\/types\/post"}],"author":[{"embeddable":true,"href":"https:\/\/monde25.info\/index.php\/wp-json\/wp\/v2\/users\/1"}],"replies":[{"embeddable":true,"href":"https:\/\/monde25.info\/index.php\/wp-json\/wp\/v2\/comments?post=2442"}],"version-history":[{"count":0,"href":"https:\/\/monde25.info\/index.php\/wp-json\/wp\/v2\/posts\/2442\/revisions"}],"wp:featuredmedia":[{"embeddable":true,"href":"https:\/\/monde25.info\/index.php\/wp-json\/wp\/v2\/media\/2443"}],"wp:attachment":[{"href":"https:\/\/monde25.info\/index.php\/wp-json\/wp\/v2\/media?parent=2442"}],"wp:term":[{"taxonomy":"category","embeddable":true,"href":"https:\/\/monde25.info\/index.php\/wp-json\/wp\/v2\/categories?post=2442"},{"taxonomy":"post_tag","embeddable":true,"href":"https:\/\/monde25.info\/index.php\/wp-json\/wp\/v2\/tags?post=2442"}],"curies":[{"name":"wp","href":"https:\/\/api.w.org\/{rel}","templated":true}]}}