{"id":2448,"date":"2025-02-12T12:19:49","date_gmt":"2025-02-12T11:19:49","guid":{"rendered":"https:\/\/monde25.info\/index.php\/2025\/02\/12\/poutine-et-trump-sentretiennent-pour-un-cessez-le-feu-en-ukraine-une-discussion-avec-zelensky-prevue-cette-semaine\/"},"modified":"2025-02-12T12:19:49","modified_gmt":"2025-02-12T11:19:49","slug":"poutine-et-trump-sentretiennent-pour-un-cessez-le-feu-en-ukraine-une-discussion-avec-zelensky-prevue-cette-semaine","status":"publish","type":"post","link":"https:\/\/monde25.info\/index.php\/2025\/02\/12\/poutine-et-trump-sentretiennent-pour-un-cessez-le-feu-en-ukraine-une-discussion-avec-zelensky-prevue-cette-semaine\/","title":{"rendered":"Poutine et Trump s\u2019entretiennent pour un cessez-le-feu en Ukraine, une discussion avec Zelensky pr\u00e9vue cette semaine"},"content":{"rendered":"<p> <br \/>\n<\/p>\n<div>\n<p><span data-contrast=\"auto\">Les n\u00e9gociations de paix entre Kiev et Moscou se pr\u00e9cisent de plus en plus. Le pr\u00e9sident am\u00e9ricain Donald Trump a r\u00e9v\u00e9l\u00e9 en fin de semaine derni\u00e8re s\u2019\u00eatre plusieurs fois entretenu avec son homologue russe, Vladimir Poutine, avec qui il entretient de \u201cbonnes relations\u201d. La position du locataire de la Maison-Blanche contraste de plus en plus avec celle de Bruxelles en g\u00e9n\u00e9ral, et de Paris en particulier, qui vient de livrer les premiers avions de combat Mirage 2000-5 \u00e0 l\u2019Ukraine. Un cessez-le-feu en Ukraine pourrait porter un s\u00e9rieux coup \u00e0 la cr\u00e9dibilit\u00e9 de l\u2019UE, dont le leadership pourrait reculer au second plan face aux initiatives de Washington.<\/span><span data-ccp-props=\"{&quot;134233117&quot;:false,&quot;134233118&quot;:false,&quot;201341983&quot;:0,&quot;335559738&quot;:270,&quot;335559739&quot;:270,&quot;335559740&quot;:324}\">\u00a0<\/span><\/p>\n<p><span data-contrast=\"auto\">Avec la menace d\u2019une suspension de l\u2019aide am\u00e9ricaine et l\u2019avanc\u00e9e des troupes russes sur le front, le pr\u00e9sident ukrainien Volodymyr Zelensky, qui s&rsquo;est longtemps montr\u00e9 oppos\u00e9 \u00e0 tout compromis durant le mandat de Biden et ses dizaines de milliards de dollars d\u2019aides, revoit peu \u00e0 peu sa position ces derniers mois. Il a m\u00eame accept\u00e9 l&rsquo;id\u00e9e de n\u00e9gocier directement avec Vladimir Poutine avec \u201cdes garanties et des conditions claires\u201d, \u00ab\u00a0si c&rsquo;est la seule configuration dans laquelle nous pouvons apporter la paix aux citoyens de l&rsquo;Ukraine et ne plus perdre de gens\u00a0\u00bb.<\/span><span data-ccp-props=\"{&quot;134233117&quot;:false,&quot;134233118&quot;:false,&quot;201341983&quot;:0,&quot;335559738&quot;:270,&quot;335559739&quot;:270,&quot;335559740&quot;:324}\">\u00a0<\/span><\/p>\n<p><span data-contrast=\"auto\"><strong>L\u2019UE et la France poursuivent leurs \u201cefforts de guerre\u201d<\/strong><\/span><span data-ccp-props=\"{&quot;134233117&quot;:false,&quot;134233118&quot;:false,&quot;201341983&quot;:0,&quot;335559738&quot;:150,&quot;335559739&quot;:270,&quot;335559740&quot;:288}\"><strong>\u00a0<\/strong><\/span><\/p>\n<p><span data-contrast=\"auto\">Le Kremlin a jug\u00e9 \u00ab\u00a0vides de sens\u00a0\u00bb les d\u00e9clarations du pr\u00e9sident ukrainien concernant des n\u00e9gociations directes. \u00ab\u00a0Malgr\u00e9 tout, nous restons ouverts aux n\u00e9gociations\u00a0\u00bb, a ajout\u00e9 le porte-parole Dmitri Peskov, jugeant que \u00ab\u00a0la r\u00e9alit\u00e9 sur le terrain\u00a0\u00bb devrait convaincre Kiev de \u00ab\u00a0faire preuve d&rsquo;ouverture et d&rsquo;int\u00e9r\u00eat pour de telles n\u00e9gociations\u00a0\u00bb.\u00a0 Moscou ne consid\u00e8re pas non plus\u00a0Zelensky l\u00e9gitime pour mener de telles discussions apr\u00e8s la fin de son mandat en 2024. Washington est de son c\u00f4t\u00e9 favorable \u00e0 des \u00e9lections une fois un cessez-le-feu conclu et le pr\u00e9sident ukrainien s\u2019est dit tout aussi ouvert.\u00a0<\/span><span data-ccp-props=\"{&quot;134233117&quot;:false,&quot;134233118&quot;:false,&quot;201341983&quot;:0,&quot;335559738&quot;:270,&quot;335559739&quot;:270,&quot;335559740&quot;:324}\">\u00a0<\/span><\/p>\n<p><span data-contrast=\"auto\">Lors d\u2019un entretien avec Reuters la semaine derni\u00e8re, il d\u00e9clarait : \u201cSi nous parlons d\u2019un \u201cdeal\u201d, alors faisons un \u201cdeal\u201d, nous sommes l\u00e0 uniquement pour \u00e7a. Nous devons arr\u00eater Poutine et prot\u00e9ger ce que nous avons : une tr\u00e8s riche r\u00e9gion de Dnipro, l\u2019Ukraine centrale\u00a0\u00bb.<\/span><span data-ccp-props=\"{&quot;134233117&quot;:false,&quot;134233118&quot;:false,&quot;201341983&quot;:0,&quot;335559738&quot;:270,&quot;335559739&quot;:270,&quot;335559740&quot;:324}\">\u00a0<\/span><\/p>\n<p><span data-contrast=\"auto\">Un revirement de situation qui en dit long. Le retour de Donald Trump \u00e0 la pr\u00e9sidence, ses initiatives et le risque de voir Washington r\u00e9duire ou suspendre ses aides a pes\u00e9 lourd, en l\u2019espace de quelques semaines, au moment o\u00f9 les \u00c9tats europ\u00e9ens multiplient leurs soutiens pour la poursuite de la guerre.\u00a0<\/span><span data-ccp-props=\"{&quot;134233117&quot;:false,&quot;134233118&quot;:false,&quot;201341983&quot;:0,&quot;335559738&quot;:270,&quot;335559739&quot;:270,&quot;335559740&quot;:324}\">\u00a0<\/span><\/p>\n<p><span data-contrast=\"auto\">Le 10 janvier dernier, la Commission europ\u00e9enne a vers\u00e9 une premi\u00e8re tranche de 3 milliards d&rsquo;euros d\u2019un pr\u00eat qui s&rsquo;\u00e9l\u00e8vera \u00e0 18,1 milliards d&rsquo;euros en 2025. De son c\u00f4t\u00e9, le Royaume-Uni a sign\u00e9 avec l&rsquo;Ukraine un accord pr\u00e9voyant une coop\u00e9ration de 100 ans en mati\u00e8re de d\u00e9fense et de s\u00e9curit\u00e9 maritime.\u00a0<\/span><span data-ccp-props=\"{&quot;134233117&quot;:false,&quot;134233118&quot;:false,&quot;201341983&quot;:0,&quot;335559738&quot;:270,&quot;335559739&quot;:270,&quot;335559740&quot;:324}\">\u00a0<\/span><\/p>\n<p><span data-contrast=\"auto\">Jeudi dernier, dans le sillage de l\u2019approche europ\u00e9enne et \u00e0 contre-courant des initiatives am\u00e9ricaines pour la paix, la France a livr\u00e9 ses premiers avions de combat Mirage 2000-5, c\u00e9dant aux appels incessants de l\u2019Ukraine. Sur les 26 exemplaires de Mirage 2000-5 dont dispose l&rsquo;arm\u00e9e de l&rsquo;Air, six avions doivent \u00eatre c\u00e9d\u00e9s \u00e0 l&rsquo;Ukraine selon un rapport budg\u00e9taire de l&rsquo;Assembl\u00e9e nationale publi\u00e9 \u00e0 l&rsquo;automne. Le ministre de la D\u00e9fense S\u00e9bastien Lecornu n\u2019a pas confirm\u00e9 ce chiffre mais des voix se sont d\u00e9j\u00e0 lev\u00e9es pour alerter contre une d\u00e9gradation de la capacit\u00e9 a\u00e9rienne fran\u00e7aise ou surtout, sur le risque d\u2019une escalade d\u2019un conflit qui \u201cn\u2019est pas celui de Paris\u201d.\u00a0<\/span><span data-ccp-props=\"{&quot;134233117&quot;:false,&quot;134233118&quot;:false,&quot;201341983&quot;:0,&quot;335559738&quot;:270,&quot;335559739&quot;:270,&quot;335559740&quot;:324}\">\u00a0<\/span><\/p>\n<p><span data-contrast=\"auto\">Si les \u00c9tats-Unis continuent d\u2019honorer les livraisons engag\u00e9es en 2024 sous Joe Biden, la nouvelle administration n\u2019a pas encore annonc\u00e9 une poursuite ou une aide. Donald Trump communique essentiellement sur les n\u00e9gociations de paix.\u00a0<\/span><span data-ccp-props=\"{&quot;134233117&quot;:false,&quot;134233118&quot;:false,&quot;201341983&quot;:0,&quot;335559738&quot;:270,&quot;335559739&quot;:270,&quot;335559740&quot;:324}\">\u00a0<\/span><\/p>\n<p><span data-contrast=\"auto\"><strong>Poutine \u201cveut que les gens arr\u00eatent de mourir\u201d<\/strong><\/span><span data-ccp-props=\"{&quot;134233117&quot;:false,&quot;134233118&quot;:false,&quot;201341983&quot;:0,&quot;335559738&quot;:150,&quot;335559739&quot;:270,&quot;335559740&quot;:288}\"><strong>\u00a0<\/strong><\/span><\/p>\n<p><span data-contrast=\"auto\">Dans un entretien au New York Post, le pr\u00e9sident am\u00e9ricain a r\u00e9v\u00e9l\u00e9 avoir eu un appel t\u00e9l\u00e9phonique avec Vladimir Poutine pour discuter des efforts visant \u00e0 mettre fin au conflit ukrainien. \u00ab\u00a0Il veut que les gens arr\u00eatent de mourir\u201d, a affirm\u00e9 Donald Trump.\u00a0<\/span><span data-ccp-props=\"{&quot;134233117&quot;:false,&quot;134233118&quot;:false,&quot;201341983&quot;:0,&quot;335559738&quot;:270,&quot;335559739&quot;:270,&quot;335559740&quot;:324}\">\u00a0<\/span><\/p>\n<p><span data-contrast=\"auto\">\u00ab\u00a0Commen\u00e7ons ces r\u00e9unions. Ils veulent se rencontrer. Chaque jour, des gens meurent. De jeunes et beaux soldats sont tu\u00e9s. Des jeunes hommes, comme mes fils. Dans les deux camps, partout sur le champ de bataille\u00a0\u00bb, a-t-il expliqu\u00e9.\u00a0<\/span><span data-ccp-props=\"{&quot;134233117&quot;:false,&quot;134233118&quot;:false,&quot;201341983&quot;:0,&quot;335559738&quot;:270,&quot;335559739&quot;:270,&quot;335559740&quot;:324}\">\u00a0<\/span><\/p>\n<p><span data-contrast=\"auto\">Cet appel t\u00e9l\u00e9phonique n\u2019\u00e9tait pas le seul. Combien les deux pr\u00e9sidents en ont eu ? \u00ab\u00a0Je ferais mieux de ne pas le dire\u00a0\u00bb, r\u00e9pond le locataire de la Maison Blanche, qui a soulign\u00e9 les \u201cbonnes relations\u201d pendant ces entretiens.\u00a0<\/span><span data-ccp-props=\"{&quot;134233117&quot;:false,&quot;134233118&quot;:false,&quot;201341983&quot;:0,&quot;335559738&quot;:270,&quot;335559739&quot;:270,&quot;335559740&quot;:324}\">\u00a0<\/span><\/p>\n<p><span data-contrast=\"auto\">Dmitri Peskov a d\u00e9clar\u00e9 qu\u2019il ne pouvait \u201cni confirmer ni infirmer\u201d ces d\u00e9clarations, puisque ces entretiens \u201cpassent par diff\u00e9rents canaux\u201d. \u00ab\u00a0Au fur et \u00e0 mesure que l&rsquo;administration \u00e0 Washington d\u00e9veloppe son travail, de nombreuses communications diff\u00e9rentes se produisent et personnellement, je peux ne pas savoir quelque chose, ne pas \u00eatre au courant de quelque chose\u00a0\u00bb, a-t-il d\u00e9taill\u00e9 \u00e0 l\u2019agence TASS.\u00a0<\/span><span data-ccp-props=\"{&quot;134233117&quot;:false,&quot;134233118&quot;:false,&quot;201341983&quot;:0,&quot;335559738&quot;:270,&quot;335559739&quot;:270,&quot;335559740&quot;:324}\">\u00a0<\/span><\/p>\n<p><span data-contrast=\"auto\"><strong>Une discussion avec Volodymyr Zelensky est \u00e9galement attendue cette semaine, annonce-t-on dans la presse.<\/strong><\/span><span data-ccp-props=\"{&quot;134233117&quot;:false,&quot;134233118&quot;:false,&quot;201341983&quot;:0,&quot;335559738&quot;:270,&quot;335559739&quot;:270,&quot;335559740&quot;:324}\"><strong>\u00a0<\/strong><\/span><\/p>\n<p><span data-contrast=\"auto\">Bien que les approches diplomatiques divergent, avec une Europe vraisemblablement inflexible sur l\u2019int\u00e9grit\u00e9 territoriale de l\u2019Ukraine qui se positionne, selon certains, dans l\u2019apr\u00e8s-guerre, et une Am\u00e9rique qui privil\u00e9gie le dialogue direct avec plus de flexibilit\u00e9, m\u00eame si le plan du pr\u00e9sident am\u00e9ricain n\u2019est pas d\u00e9voil\u00e9, un cessez-le-feu obtenu par Washington pourrait constituer une d\u00e9route de l&rsquo;influence europ\u00e9enne.<\/span><span data-ccp-props=\"{&quot;134233117&quot;:false,&quot;134233118&quot;:false,&quot;201341983&quot;:0,&quot;335559738&quot;:270,&quot;335559739&quot;:270,&quot;335559740&quot;:324}\">\u00a0<\/span><\/p>\n<p><span data-contrast=\"auto\">Cela pourrait en outre accentuer les divisions transatlantiques sur la mani\u00e8re de g\u00e9rer les relations avec la Russie et renforcer le r\u00f4le des \u00c9tats-Unis comme principal acteur sur le territoire europ\u00e9en, dans un contexte d\u00e9j\u00e0 tendu entre les deux parties, marqu\u00e9 par une probable guerre commerciale.<\/span><\/p>\n<\/div>\n<p><script>(function(d, s, id) {  var js, fjs = d.getElementsByTagName(s)[0];  if (d.getElementById(id)) return;  js = d.createElement(s); js.id = id;  js.src = \"\/\/connect.facebook.net\/fr_FR\/sdk.js#xfbml=1&version=v2.3\";  fjs.parentNode.insertBefore(js, fjs);}(document, \"script\", \"facebook-jssdk\"));<\/script><br \/>\n<br \/><br \/>\n<br \/><a href=\"https:\/\/www.francesoir.fr\/politique-monde\/poutine-et-trump-s-entretiennent-pour-un-cessez-le-feu-en-ukraine-une-discussion\" target=\"_blank\"\">Source link <\/a><\/p>\n","protected":false},"excerpt":{"rendered":"<p>Les n\u00e9gociations de paix entre Kiev et Moscou se pr\u00e9cisent de plus en plus. Le pr\u00e9sident am\u00e9ricain Donald Trump a r\u00e9v\u00e9l\u00e9 en fin de semaine derni\u00e8re s\u2019\u00eatre plusieurs fois entretenu&hellip; <\/p>\n","protected":false},"author":1,"featured_media":2449,"comment_status":"open","ping_status":"open","sticky":false,"template":"","format":"standard","meta":{"footnotes":""},"categories":[1],"tags":[],"class_list":["post-2448","post","type-post","status-publish","format-standard","has-post-thumbnail","hentry","category-non-classe"],"_links":{"self":[{"href":"https:\/\/monde25.info\/index.php\/wp-json\/wp\/v2\/posts\/2448","targetHints":{"allow":["GET"]}}],"collection":[{"href":"https:\/\/monde25.info\/index.php\/wp-json\/wp\/v2\/posts"}],"about":[{"href":"https:\/\/monde25.info\/index.php\/wp-json\/wp\/v2\/types\/post"}],"author":[{"embeddable":true,"href":"https:\/\/monde25.info\/index.php\/wp-json\/wp\/v2\/users\/1"}],"replies":[{"embeddable":true,"href":"https:\/\/monde25.info\/index.php\/wp-json\/wp\/v2\/comments?post=2448"}],"version-history":[{"count":0,"href":"https:\/\/monde25.info\/index.php\/wp-json\/wp\/v2\/posts\/2448\/revisions"}],"wp:featuredmedia":[{"embeddable":true,"href":"https:\/\/monde25.info\/index.php\/wp-json\/wp\/v2\/media\/2449"}],"wp:attachment":[{"href":"https:\/\/monde25.info\/index.php\/wp-json\/wp\/v2\/media?parent=2448"}],"wp:term":[{"taxonomy":"category","embeddable":true,"href":"https:\/\/monde25.info\/index.php\/wp-json\/wp\/v2\/categories?post=2448"},{"taxonomy":"post_tag","embeddable":true,"href":"https:\/\/monde25.info\/index.php\/wp-json\/wp\/v2\/tags?post=2448"}],"curies":[{"name":"wp","href":"https:\/\/api.w.org\/{rel}","templated":true}]}}