{"id":2462,"date":"2025-02-12T16:17:47","date_gmt":"2025-02-12T15:17:47","guid":{"rendered":"https:\/\/monde25.info\/index.php\/2025\/02\/12\/entretien-avec-le-celebre-moine-anticapitaliste\/"},"modified":"2025-02-12T16:17:47","modified_gmt":"2025-02-12T15:17:47","slug":"entretien-avec-le-celebre-moine-anticapitaliste","status":"publish","type":"post","link":"https:\/\/monde25.info\/index.php\/2025\/02\/12\/entretien-avec-le-celebre-moine-anticapitaliste\/","title":{"rendered":"Entretien avec le c\u00e9l\u00e8bre moine anticapitaliste"},"content":{"rendered":"<p> <br \/>\n<\/p>\n<div>\n<h4><strong>Entretien avec Lo\u00efc Schneider, plus connu sous le nom du \u201cmoine anticapitaliste\u201d qui nous raconte, avec intimit\u00e9, son parcours, et nous donne quelques cl\u00e9s pour des lendemains qui chantent.\u00a0<\/strong><\/h4>\n<p><span style=\"font-weight: 400;\">Vous l\u2019avez peut-\u00eatre vu passer,<strong> ce fameux moine encapuchonn\u00e9, qui a <a target=\"_blank\" href=\"https:\/\/www.blast-info.fr\/articles\/2025\/un-flic-dans-la-boue-un-buzz-mondial-et-un-moine-anarchiste-au-tribunal-8L4_RTe4S5uIAWnVc39pAQ\">pouss\u00e9 un policier dans la boue. <\/a><\/strong>En effet, la vid\u00e9o lui valant le surnom de \u00ab Mud Wizard \u00bb (le Mage de la boue) le montrait face \u00e0 des policiers ridiculis\u00e9s, enlis\u00e9s jusqu\u2019aux genoux, venus au d\u00e9part pour mener une op\u00e9ration de r\u00e9pression sur des activistes. <strong>Ces derniers s\u2019\u00e9taient rassembl\u00e9s en janvier 2023 \u00e0 plus de 30 000 pour d\u00e9fendre le village de L\u00fctzerath en Allemagne contre<a target=\"_blank\" href=\"https:\/\/www.blast-info.fr\/articles\/2025\/un-flic-dans-la-boue-un-buzz-mondial-et-un-moine-anarchiste-au-tribunal-8L4_RTe4S5uIAWnVc39pAQ\"> un projet minier destructeur.<\/a> <\/strong>\u00a0<\/span><\/p>\n<p><iframe loading=\"lazy\" title=\"14.01.2023 Der #M\u00f6nch von #L\u00fctzerath schubst Polizisten in den Schlamm w\u00e4hrend #L\u00fctziBleibt-Demo\" width=\"1110\" height=\"624\" src=\"https:\/\/www.youtube.com\/embed\/4K0qmB30Duc?feature=oembed\" frameborder=\"0\" allow=\"accelerometer; autoplay; clipboard-write; encrypted-media; gyroscope; picture-in-picture; web-share\" referrerpolicy=\"strict-origin-when-cross-origin\" allowfullscreen><\/iframe><\/p>\n<p><span style=\"font-weight: 400;\">Plus r\u00e9cemment,<strong> un <\/strong><\/span><strong><a target=\"_blank\" href=\"https:\/\/x.com\/MonchLutzi\/status\/1883561568371425684\">meme<\/a><\/strong><span style=\"font-weight: 400;\"><strong> sur tweeter<\/strong> l\u2019a fait revenir en force face \u00e0 un m\u00e9chant<a target=\"_blank\" href=\"https:\/\/mrmondialisation.org\/musk-visage-folie-siecle\/\"> Musk fasciste.<\/a> Tour \u00e0 tour moine zadiste, moine anticapitaliste, ou \u00e9co-terroriste pour certains, Lo\u00efc nie toujours l\u2019\u00eatre devant les tribunaux. L\u2019activiste \u2013 r\u00e9cemment <a target=\"_blank\" href=\"https:\/\/france3-regions.francetvinfo.fr\/grand-est\/meurthe-et-moselle\/nancy\/le-militant-loic-schneider-condamne-a-une-amende-de-4200-euros-pour-avoir-fait-chuter-deux-policiers-allemands-3103450.html\">condamn\u00e9 \u00e0 une amende de 4200 euros<\/a> pour son geste (il risquait 5 ans de prison) \u2013\u00a0s\u2019est confi\u00e9 \u00e0 Mr Mondialisation.\u00a0<\/span><\/p>\n<h2><strong>\u201cL\u2019amour de l\u2019autre doit s\u2019inscrire dans une perspective r\u00e9volutionnaire\u201d<\/strong><\/h2>\n<h4><b>Mr Mondialisation : Est-ce que tu peux te pr\u00e9senter : Que fais-tu dans la vie de tous les jours ?\u00a0<\/b><\/h4>\n<p><b><i>Lo\u00efc :<\/i><\/b><i><span style=\"font-weight: 400;\"><strong> Je m\u2019appelle Lo\u00efc Schneider, j\u2019ai 29 ans et j\u2019habite \u00e0 Nancy.<\/strong> Je travaille \u00e0 mi-temps en EHPAD en tant qu\u2019Aide Service Hospitalier depuis trois ans. Parall\u00e8lement, <strong>j\u2019ai fait du mara\u00eechage pendant 4 ans dans un collectif \u00e0 Bure,<\/strong> o\u00f9 il y a un <\/span><\/i><a target=\"_blank\" href=\"https:\/\/mrmondialisation.org\/les-enjeux-du-projet-denfouissement-des-dechets-nucleaires-francais\/\"><i><span style=\"font-weight: 400;\">projet d\u2019enfouissement des d\u00e9chets nucl\u00e9aires<\/span><\/i><\/a><i><span style=\"font-weight: 400;\">. L\u00e0-bas, un paysan qui refuse ce projet et lutte depuis plus de 30 ans, nous a pr\u00eat\u00e9 trois hectares pour faire du mara\u00eechage sur ses terres.\u00a0<\/span><\/i><\/p>\n<p><i><span style=\"font-weight: 400;\">Je songe maintenant \u00e0 faire un projet en arbres fruitiers et petits fruits afin <strong>de reprendre collectivement une ferme proposant diff\u00e9rentes activit\u00e9s.\u00a0<\/strong><\/span><\/i><i><span style=\"font-weight: 400;\">En ce moment, j\u2019ai tr\u00e8s envie de faire du vin de groseilles, ce qu\u2019on peut faire avec une soixantaine de pieds seulement. Enfin, avec des amis, on a lanc\u00e9 <\/span><\/i><strong><a target=\"_blank\" href=\"https:\/\/www.facebook.com\/p\/Jardins-Pirates-100091652026448\/\"><i>Les jardins pirates<\/i><\/a><\/strong><i><span style=\"font-weight: 400;\"> \u00e0 Nancy, on a plant\u00e9 des mirabelliers, groseilliers, en pleine ville. Le plan est simple : partout o\u00f9 il y a des \u00e9tendues de gazon uniformes,<strong> on plante, sans demander, comme dans des cit\u00e9s universitaires ou des zones HLM du coin.<\/strong><\/span><\/i><\/p>\n<h4><b>Mr Mondialisation : Peux-tu nous expliquer ton parcours militant\u00a0 ?<\/b><\/h4>\n<p><b>Lo\u00efc : <\/b><i><span style=\"font-weight: 400;\">Je viens d\u2019une famille qui n\u2019est pas vraiment engag\u00e9e, plut\u00f4t situ\u00e9e au \u201ccentre droit\u201d, et<strong> j\u2019ai commenc\u00e9 tr\u00e8s jeune \u00e0 m\u2019investir,<\/strong> notamment via les Anonymous pour qui j\u2019\u00e9crivais d\u2019abord des textes. D\u2019abord en 2015, j\u2019ai \u00e9t\u00e9 interpell\u00e9 pour une attaque informatique aupr\u00e8s de sites institutionnels, ce qui m\u2019a valu une visite de la DGSI. <strong>J\u2019avais <\/strong><\/span><\/i><strong><i>r\u00e9pondu \u00e0 l\u2019\u00c9tat fran\u00e7ais<\/i><a target=\"_blank\" href=\"https:\/\/mrmondialisation.org\/le-jeune-anonymous-arrete-repond-a-letat-francais-par-un-poeme\/\"><i> par un po\u00e8me.<\/i><\/a><\/strong><\/p>\n<p><i><span style=\"font-weight: 400;\">Ce qui m\u2019a donn\u00e9 envie d\u2019aller plus loin, <strong>c\u2019est le d\u00e9ni d\u00e9mocratique \u00e0 l\u2019\u0153uvre \u00e0 Bure.<\/strong> Une p\u00e9tition avait \u00e9t\u00e9 lanc\u00e9e par le conseil de la Meuse et Anonymous avait demand\u00e9 un r\u00e9f\u00e9rendum local qui n\u2019a pas \u00e9t\u00e9 entendu.\u00a0<\/span><\/i><\/p>\n<blockquote>\n<p><strong><i>\u00ab\u00a0il y eut la manifestation du barrage de Sivens. c\u2019est l\u00e0 que R\u00e9mi Fraisse a \u00e9t\u00e9 tu\u00e9.<\/i><\/strong><i> <\/i><strong><i>Cette violence polici\u00e8re m\u2019a profond\u00e9ment choqu\u00e9\u2026\u00a0\u00bb<\/i><\/strong><\/p>\n<\/blockquote>\n<p><i><span style=\"font-weight: 400;\">Ensuite, il y eut la manifestation du barrage de Sivens, projet pourtant \u00e9t\u00e9 d\u00e9clar\u00e9 ill\u00e9gal et inadapt\u00e9, <strong>c\u2019est l\u00e0 que R\u00e9mi Fraisse a \u00e9t\u00e9 tu\u00e9.<\/strong> Quand j\u2019ai appris sa mort le lendemain, son corps avait disparu, on ne savait pas comment c\u2019\u00e9tait arriv\u00e9, on a su plus tard qu\u2019il avait pris une grenade offensive par la gendarmerie. <strong>Cette violence polici\u00e8re m\u2019a profond\u00e9ment choqu\u00e9.\u00a0<\/strong><\/span><\/i><\/p>\n<figure id=\"attachment_714866\" aria-describedby=\"caption-attachment-714866\" style=\"width: 1024px\" class=\"wp-caption alignnone\"><img fetchpriority=\"high\" decoding=\"async\" class=\"wp-image-714866 size-medium\" src=\"https:\/\/mrmondialisation.org\/wp-content\/uploads\/2025\/02\/remi-fraisse-1024x769.jpeg\" alt=\"\" width=\"1024\" height=\"769\" srcset=\"https:\/\/mrmondialisation.org\/wp-content\/uploads\/2025\/02\/remi-fraisse-1024x769.jpeg 1024w, https:\/\/mrmondialisation.org\/wp-content\/uploads\/2025\/02\/remi-fraisse-1524x1144.jpeg 1524w, https:\/\/mrmondialisation.org\/wp-content\/uploads\/2025\/02\/remi-fraisse-768x577.jpeg 768w, https:\/\/mrmondialisation.org\/wp-content\/uploads\/2025\/02\/remi-fraisse-1536x1154.jpeg 1536w, https:\/\/mrmondialisation.org\/wp-content\/uploads\/2025\/02\/remi-fraisse-696x523.jpeg 696w, https:\/\/mrmondialisation.org\/wp-content\/uploads\/2025\/02\/remi-fraisse-1068x802.jpeg 1068w, https:\/\/mrmondialisation.org\/wp-content\/uploads\/2025\/02\/remi-fraisse-559x420.jpeg 559w, https:\/\/mrmondialisation.org\/wp-content\/uploads\/2025\/02\/remi-fraisse-80x60.jpeg 80w, https:\/\/mrmondialisation.org\/wp-content\/uploads\/2025\/02\/remi-fraisse-265x198.jpeg 265w, https:\/\/mrmondialisation.org\/wp-content\/uploads\/2025\/02\/remi-fraisse.jpeg 2048w\" sizes=\"(max-width: 1024px) 100vw, 1024px\"\/><figcaption id=\"caption-attachment-714866\" class=\"wp-caption-text\">Avec toutes autorisations<\/figcaption><\/figure>\n<p><i><span style=\"font-weight: 400;\">En fait, c\u2019est l\u2019absurdit\u00e9 des projets, avec <strong>la fili\u00e8re BTP qui construit pour construire, le capitalisme et son id\u00e9ologie de croissance, ces entreprises qui captent des financements publics pour des projets inutiles\u2026<\/strong> qui m\u2019ont pouss\u00e9 \u00e0 poursuivre.\u00a0 \u201c <\/span><\/i><span style=\"font-weight: 400;\">Les bulldozers avancent plus vite que la justice<\/span><i><span style=\"font-weight: 400;\">\u201d, pour reprendre le titre d\u2019un chapitre d\u2019un livre qui s\u2019appelle <\/span><\/i><a target=\"_blank\" href=\"https:\/\/www.lespetitsmatins.fr\/collections\/essais\/145-sivens-un-barrage-contre-la-democratie.html\"><span style=\"font-weight: 400;\">Un barrage contre la d\u00e9mocratie<\/span><\/a><i><span style=\"font-weight: 400;\">.\u00a0<\/span><\/i><\/p>\n<blockquote>\n<p><strong><i>\u201c <\/i>Les bulldozers avancent plus vite que la justice<i>\u201d<\/i><\/strong><\/p>\n<\/blockquote>\n<h4><b>Mr Mondialisation : Qu\u2019est-ce qui te r\u00e9volte aujourd\u2019hui ?<\/b><span style=\"font-weight: 400;\">\u00a0<\/span><\/h4>\n<p><b><i>Lo\u00efc :\u00a0 <\/i><\/b><i><span style=\"font-weight: 400;\">D\u2019abord,<\/span><\/i> <i><span style=\"font-weight: 400;\">l\u2019effondrement, c\u2019est-\u00e0-dire la destruction du vivant, de la biodiversit\u00e9, et l\u2019incapacit\u00e9 qu\u2019\u00e0 notre civilisation \u00e0 se projeter. On est juste en train de d\u00e9truire des esp\u00e8ces, de tout exploiter jusqu\u2019\u00e0 l\u2019os sans r\u00e9fl\u00e9chir aux cons\u00e9quences. <\/span><\/i><\/p>\n<div class=\"td-a-rec td-a-rec-id-content_inline  tdi_1 td_block_template_1\">\n<span class=\"td-adspot-title\">&#8211; Pour une information libre ! &#8211;<\/span><a target=\"_blank\" href=\"https:\/\/fr.tipeee.com\/mr-mondialisation\" class=\"tipeee-project-small\">Soutenir Mr Japanization sur Tipeee<\/a>\n<\/div>\n<p><b><i>M\u00eame la propre analyse de la fin et de la destruction de la civilisation ne change pas sa trajectoire, c\u2019est la m\u00eame machine qui broie tout, et il faut absolument sortir de ce mod\u00e8le.<\/i><\/b><i><span style=\"font-weight: 400;\"> Forc\u00e9ment, ce qui me r\u00e9volte, ce sont aussi les injustices sociales qui en d\u00e9coulent, comme le village de L\u00fctzerath, en Allemagne qui a \u00e9t\u00e9 totalement d\u00e9truit (ndlr : <a target=\"_blank\" href=\"https:\/\/www.blast-info.fr\/articles\/2025\/un-flic-dans-la-boue-un-buzz-mondial-et-un-moine-anarchiste-au-tribunal-8L4_RTe4S5uIAWnVc39pAQ\">condamn\u00e9<\/a> par l\u2019extension de la gigantesque mine de charbon de Garzweiler.)\u00a0<\/span><\/i><\/p>\n<p><i><span style=\"font-weight: 400;\">\u00c0 l\u2019inverse, je suis enthousiaste par <\/span><\/i><b><i>des projets comme celui de Notre-Dame-des-Landes qui nous montre une chose essentielle : c\u2019est toujours possible de r\u00e9ussir !<\/i><\/b><i><span style=\"font-weight: 400;\"> S\u2019il n\u2019y avait pas eu cette tension sur le terrain qui a amen\u00e9 l\u2019attention des m\u00e9dias, et des victoires, m\u00eame localis\u00e9es qui repr\u00e9sentent un d\u00e9but de basculement g\u00e9n\u00e9ral, on n\u2019aurait pas r\u00e9ussi \u00e0 arr\u00eater le projet d\u2019a\u00e9roport.<\/span><\/i><\/p>\n<p><iframe loading=\"lazy\" title=\"LO\u00cfC SCHNEIDER, 25 ANS, R\u00c9SISTANT MALGR\u00c9 L&#039;ACHARNEMENT DE L&#039;\u00c9TAT\" width=\"1110\" height=\"624\" src=\"https:\/\/www.youtube.com\/embed\/-y9VQSueXaM?feature=oembed\" frameborder=\"0\" allow=\"accelerometer; autoplay; clipboard-write; encrypted-media; gyroscope; picture-in-picture; web-share\" referrerpolicy=\"strict-origin-when-cross-origin\" allowfullscreen><\/iframe><\/p>\n<p><b><i>Il faut avoir une perspective locale avant tout, et si tout le monde le fait, on arrive \u00e0 changer radicalement.<\/i><\/b><i><span style=\"font-weight: 400;\"> D\u2019o\u00f9 l\u2019\u00e9nergie que je mets \u00e0 aller dans des manifestations \u00e9cologiques, que ce soit pour d\u00e9fendre des for\u00eats ou lutter contre des projets d\u2019enfouissement de d\u00e9chets nucl\u00e9aires, comme \u00e0 Bure.\u00a0\u00a0<\/span><\/i><\/p>\n<blockquote>\n<p><b><i>\u00ab\u00a0Pour moi, chaque personne d\u00e9cide quand elle veut aller en manifestation, l\u2019\u00c9tat n\u2019a pas \u00e0 choisir \u00e0 notre place\u00a0\u00bb<\/i><\/b><i><span style=\"font-weight: 400;\">.<\/span><\/i><\/p>\n<\/blockquote>\n<p><i><span style=\"font-weight: 400;\">Aussi, ce qui me fait grincer des dents, c\u2019est que d\u2019un c\u00f4t\u00e9 on nous incite \u00e0 aller manifester pour Charlie Hebdo, ne pas c\u00e9der \u00e0 la peur suite \u00e0 des attentats terroristes, de l\u2019autre, quand il y a les attentats du Bataclan et la Cop21, on incite alors les \u00e9cologistes (et les autres) \u00e0 ne pas y aller, car ce serait dangereux pour eux de circuler dans les rues. <\/span><\/i><b><i>Pour moi, chaque personne d\u00e9cide quand elle veut aller en manifestation, l\u2019\u00c9tat n\u2019a pas \u00e0 choisir \u00e0 notre place<\/i><\/b><i><span style=\"font-weight: 400;\">. <\/span><\/i><b><i>Pourquoi on n\u2019a plus le droit de ne pas c\u00e9der \u00e0 la peur quand il s\u2019agit de convictions politiques ?\u00a0<\/i><\/b><\/p>\n<p><i><span style=\"font-weight: 400;\">De la m\u00eame mani\u00e8re, trois semaines apr\u00e8s la mise en place de l\u2019\u00e9tat d\u2019urgence, le gouvernement fran\u00e7ais l\u2019utilise pour assigner \u00e0 r\u00e9sidence des militants \u00e9cologiques.<\/span><\/i><b><i> C\u2019est encore une utilisation politique des outils juridiques qui ne devrait pas exister.<\/i><\/b><i><span style=\"font-weight: 400;\"> Le pr\u00e9sident de la <a target=\"_blank\" href=\"https:\/\/mrmondialisation.org\/documentaire-agriculture-fnsea-l214\/\">FNSEA<\/a> dans le Tarn, Xavier Beulin, \u00e0 oser affirmer que l\u2019opposition au barrage de Sivens avait g\u00e9n\u00e9r\u00e9 <a target=\"_blank\" href=\"https:\/\/mrmondialisation.org\/il-ny-a-pas-deco-terrorisme-en-france-en-finir-avec-la-criminalisation-de-lecologie\/\">\u201cdes djihadistes verts\u201d<\/a> juste apr\u00e8s la mort de R\u00e9mi Fraisse. C\u2019est l\u2019inversion <a target=\"_blank\" href=\"https:\/\/mrmondialisation.org\/la-ruine-du-langage-au-service-de-lextreme-droite\/\">des sens et des r\u00e9alit\u00e9s.<\/a><\/span><\/i><\/p>\n<h4><b>Mr Mondialisation : Tu as \u00e9t\u00e9 poursuivi \u00e0 deux ou trois reprises, c\u2019est bien \u00e7a ?\u00a0\u00a0<\/b><\/h4>\n<p><b><i>Lo\u00efc : <\/i><\/b><i><span style=\"font-weight: 400;\">En fait, j\u2019ai d\u2019abord \u00e9t\u00e9 poursuivi <strong>pour des attaques informatiques, avec quatre mois avec sursis.<\/strong> Ensuite, j\u2019ai re\u00e7u une double relaxe apr\u00e8s que la DGSI soit revenue chez moi pour m\u2019accuser d\u2019une ancienne complicit\u00e9 d\u2019attaque informatique sur la pr\u00e9fecture de police de Paris. Je venais de r\u00e9aliser une <\/span><\/i><a target=\"_blank\" href=\"https:\/\/mrmondialisation.org\/cop21-une-compilation-des-violences-policieres-devient-virale\/\"><i><span style=\"font-weight: 400;\">vid\u00e9o des violences polici\u00e8res qui a fait le buzz \u00e0 la cop 21<\/span><\/i><\/a><i><span style=\"font-weight: 400;\">, qui avait d\u00e9pass\u00e9 les 4 millions de vues sur Facebook.<\/span><\/i><\/p>\n<p><i><span style=\"font-weight: 400;\">Plus tard, lors des manifestations pour la Loi travail \u00e0 Paris,<strong> j\u2019ai \u00e9t\u00e9 interpell\u00e9 pour outrage et r\u00e9bellion,<\/strong> ce qui \u00e9tait totalement faux. D\u2019apr\u00e8s la police, j\u2019avais dit : \u201c on est plus nombreux qu\u2019eux, alors on leur rentre dedans \u201d. Quatre policiers ont ainsi t\u00e9moign\u00e9 pour valider cette hypoth\u00e8se. Or, quand je suis sorti de garde \u00e0 vue,<strong> quelqu\u2019un avait film\u00e9 la sc\u00e8ne, qui montrait qu\u2019ils inventaient.<\/strong> J\u2019ai quand m\u00eame \u00e9t\u00e9 condamn\u00e9 pour r\u00e9bellion, avec 600 jours\/amende, ce qui signifie que, si tu ne paies pas, tu vas en prison.\u00a0<\/span><\/i><\/p>\n<p><i><span style=\"font-weight: 400;\">J\u2019ai \u00e9t\u00e9 <strong>interpell\u00e9 en 2017 \u00e0 Bure<\/strong> avec une pince Monseigneur, <\/span><\/i><a target=\"_blank\" href=\"https:\/\/www.youtube.com\/watch?v=u23hqajNbBo\"><i><span style=\"font-weight: 400;\">o\u00f9 les grilles avaient \u00e9t\u00e9 mises \u00e0 terre.<\/span><\/i><\/a><i><span style=\"font-weight: 400;\"> Ils avaient commenc\u00e9 \u00e0 d\u00e9truire la for\u00eat, c\u2019\u00e9tait notre fa\u00e7on de riposter. J\u2019ai balanc\u00e9 cette phrase lors du proc\u00e8s : <\/span><\/i><strong><a target=\"_blank\" href=\"https:\/\/bureburebure.info\/wp-content\/uploads\/2018\/12\/Sachez.cleaned.pdf\"><i>\u00ab\u00a0sachez que je n\u2019attends rien de votre institution\u00a0\u00bb,<\/i><\/a><\/strong><i><span style=\"font-weight: 400;\">\u00a0dont on a fait une brochure.\u00a0<\/span><\/i><\/p>\n<p><i><span style=\"font-weight: 400;\">Quelques mois plus tard, <strong>je suis all\u00e9 \u00e0 la manifestation contre le G20, ce qui m\u2019a valu une arrestation violente \u00e0 mon domicile.<\/strong> Les policiers ont d\u00e9fonc\u00e9 la porte de la maison de mes parents en criant, ma petite s\u0153ur a d\u00fb se mettre \u00e0 genoux les mains sur la t\u00eate et j\u2019ai tent\u00e9 de m\u2019enfuir. J\u2019ai plus tard re\u00e7u <strong>un mandat d\u2019arr\u00eat europ\u00e9en,<\/strong> au motif d\u2019incendie volontaire, alors que je n\u2019\u00e9tais pas \u00e0 l\u2019initiative de l\u2019incendie.<\/span><\/i><\/p>\n<blockquote>\n<p><i><span style=\"font-weight: 400;\"><strong style=\"font-weight: 400;\">\u00ab\u00a0le message \u00e9tait : l<\/strong><\/span><\/i><i><span style=\"font-weight: 400;\"><b>\u2019acte d\u2019une seule personne peut retomber sur tous les manifestants. Le simple fait d\u2019\u00eatre pr\u00e9sent \u00e0 une manifestation, nous rend coupable de complicit\u00e9\u00a0\u00bb<\/b><\/span><\/i><\/p>\n<\/blockquote>\n<p><i><span style=\"font-weight: 400;\">Retrouv\u00e9 gr\u00e2ce \u00e0 la vid\u00e9osurveillance en train de jeter deux canettes de bi\u00e8re et deux cailloux contre des policiers, <strong>je suis alors recherch\u00e9 par Interpol, arr\u00eat\u00e9 par des policiers fran\u00e7ais sur ordre du Parquet, puis transf\u00e9r\u00e9 an Allemagne<\/strong> o\u00f9 apr\u00e8s 15 mois de pr\u00e9ventive, mon proc\u00e8s d\u00e9marre. Le procureur de Hambourg, malgr\u00e9 un dossier quasi vide, requi\u00e8re <strong>4 ans et 9 mois de prison ferme contre moi.<\/strong> Le journaliste <\/span><\/i><i><span style=\"font-weight: 400;\">Denis Robert a fait une longue et belle interview de contexte avec moi <\/span><\/i><a target=\"_blank\" href=\"https:\/\/www.youtube.com\/watch?v=u0wLgi0lb-Q&amp;t=8s\"><i><span style=\"font-weight: 400;\">\u201c 3 ans fermes pour 2 cailloux<\/span><\/i><\/a><i><span style=\"font-weight: 400;\">\u201d et il est possible de retrouver des archives sur <\/span><\/i><a target=\"_blank\" href=\"https:\/\/laneigesurhambourg.noblogs.org\/\"><i><span style=\"font-weight: 400;\">la neige sur Hambourg.<\/span><\/i><\/a><i> <\/i><\/p>\n<p><iframe loading=\"lazy\" title=\"LO\u00cfC, ACTIVISTE DE 24 ANS, 3 ANS DE PRISON POUR 2 CAILLOUX\" width=\"1110\" height=\"624\" src=\"https:\/\/www.youtube.com\/embed\/u0wLgi0lb-Q?feature=oembed\" frameborder=\"0\" allow=\"accelerometer; autoplay; clipboard-write; encrypted-media; gyroscope; picture-in-picture; web-share\" referrerpolicy=\"strict-origin-when-cross-origin\" allowfullscreen><\/iframe><\/p>\n<p><i><span style=\"font-weight: 400;\">Cette condamnation\u00a0\u00e9tait un message \u00e0 tous les manifestants : <strong style=\"font-weight: 400;\">l<\/strong><\/span><\/i><i><span style=\"font-weight: 400;\"><b>\u2019acte d\u2019une seule personne peut retomber sur tous les manifestants. Le simple fait d\u2019\u00eatre pr\u00e9sent \u00e0 une manifestation, nous rend coupable de complicit\u00e9<\/b>. <\/span><\/i><\/p>\n<p><i><span style=\"font-weight: 400;\">Pendant ce proc\u00e8s du G20, <\/span><\/i><b><i>j\u2019ai fait une <\/i><\/b><a target=\"_blank\" href=\"https:\/\/laneigesurhambourg.noblogs.org\/post\/2020\/07\/24\/news-parution-de-la-brochure-keine-g20-keine-problem\/\"><b><i>d\u00e9claration<\/i><\/b><\/a><b><i> de 20 pages. J\u2019ai finalement eu une peine de trois ans ferme par le tribunal r\u00e9gional d\u2019Hambourg, pour l\u2019exemple<\/i><\/b><i><span style=\"font-weight: 400;\">, qui ne m\u2019aide pas pour mon casier judiciaire. <\/span><\/i><b><i>Les peines tombent vite, d\u00e8s lors que je me rends en manifestation, o\u00f9 je suis consid\u00e9r\u00e9 comme \u201cr\u00e9cidiviste\u201d.<\/i><\/b><i><span style=\"font-weight: 400;\"> Finalement, j\u2019ai re\u00e7u une peine d\u2019un an et quatre mois de d\u00e9tention provisoire \u00e0 Hambourg. <\/span><\/i><\/p>\n<blockquote>\n<p><b><i>\u00ab\u00a0Pour moi, la r\u00e9cidive vient d\u2019eux, et pas de moi, ce sont eux qui r\u00e9cidivent \u00e0 d\u00e9truire ce monde\u00a0\u00bb.\u00a0<\/i><\/b><\/p>\n<\/blockquote>\n<p><i><span style=\"font-weight: 400;\">Enfin, <\/span><\/i><a target=\"_blank\" href=\"https:\/\/www.blast-info.fr\/emissions\/2023\/de-sainte-soline-a-bure-loic-voyage-au-coeur-de-la-violence-judiciaire-a7JAfhNtT5KonsQ-dCpWrQ\"><i><span style=\"font-weight: 400;\">il y a l\u2019affaire de Sainte-Soline<\/span><\/i><\/a><i><span style=\"font-weight: 400;\">, o\u00f9 j\u2019ai \u00e9t\u00e9 interpell\u00e9 la veille de l\u2019annonce de la dissolution des<a target=\"_blank\" href=\"https:\/\/mrmondialisation.org\/chronique-trauma-contrecoup-sainte-soline-2\/\"> Soul\u00e8vements de la terre<\/a> par Darmanin. Une unit\u00e9 antiterroriste de la centrale nucl\u00e9aire de Cattenom et des enqu\u00eateurs de Poitiers \u00e9taient sur place. J\u2019ai brandi une veste de gendarmerie pendant quelques instants, je me suis un peu balad\u00e9 avec, ce qui mettait en sc\u00e8ne <strong>une inversion du pouvoir.<\/strong> C\u2019\u00e9tait pour imager ce moment de puissance collective. R\u00e9sultat ? J\u2019ai \u00e9t\u00e9 interpell\u00e9 pour \u201c Recel en bande organis\u00e9e \u201d. <strong>J\u2019ai \u00e9galement tagu\u00e9 un camion en flamme des mots \u201c Mud Wizard \u201d, ce qui m\u2019a valu un an de prison.\u00a0<\/strong><\/span><\/i><\/p>\n<figure id=\"attachment_714865\" aria-describedby=\"caption-attachment-714865\" style=\"width: 680px\" class=\"wp-caption alignnone\"><img loading=\"lazy\" decoding=\"async\" class=\"size-full wp-image-714865\" src=\"https:\/\/mrmondialisation.org\/wp-content\/uploads\/2025\/02\/veste.jpeg\" alt=\"\" width=\"680\" height=\"680\" srcset=\"https:\/\/mrmondialisation.org\/wp-content\/uploads\/2025\/02\/veste.jpeg 680w, https:\/\/mrmondialisation.org\/wp-content\/uploads\/2025\/02\/veste-150x150.jpeg 150w, https:\/\/mrmondialisation.org\/wp-content\/uploads\/2025\/02\/veste-420x420.jpeg 420w\" sizes=\"auto, (max-width: 680px) 100vw, 680px\"\/><figcaption id=\"caption-attachment-714865\" class=\"wp-caption-text\">Avec toutes autorisations<\/figcaption><\/figure>\n<p><i><span style=\"font-weight: 400;\">J\u2019ai d\u2019abord \u00e9t\u00e9 assign\u00e9 \u00e0 une peine de trois semaines en d\u00e9tention provisoire, puis \u00e0 une peine d\u2019un an ferme. <\/span><\/i><b><i>Le juge a commenc\u00e9 le proc\u00e8s en disant \u201c vous \u00eates accus\u00e9s d\u2019avoir attaqu\u00e9 les camions de Gendarmerie avec une bombe (pause)\u2026 de peinture\u201d. Ils avaient trop peu de choses contre moi, donc ils jouaient sur les mots.<\/i><\/b><i> <\/i><\/p>\n<p><i><span style=\"font-weight: 400;\">Ils ont pr\u00e9cis\u00e9 que \u201cj\u2019\u00e9tais interdit de port d\u2019armes\u201d, alors que je n\u2019en ai jamais eues et qu\u2019il n\u2019y a rien dans le dossier qui peut motiver ce genre de d\u00e9cision. <\/span><\/i><b><i>M\u00e9diatiquement, comme les gens ne prennent pas forc\u00e9ment le temps de tout lire, ils doivent se dire que je devais avoir une arme. C\u2019est la parfaite construction d\u2019une narration criminelle de l\u2019\u00e9cologie.\u00a0<\/i><\/b><i><span style=\"font-weight: 400;\">\u00a0<\/span><\/i><\/p>\n<h4><b>Mr Mondialisation : Selon toi, pourquoi ce d\u00e9ferlement de haine envers les militants \u00e9cologistes ?\u00a0<\/b><\/h4>\n<p><b><i>Lo\u00efc : <\/i><\/b><i><span style=\"font-weight: 400;\">Il y a deux r\u00e9ponses \u00e0 cela : d\u2019abord, il y a <strong>une incapacit\u00e9 pour les personnes \u00e0 reconna\u00eetre que les choses vont mal<\/strong> et qu\u2019il faut changer quelque chose, car c\u2019est inconfortable. Il faut savoir remettre en question un certain confort \u00e9nerg\u00e9tique au d\u00e9triment des g\u00e9n\u00e9rations futures, arr\u00eater de l\u00e9guer des d\u00e9chets mill\u00e9naires \u00e0 nos descendants\u2026 <\/span><\/i><b><i>Il y a comme une incapacit\u00e9 \u00e9gocentrique \u00e0 voir une critique du changement.\u00a0<\/i><\/b><\/p>\n<blockquote>\n<p><i\/><b><i>\u00ab\u00a0L\u2019amour de l\u2019autre doit s\u2019inscrire dans une perspective r\u00e9volutionnaire\u00a0\u00bb<\/i><\/b><\/p>\n<\/blockquote>\n<p><i><span style=\"font-weight: 400;\">Ensuite, <\/span><\/i><b><i>il y a un \u00e9chec du militantisme, comme une impossibilit\u00e9 de donner envie de se battre.<\/i><\/b><i><span style=\"font-weight: 400;\"> En fait, il y a un postulat de pr\u00e9tention, comme le sentiment d\u2019avoir tout compris, ou d\u2019avoir compris plus.<\/span><\/i><b><i> Il faut d\u2019abord avoir l\u2019amour de l\u2019autre, alors que beaucoup de personnes qui luttent restent dans la rage, une forme de r\u00e9volte qui doit avoir sa place face au sombre tableau de notre soci\u00e9t\u00e9, mais \u00e0 laquelle il faut apporter un peu de lumi\u00e8re. <\/i><\/b><i><span style=\"font-weight: 400;\">La violence est avant tout syst\u00e9mique. <\/span><\/i><b><i>L\u2019amour de l\u2019autre doit s\u2019inscrire dans une perspective r\u00e9volutionnaire.\u00a0<\/i><\/b><\/p>\n<p><i>Plut\u00f4t que d\u2019avoir <\/i><b><i>des discours moralisateurs,<\/i><\/b><i> il vaut mieux aller vers <\/i><b><i>des actions concr\u00e8tes<\/i><\/b><i>, par exemple, s\u2019attaquer \u00e0 telle multinationale, banque ou institution.<\/i><i><span style=\"font-weight: 400;\"> Si elles ont des pertes \u00e9conomiques, elles vont se remettre en question. <\/span><\/i><b><i>C\u2019est le mode de vie des personnes les plus riches qui est <a target=\"_blank\" href=\"https:\/\/mrmondialisation.org\/7-projets-dultra-riches-qui-devorent-la-planete\/\">davantage responsable<\/a> du r\u00e9chauffement climatique.<\/i><\/b><i><span style=\"font-weight: 400;\"> La soci\u00e9t\u00e9 est responsable de qui l\u2019on devient et il faut un changement g\u00e9n\u00e9ral qui se fera dans la lutte contre l\u2019oppression, avec des actions fortes et unitaires contre le capitalisme.\u00a0<\/span><\/i><\/p>\n<h4><b>Mr Mondialisation : Quelles sont les actions concr\u00e8tes qui peuvent f\u00e9d\u00e9rer ?<\/b><\/h4>\n<p><b><i>Lo\u00efc :\u00a0 <\/i><\/b><i><span style=\"font-weight: 400;\">Pour <a target=\"_blank\" href=\"https:\/\/mrmondialisation.org\/total-une-mafia-en-costume-cravate\/\">la multinationale Total,<\/a> par exemple, il y a plusieurs actions possibles : on peut envahir leur si\u00e8ge, bloquer leurs assembl\u00e9es g\u00e9n\u00e9rales. On peut aussi bloquer les usines d\u2019armement, qui sont les premi\u00e8res marchandises export\u00e9es \u00e0 l\u2019\u00e9chelle mondiale et sont le berceau des guerres et massacres. <\/span><\/i><b><i>En fait, il faut s\u2019impliquer l\u00e0 o\u00f9 il y a la destruction par des projets absurdes qui sont tr\u00e8s contest\u00e9s localement. C\u2019est important d\u2019avoir un objectif clair.<\/i><\/b><\/p>\n<h4><b>Mr Mondialisation : Comment \u00e9viter la criminalisation des mouvements \u00e9cologistes \/ contestataires ?<\/b><\/h4>\n<p><b><i>Lo\u00efc :\u00a0 <\/i><\/b><i><span style=\"font-weight: 400;\">Je pense que c\u2019est possible, dans <\/span><\/i><strong><a target=\"_blank\" href=\"https:\/\/justpaste.it\/daizj\"><i>ma d\u00e9claration dans le proc\u00e8s du moine<\/i><\/a><\/strong><i> e<\/i><i>n Allemagne, o\u00f9 je suis accus\u00e9 d\u2019avoir pouss\u00e9 un policier dans la boue,<\/i><b><i> j\u2019exprime l\u2019id\u00e9e d\u2019une strat\u00e9gie \u00e0 r\u00e9aliser en manifestation.<\/i><\/b> En voici un extrait :<\/p>\n<figure id=\"attachment_714867\" aria-describedby=\"caption-attachment-714867\" style=\"width: 1024px\" class=\"wp-caption alignnone\"><img loading=\"lazy\" decoding=\"async\" class=\"size-medium wp-image-714867\" src=\"https:\/\/mrmondialisation.org\/wp-content\/uploads\/2025\/02\/fmlypibwaaeaage-1024x683.jpeg\" alt=\"\" width=\"1024\" height=\"683\" srcset=\"https:\/\/mrmondialisation.org\/wp-content\/uploads\/2025\/02\/fmlypibwaaeaage-1024x683.jpeg 1024w, https:\/\/mrmondialisation.org\/wp-content\/uploads\/2025\/02\/fmlypibwaaeaage-768x512.jpeg 768w, https:\/\/mrmondialisation.org\/wp-content\/uploads\/2025\/02\/fmlypibwaaeaage-696x464.jpeg 696w, https:\/\/mrmondialisation.org\/wp-content\/uploads\/2025\/02\/fmlypibwaaeaage-1068x713.jpeg 1068w, https:\/\/mrmondialisation.org\/wp-content\/uploads\/2025\/02\/fmlypibwaaeaage-630x420.jpeg 630w, https:\/\/mrmondialisation.org\/wp-content\/uploads\/2025\/02\/fmlypibwaaeaage.jpeg 1280w\" sizes=\"auto, (max-width: 1024px) 100vw, 1024px\"\/><figcaption id=\"caption-attachment-714867\" class=\"wp-caption-text\">Avec toutes autorisations<\/figcaption><\/figure>\n<p style=\"text-align: center;\"><span style=\"font-weight: 400;\"><strong>\u00ab\u00a0Comment faire ?<\/strong> L\u2019id\u00e9al serait d\u2019avoir un moyen d\u2019auto-organisation depuis la base, un moyen qui pourrait \u00eatre utilis\u00e9 dans n\u2019importe quelle situation de manifestation et que tout le monde conna\u00eetrait. En discutant avec des amis de cette id\u00e9e, c\u2019est <strong>le signe de la croix jaune,<\/strong> symbole de la lutte de L\u00fctzerath qui est rest\u00e9. <strong>C\u2019est un signe simple que chacun pourrait r\u00e9aliser en croisant ses deux bras en face de soi.<\/strong> Ce signe signifierait : <em>\u00ab Je suis motiv\u00e9 pour avancer \u00e0 travers la ligne polici\u00e8re. \u00bb<\/em> <\/span><\/p>\n<p style=\"text-align: center;\"><span style=\"font-weight: 400;\">\u00c0 partir du moment o\u00f9 une personne fait ce geste, tous les autres autour peuvent d\u00e9cider ou non de le faire \u00e9galement. <strong>Si peu de monde fait le geste, l\u2019id\u00e9e n\u2019est pas essay\u00e9e.<\/strong> Mais si c\u2019est une lev\u00e9e massive de bras en croix qui s\u2019\u00e9l\u00e8ve naturellement <strong>les corps se mettront ensemble en mouvement.<\/strong> La signification de ce geste devra \u00eatre compl\u00e9tement non-violente, c\u2019est une condition importante afin qu\u2019un maximum de personnes pr\u00e9sentes dans la manifestation puissent y participer. Je sais combien, notamment en Allemagne, <strong><a target=\"_blank\" href=\"https:\/\/mrmondialisation.org\/face-a-la-violence-capitaliste-se-defendre-est-legitime\/\">les d\u00e9bats sur la violence et la non-violence<\/a> agitent et divisent.<\/strong> Si l\u2019envie d\u2019essayer cette strat\u00e9gie s\u2019exprime, il faudra lui laisser l\u2019occasion d\u2019exister.\u00a0<\/span><\/p>\n<p style=\"text-align: center;\"><span style=\"font-weight: 400;\">Avant de commencer \u00e0 faire le geste, il est pr\u00e9f\u00e9rable<strong> d\u2019espacer le dispositif policier,<\/strong> surtout en milieu rural o\u00f9 il y a de la place. L\u2019objectif sera de tenter d\u2019ouvrir des br\u00e8ches pour que la manifestation puisse s\u2019engouffrer. Les personnes les plus d\u00e9termin\u00e9es et capables d\u2019endurer des coups se placeront \u00e0 l\u2019avant. Avec l\u2019avanc\u00e9e massive du reste des personnes, le moment du contact sera tr\u00e8s bref et moins long que pendant des affrontements classiques. <strong>Rapidement, la puissance de la masse coordonn\u00e9e prendra le dessus sur la police<\/strong> qui se trouvera rapidement accul\u00e9e \u00e0 cause de la simultan\u00e9it\u00e9 de l\u2019action. <\/span><\/p>\n<p style=\"text-align: center;\"><span style=\"font-weight: 400;\">Si jamais <strong>des policiers sont particuli\u00e8rement violents,<\/strong> les plus d\u00e9termin\u00e9s pourront tenter de faire des c\u00e2lins comme le fr\u00e8re Markus l\u2019a sugg\u00e9r\u00e9,<strong> un policier qui se retrouve sous trois c\u00e2lins simultan\u00e9ment aura du mal \u00e0 continuer \u00e0 exercer sa violence.<\/strong> Il faudra faire attention de ne pas les \u00e9touffer pour autant. Si une personne en profite pour tenter de frapper un policier, les manifestants pourront \u00e9galement lui faire un c\u00e2lin pour qu\u2019il se calme. Mais cela a peu de chance d\u2019arriver car ce n\u2019est pas arriv\u00e9 \u00e0 L\u00fctzerath quand \u00e0 deux reprises le cort\u00e8ge a pass\u00e9 les lignes polici\u00e8res. <strong>Les manifestants \u00e9taient plus int\u00e9ress\u00e9s \u00e0 courir afin d\u2019atteindre le village.\u00a0\u00bb<\/strong><\/span><\/p>\n<h4><b>Mr Mondialisation : \u00c0 l\u2019heure actuelle, la soci\u00e9t\u00e9 est ultra-polaris\u00e9e. Comment nous r\u00e9concilier ?<\/b><\/h4>\n<p><b><i>Lo\u00efc :\u00a0 \u201c Les paroles nous divisent, les actes nous unissent\u201d<\/i><\/b><i><span style=\"font-weight: 400;\"> disait un anarchiste italien lors d\u2019une assembl\u00e9e de l\u2019internationale noire. La classification de notre soci\u00e9t\u00e9 emp\u00eache les liens et la compr\u00e9hension mutuelle, on le voit tr\u00e8s bien avec le film Snowpiercer, o\u00f9 <strong>dans chaque wagon se trouvent des bulles de conscience, ressemblant \u00e0 nos bulles algorithmiques sur les r\u00e9seaux.\u00a0<\/strong><\/span><\/i><\/p>\n<p><i><span style=\"font-weight: 400;\">Le meilleur moyen d\u2019\u00e9viter cette division, c\u2019est de ne pas participer au cloisonnement. <\/span><\/i><i>Je pense que c\u2019est <\/i><b><i>une erreur de quitter X <\/i><\/b><i>m\u00eame si les algorithmes vont davantage valoriser des pens\u00e9es qui ne sont pas les n\u00f4tres, <\/i><b><i>on perd le maigre contact qu\u2019on peut avoir avec d\u2019autres personnes qui ne pensent pas pareil.<\/i><\/b><\/p>\n<p><b><i>Pour moi, il faut \u00eatre cr\u00e9atif, sans pr\u00e9tention, \u00eatre force de proposition et voir si elles ont un \u00e9cho dans les c\u0153urs. <\/i><\/b><i>Regardons<a target=\"_blank\" href=\"https:\/\/mrmondialisation.org\/un-peuple-la-vie-des-gilets-jaunes-portee-par-un-film\/\"> les gilets jaunes,<\/a> c\u2019\u00e9tait nouveau, chaque personne a pu se l\u2019approprier.<\/i><i><span style=\"font-weight: 400;\"> On peut ne pas \u00eatre d\u2019accord sur les paroles, mais on va \u00eatre d\u2019accord sur les actions. <strong>Il faut laisser de la place pour d\u2019autres formes de soci\u00e9t\u00e9s.<\/strong> Se battre contre ce qui fait un sens commun, l\u00e0, on est tous d\u2019accord et on peut avancer et \u00e9voluer mutuellement. <\/span><\/i><\/p>\n<blockquote>\n<p><b><i>\u00ab\u00a0Il faut quitter le symbolique, aller vers des actions concr\u00e8tes et communiquer pour expliquer\u00a0\u00bb.\u00a0<\/i><\/b><\/p>\n<\/blockquote>\n<h4><b>Mr Mondialisation : on dit souvent qu\u2019il faut savoir se reposer dans le militantisme ? Comment fais-tu pour te d\u00e9connecter et te ressourcer ?\u00a0<\/b><\/h4>\n<p><b><i>Lo\u00efc :\u00a0 <\/i><\/b><i><span style=\"font-weight: 400;\">Dans le livre <\/span><\/i><a target=\"_blank\" href=\"https:\/\/www.librairie-gallimard.com\/livre\/9782070389421-resurrection-leon-tolstoi\/\"><span style=\"font-weight: 400;\">R\u00e9surrection<\/span><\/a><i><span style=\"font-weight: 400;\"> de Tolsto\u00ef, <strong>le narrateur visite des prisons o\u00f9 des r\u00e9volutionnaires sont emprisonn\u00e9s.<\/strong> Cette citation m\u2019avait marqu\u00e9, je l\u2019avais partag\u00e9 en 2016 :\u00a0<\/span><\/i><\/p>\n<p><i><span style=\"font-weight: 400;\">\u300a<\/span><\/i><span style=\"font-weight: 400;\"> \u2013 Pour les jeunes, <strong>cet emprisonnement cellulaire est une chose terrible,<\/strong> d\u00e9clara la tante, en allumant, elle aussi, une cigarette.<\/span><\/p>\n<p><span style=\"font-weight: 400;\">\u2013 Pour tout le monde, j\u2019imagine ? observa Nekhlioudov.<\/span><\/p>\n<p><span style=\"font-weight: 400;\">\u2013 Non, pas pour tout le monde.<strong> Pour les v\u00e9ritables r\u00e9volutionnaires, plusieurs me l\u2019ont dit, c\u2019est au contraire un repos, une s\u00e9curit\u00e9.<\/strong> Dans cette soci\u00e9t\u00e9, ils subissent l\u2019angoisse, les privations, la terreur, craignant \u00e0 la fois et pour eux, et pour les autres. Esp\u00e9rant chaque jour la fin de la mis\u00e8re, de l\u2019exploitation. <strong>Torturant leur pens\u00e9e \u00e0 chaque instant pour savoir comment frapper efficacement la machine.<\/strong> Puis, un beau jour, on les prend et tout est fini, toute responsabilit\u00e9 cesse, ils n\u2019ont plus qu\u2019\u00e0 rester \u00e9tendus et se reposer. J\u2019en connais qui, en se voyant pris, ont \u00e9prouv\u00e9 une joie r\u00e9elle.<\/span><i><span style=\"font-weight: 400;\"> \u300b<\/span><\/i><\/p>\n<p><i><span style=\"font-weight: 400;\"><strong>Quand j\u2019\u00e9tais emprisonn\u00e9 \u00e0 Hambourg, j\u2019ai pu aussi me reposer.<\/strong> M\u00eame s\u2019il y a aussi des douleurs et des traumatismes. Sinon, j\u2019adore faire des boutures, notamment des groseilliers que j\u2019aide \u00e0 tailler \u00e0 droite \u00e0 gauche, et que je donne ensuite. Je fais \u00e7a en pirate, quand j\u2019ai 30 minutes, je plante et \u00e7a va mieux. J\u2019adore jouer aux jeux vid\u00e9os aussi, o\u00f9 <strong>on r\u00e9siste collectivement \u00e0 des vagues d\u2019ennemies<\/strong> dans un jeu vid\u00e9o d\u00e9velopp\u00e9 par des turcs qui s\u2019appelle<strong> Mount &amp; Blade Warband, mod Full Invasion Osiris.<\/strong><\/span><\/i><\/p>\n<p><i><span style=\"font-weight: 400;\">Et rien de tel que de voir des amis, boire un coup, se retrouver le soir, discuter, participer \u00e0 des caf\u00e9s slam, des open mic, o\u00f9 tu peux \u00e9couter ou poser un texte. <strong>S\u2019\u00e9couter mutuellement, c\u2019est un moment puissant de partage commun.<\/strong> Il y a aussi des \u00e9v\u00e9nements d\u2019open mic, la po\u00e9sie humaine qui s\u2019exprime, c\u2019est tr\u00e8s pr\u00e9cieux et Nancy continue d\u2019offrir de plus en plus d\u2019opportunit\u00e9s avec les Rap Session o\u00f9 les c\u0153urs accordent leurs pulsations au rythme des sons.<\/span><\/i><\/p>\n<h4><b>Mr Mondialisation : Pour rapetisser l\u2019\u00e9chelle et permettre de s\u2019identifier, que fais-tu de peu \u00e9cologique dans ton quotidien ?\u00a0<\/b><\/h4>\n<p><b><i>Lo\u00efc : <\/i><\/b><i><span style=\"font-weight: 400;\">Pour aller \u00e0 Bure, c\u2019est perdu dans la Meuse, je ne peux pas faire autrement que de prendre ma voiture. J\u2019ai l\u2019impression que ce n\u2019est pas grave, car si le projet n\u2019aboutit pas, cela deviendra <strong>une mesure de compensation \u00e9norme.<\/strong><\/span><\/i><\/p>\n<blockquote>\n<p><b><i>\u00ab\u00a0Les conditions d\u2019existence de la soci\u00e9t\u00e9 nous am\u00e8nent \u00e0 \u00eatre probl\u00e9matique, \u00e0 acheter tel ou tel produit, on a besoin d\u2019\u00eatre dans le monde tel qu\u2019il est pour changer le monde\u00a0\u00bb. <\/i><\/b><\/p>\n<\/blockquote>\n<p><b><i>Les conditions d\u2019existence de la soci\u00e9t\u00e9 nous am\u00e8nent \u00e0 \u00eatre probl\u00e9matique, \u00e0 acheter tel ou tel produit, on a besoin d\u2019\u00eatre dans le monde tel qu\u2019il est pour changer le monde. <\/i><\/b><i><span style=\"font-weight: 400;\">On peut cependant tenter de cr\u00e9er des \u00e9colieux, des \u00e9coquartiers, des \u00e9covillages inclusifs \u00e0 toutes les classes sociales sans pr\u00e9alable de capacit\u00e9 financi\u00e8re gr\u00e2ce \u00e0 une mutualisation des richesses\u2026 Tenter de se r\u00e9approprier des terres. <\/span><\/i><b><i>L\u2019important, c\u2019est de ne pas \u00eatre dans la culpabilit\u00e9.<\/i><\/b><i><span style=\"font-weight: 400;\">\u00a0<\/span><\/i><\/p>\n<p><strong>Merci infiniment \u00e0 Lo\u00efc pour son temps, cet \u00e9change riche et ses conseils de r\u00e9sistance face \u00e0 un mod\u00e8le destructeur. <\/strong>Comme le rappelle le c\u00e9l\u00e8bre proverbe :<strong> \u00ab\u00a0Ils ont essay\u00e9 de nous enterrer. Ils ne savaient pas que nous \u00e9tions des graines\u00a0\u00bb<\/strong><\/p>\n<p style=\"text-align: right;\"><em>\u2013 Maureen Damman<\/em><\/p>\n<div class=\"td-a-rec td-a-rec-id-content_bottom  tdi_2 td_block_template_1\">\n<span class=\"td-adspot-title\">&#8211; Cet article gratuit et ind\u00e9pendant existe gr\u00e2ce \u00e0 vous &#8211;<\/span><\/p>\n<div class=\"td-all-devices\">\n    <a target=\"_blank\" href=\"https:\/\/mrmondialisation.org\/donation\/\" title=\"Faire_un_don\"><img decoding=\"async\" class=\"donationArticle\" src=\"https:\/\/mrmondialisation.org\/wp-content\/uploads\/2022\/12\/220405-flikalicious-final.jpg\" alt=\"Donation\"\/><\/a>\n<\/div>\n<\/div><\/div>\n<p><br \/>\n<br \/><a href=\"https:\/\/mrmondialisation.org\/entretien-avec-le-celebre-moine-anticapitaliste\/\" target=\"_blank\"\">Source link <\/a><\/p>\n","protected":false},"excerpt":{"rendered":"<p>Entretien avec Lo\u00efc Schneider, plus connu sous le nom du \u201cmoine anticapitaliste\u201d qui nous raconte, avec intimit\u00e9, son parcours, et nous donne quelques cl\u00e9s pour des lendemains qui chantent.\u00a0 Vous&hellip; <\/p>\n","protected":false},"author":1,"featured_media":2463,"comment_status":"open","ping_status":"open","sticky":false,"template":"","format":"standard","meta":{"footnotes":""},"categories":[1],"tags":[],"class_list":["post-2462","post","type-post","status-publish","format-standard","has-post-thumbnail","hentry","category-non-classe"],"_links":{"self":[{"href":"https:\/\/monde25.info\/index.php\/wp-json\/wp\/v2\/posts\/2462","targetHints":{"allow":["GET"]}}],"collection":[{"href":"https:\/\/monde25.info\/index.php\/wp-json\/wp\/v2\/posts"}],"about":[{"href":"https:\/\/monde25.info\/index.php\/wp-json\/wp\/v2\/types\/post"}],"author":[{"embeddable":true,"href":"https:\/\/monde25.info\/index.php\/wp-json\/wp\/v2\/users\/1"}],"replies":[{"embeddable":true,"href":"https:\/\/monde25.info\/index.php\/wp-json\/wp\/v2\/comments?post=2462"}],"version-history":[{"count":0,"href":"https:\/\/monde25.info\/index.php\/wp-json\/wp\/v2\/posts\/2462\/revisions"}],"wp:featuredmedia":[{"embeddable":true,"href":"https:\/\/monde25.info\/index.php\/wp-json\/wp\/v2\/media\/2463"}],"wp:attachment":[{"href":"https:\/\/monde25.info\/index.php\/wp-json\/wp\/v2\/media?parent=2462"}],"wp:term":[{"taxonomy":"category","embeddable":true,"href":"https:\/\/monde25.info\/index.php\/wp-json\/wp\/v2\/categories?post=2462"},{"taxonomy":"post_tag","embeddable":true,"href":"https:\/\/monde25.info\/index.php\/wp-json\/wp\/v2\/tags?post=2462"}],"curies":[{"name":"wp","href":"https:\/\/api.w.org\/{rel}","templated":true}]}}