{"id":2466,"date":"2025-02-12T17:23:18","date_gmt":"2025-02-12T16:23:18","guid":{"rendered":"https:\/\/monde25.info\/index.php\/2025\/02\/12\/des-polluants-eternels-dans-lair-ambiant-a-lyon\/"},"modified":"2025-02-12T17:23:18","modified_gmt":"2025-02-12T16:23:18","slug":"des-polluants-eternels-dans-lair-ambiant-a-lyon","status":"publish","type":"post","link":"https:\/\/monde25.info\/index.php\/2025\/02\/12\/des-polluants-eternels-dans-lair-ambiant-a-lyon\/","title":{"rendered":"Des polluants \u00e9ternels dans l&rsquo;air ambiant \u00e0 Lyon"},"content":{"rendered":"<p> <br \/>\n<\/p>\n<div>\n<p><strong>Des polluants \u00e9ternels (PFAS) ont \u00e9t\u00e9 mesur\u00e9s pour la premi\u00e8re fois dans l\u2019air ambiant de Lyon. Un ph\u00e9nom\u00e8ne r\u00e9v\u00e9l\u00e9 par l\u2019organisme Atmo Aura qui, le 5 f\u00e9vrier, a partag\u00e9 les premiers r\u00e9sultats sur ces polluants persistants, dont l&rsquo;impact sanitaire inqui\u00e8te, m\u00eame s&rsquo;il est encore incertain.<\/strong><\/p>\n<p>Une \u00ab vall\u00e9e de la chimie \u00bb qui abriterait en r\u00e9alit\u00e9 un cocktail invisible et insidieux&#8230; \u00c0 Lyon, les polluants \u00e9ternels se mesurent d\u00e9sormais dans l\u2019air ambiant. Cette d\u00e9couverte, r\u00e9alis\u00e9e par Atmo Aura, marque un tournant dans la compr\u00e9hension de la pollution de l\u2019air. Sur la commune de Pierre-B\u00e9nite, au sud de la ville, les concentrations de PFAS fr\u00f4lent les centaines de picogrammes par m\u00e8tre cube. Des chiffres impressionnants qui soulignent la persistance de ces substances chimiques dans un environnement de plus en plus pollu\u00e9.<\/p>\n<p>Comme le rapelle l&rsquo;<em>AFP<\/em>, les PFAS sont tristement c\u00e9l\u00e8bres pour leur long\u00e9vit\u00e9 dans l\u2019environnement. Mais quel est leur impact r\u00e9el sur la sant\u00e9 ? \u00ab\u00a0En l&rsquo;absence de valeurs de r\u00e9f\u00e9rence, on ne sait pas quel taux est d\u00e9l\u00e9t\u00e8re\u00a0\u00bb, d\u00e9clare Marine Latham, directrice d&rsquo;Atmo Aura. Toutefois, ces premi\u00e8res mesures constituent une base pour des recherches \u00e0 plus grande \u00e9chelle. L\u2019objectif sera d&rsquo;\u00e9tablir un seuil toxicologique qui permettra d\u2019\u00e9valuer les risques pour les habitants de la r\u00e9gion, d\u00e9j\u00e0 expos\u00e9s \u00e0 un environnement industriel intense. Le temps que cela se fasse, on aura peut-\u00eatre v\u00e9cu un moment dans un cadre sanitaire d\u00e9l\u00e9t\u00e8re.<\/p>\n<p>Les industriels concern\u00e9s, comme Daikin et Arkema, ont commenc\u00e9 \u00e0 prendre des mesures. En 2024, Daikin a r\u00e9duit de 90 % ses rejets de PFAS, un effort salu\u00e9 mais encore insuffisant face \u00e0 l&rsquo;ampleur du probl\u00e8me. Malgr\u00e9 les initiatives prises, ces polluants continuent de se diffuser dans l\u2019air ambiant, \u00e0 une dizaine de kilom\u00e8tres des sources de contamination. Une situation qui fait de Lyon un laboratoire vivant pour les experts, mais une menace environnementale pour ses habitants.<\/p>\n<\/div>\n<p><script>(function(d, s, id) {  var js, fjs = d.getElementsByTagName(s)[0];  if (d.getElementById(id)) return;  js = d.createElement(s); js.id = id;  js.src = \"\/\/connect.facebook.net\/fr_FR\/sdk.js#xfbml=1&version=v2.3\";  fjs.parentNode.insertBefore(js, fjs);}(document, \"script\", \"facebook-jssdk\"));<\/script><br \/>\n<br \/><br \/>\n<br \/><a href=\"https:\/\/www.francesoir.fr\/societe-environnement\/des-polluants-eternels-dans-l-air-ambiant-lyon\" target=\"_blank\"\">Source link <\/a><\/p>\n","protected":false},"excerpt":{"rendered":"<p>Des polluants \u00e9ternels (PFAS) ont \u00e9t\u00e9 mesur\u00e9s pour la premi\u00e8re fois dans l\u2019air ambiant de Lyon. Un ph\u00e9nom\u00e8ne r\u00e9v\u00e9l\u00e9 par l\u2019organisme Atmo Aura qui, le 5 f\u00e9vrier, a partag\u00e9 les&hellip; <\/p>\n","protected":false},"author":1,"featured_media":2467,"comment_status":"open","ping_status":"open","sticky":false,"template":"","format":"standard","meta":{"footnotes":""},"categories":[1],"tags":[],"class_list":["post-2466","post","type-post","status-publish","format-standard","has-post-thumbnail","hentry","category-non-classe"],"_links":{"self":[{"href":"https:\/\/monde25.info\/index.php\/wp-json\/wp\/v2\/posts\/2466","targetHints":{"allow":["GET"]}}],"collection":[{"href":"https:\/\/monde25.info\/index.php\/wp-json\/wp\/v2\/posts"}],"about":[{"href":"https:\/\/monde25.info\/index.php\/wp-json\/wp\/v2\/types\/post"}],"author":[{"embeddable":true,"href":"https:\/\/monde25.info\/index.php\/wp-json\/wp\/v2\/users\/1"}],"replies":[{"embeddable":true,"href":"https:\/\/monde25.info\/index.php\/wp-json\/wp\/v2\/comments?post=2466"}],"version-history":[{"count":0,"href":"https:\/\/monde25.info\/index.php\/wp-json\/wp\/v2\/posts\/2466\/revisions"}],"wp:featuredmedia":[{"embeddable":true,"href":"https:\/\/monde25.info\/index.php\/wp-json\/wp\/v2\/media\/2467"}],"wp:attachment":[{"href":"https:\/\/monde25.info\/index.php\/wp-json\/wp\/v2\/media?parent=2466"}],"wp:term":[{"taxonomy":"category","embeddable":true,"href":"https:\/\/monde25.info\/index.php\/wp-json\/wp\/v2\/categories?post=2466"},{"taxonomy":"post_tag","embeddable":true,"href":"https:\/\/monde25.info\/index.php\/wp-json\/wp\/v2\/tags?post=2466"}],"curies":[{"name":"wp","href":"https:\/\/api.w.org\/{rel}","templated":true}]}}