{"id":2470,"date":"2025-02-12T18:32:05","date_gmt":"2025-02-12T17:32:05","guid":{"rendered":"https:\/\/monde25.info\/index.php\/2025\/02\/12\/vladimir-poutine-sentretient-pour-la-premiere-fois-avec-le-president-de-la-transition-syrienne-rt-en-francais\/"},"modified":"2025-02-12T18:32:05","modified_gmt":"2025-02-12T17:32:05","slug":"vladimir-poutine-sentretient-pour-la-premiere-fois-avec-le-president-de-la-transition-syrienne-rt-en-francais","status":"publish","type":"post","link":"https:\/\/monde25.info\/index.php\/2025\/02\/12\/vladimir-poutine-sentretient-pour-la-premiere-fois-avec-le-president-de-la-transition-syrienne-rt-en-francais\/","title":{"rendered":"Vladimir Poutine s&rsquo;entretient pour la premi\u00e8re fois avec le pr\u00e9sident de la transition syrienne \u2014 RT en fran\u00e7ais"},"content":{"rendered":"<p> <br \/>\n<br \/><img decoding=\"async\" src=\"https:\/\/mf.b37mrtl.ru\/french\/images\/2025.02\/thumbnail\/67acd3b06f7ccc6532738471.jpg\" \/><\/p>\n<div>\n<p class=\"text__summary\">\n                                        Lors d&rsquo;un entretien t\u00e9l\u00e9phonique avec le pr\u00e9sident par int\u00e9rim de la Syrie, le dirigeant russe a r\u00e9affirm\u00e9 son soutien \u00e0 l\u2019unit\u00e9 et \u00e0 la souverainet\u00e9 du pays, tout en insistant sur l\u2019importance d\u2019un dialogue national et sur la coop\u00e9ration bilat\u00e9rale entre Moscou et Damas.\n                                    <\/p>\n<p>Le pr\u00e9sident russe a tenu un entretien t\u00e9l\u00e9phonique avec Ahmed el-Chareh, pr\u00e9sident de transition de la R\u00e9publique arabe syrienne. Cette conversation, qui a eu lieu le 12 f\u00e9vrier 2025, a permis aux deux dirigeants d\u2019aborder la situation en Syrie ainsi que les perspectives de coop\u00e9ration entre Moscou et Damas.<\/p>\n<p>Au cours de l\u2019\u00e9change, Vladimir Poutine a soulign\u00e9 l\u2019engagement de la Russie \u00e0 soutenir l\u2019unit\u00e9, la souverainet\u00e9 et l\u2019int\u00e9grit\u00e9 territoriale de la Syrie. Il a insist\u00e9 sur la n\u00e9cessit\u00e9 d\u2019un dialogue inter-syrien impliquant les principales forces politiques et les communaut\u00e9s du pays afin de garantir une stabilisation durable.<\/p>\n<p>Les discussions ont \u00e9galement port\u00e9 sur la situation \u00e9conomique et humanitaire en Syrie. La Russie a confirm\u00e9 sa volont\u00e9 de poursuivre son assistance en fournissant une aide humanitaire et en participant \u00e0 la reconstruction des infrastructures essentielles, notamment les r\u00e9seaux \u00e9lectriques, les h\u00f4pitaux et les routes.<\/p>\n<p>De son c\u00f4t\u00e9, Ahmed el-Chareh a salu\u00e9 les \u00abfortes relations strat\u00e9giques\u00bb entre la Russie et la Syrie, soulignant l\u2019importance de la coop\u00e9ration entre les deux nations dans cette p\u00e9riode critique.<\/p>\n<p>Par ailleurs, les deux dirigeants ont \u00e9voqu\u00e9 le renforcement des relations \u00e9conomiques entre la Russie et la Syrie. Ils ont convenu d\u2019intensifier les \u00e9changes commerciaux et de d\u00e9velopper des partenariats dans les secteurs cl\u00e9s tels que l\u2019\u00e9nergie, les transports et l\u2019\u00e9ducation. Cet entretien s\u2019inscrit dans la continuit\u00e9 des discussions men\u00e9es r\u00e9cemment \u00e0 Damas par une d\u00e9l\u00e9gation interminist\u00e9rielle russe, venue explorer les opportunit\u00e9s de coop\u00e9ration bilat\u00e9rale.<\/p>\n<p>Un autre point important abord\u00e9 concerne la pr\u00e9sence militaire russe en Syrie, notamment les bases strat\u00e9giques de Tartous et de Hmeimim. Moscou a rappel\u00e9 que ces installations jouaient un r\u00f4le central dans la lutte contre le terrorisme et la stabilisation de la r\u00e9gion. Le Kremlin a \u00e9galement pr\u00e9cis\u00e9 que les nouvelles autorit\u00e9s syriennes se sont dites pr\u00eates \u00e0 poursuivre la coop\u00e9ration militaire avec la Russie.<\/p>\n<p>Enfin, Vladimir Poutine et Ahmed el-Chareh ont convenu de maintenir un dialogue r\u00e9gulier et d\u2019approfondir leur coop\u00e9ration dans tous les domaines. Selon le Kremlin, la conversation a \u00e9t\u00e9 \u00abconstructive, professionnelle et substantielle\u00bb, illustrant la volont\u00e9 des deux pays de renforcer leurs relations malgr\u00e9 les r\u00e9cents bouleversements politiques en Syrie.<\/p>\n<\/div>\n<p><br \/>\n<br \/><a href=\"https:\/\/francais.rt.com\/russie\/116859-entretien-telephonique-entre-vladimir-poutine\" target=\"_blank\"\">Source link <\/a><\/p>\n","protected":false},"excerpt":{"rendered":"<p>Lors d&rsquo;un entretien t\u00e9l\u00e9phonique avec le pr\u00e9sident par int\u00e9rim de la Syrie, le dirigeant russe a r\u00e9affirm\u00e9 son soutien \u00e0 l\u2019unit\u00e9 et \u00e0 la souverainet\u00e9 du pays, tout en insistant&hellip; <\/p>\n","protected":false},"author":1,"featured_media":2471,"comment_status":"open","ping_status":"open","sticky":false,"template":"","format":"standard","meta":{"footnotes":""},"categories":[1],"tags":[],"class_list":["post-2470","post","type-post","status-publish","format-standard","has-post-thumbnail","hentry","category-non-classe"],"_links":{"self":[{"href":"https:\/\/monde25.info\/index.php\/wp-json\/wp\/v2\/posts\/2470","targetHints":{"allow":["GET"]}}],"collection":[{"href":"https:\/\/monde25.info\/index.php\/wp-json\/wp\/v2\/posts"}],"about":[{"href":"https:\/\/monde25.info\/index.php\/wp-json\/wp\/v2\/types\/post"}],"author":[{"embeddable":true,"href":"https:\/\/monde25.info\/index.php\/wp-json\/wp\/v2\/users\/1"}],"replies":[{"embeddable":true,"href":"https:\/\/monde25.info\/index.php\/wp-json\/wp\/v2\/comments?post=2470"}],"version-history":[{"count":0,"href":"https:\/\/monde25.info\/index.php\/wp-json\/wp\/v2\/posts\/2470\/revisions"}],"wp:featuredmedia":[{"embeddable":true,"href":"https:\/\/monde25.info\/index.php\/wp-json\/wp\/v2\/media\/2471"}],"wp:attachment":[{"href":"https:\/\/monde25.info\/index.php\/wp-json\/wp\/v2\/media?parent=2470"}],"wp:term":[{"taxonomy":"category","embeddable":true,"href":"https:\/\/monde25.info\/index.php\/wp-json\/wp\/v2\/categories?post=2470"},{"taxonomy":"post_tag","embeddable":true,"href":"https:\/\/monde25.info\/index.php\/wp-json\/wp\/v2\/tags?post=2470"}],"curies":[{"name":"wp","href":"https:\/\/api.w.org\/{rel}","templated":true}]}}