{"id":2476,"date":"2025-02-12T20:12:29","date_gmt":"2025-02-12T19:12:29","guid":{"rendered":"https:\/\/monde25.info\/index.php\/2025\/02\/12\/de-quoi-le-consentement-est-il-le-non-par-clara-serra-le-monde-diplomatique-fevrier-2025\/"},"modified":"2025-02-12T20:12:29","modified_gmt":"2025-02-12T19:12:29","slug":"de-quoi-le-consentement-est-il-le-non-par-clara-serra-le-monde-diplomatique-fevrier-2025","status":"publish","type":"post","link":"https:\/\/monde25.info\/index.php\/2025\/02\/12\/de-quoi-le-consentement-est-il-le-non-par-clara-serra-le-monde-diplomatique-fevrier-2025\/","title":{"rendered":"De quoi le consentement est-il le non ?, par Clara Serra (Le Monde diplomatique, f\u00e9vrier 2025)"},"content":{"rendered":"<p> <br \/>\n<\/p>\n<div>\n<p class=\"crayon article-surtitre-68025 surtitre\">Une controverse f\u00e9ministe et juridique<\/p>\n<div class=\"crayon article-chapo-68025 chapo\">\n<p>Apr\u00e8s le proc\u00e8s des viols subis par Mme\u00a0Gis\u00e8le P\u00e9licot, des voix s\u2019\u00e9l\u00e8vent pour r\u00e9clamer l\u2019introduction dans la loi de la notion de consentement. Lorsqu\u2019elle se r\u00e9sume \u00e0 la formule \u00ab<small class=\"fine\">\u00a0<\/small>seul un oui est un oui<small class=\"fine\">\u00a0<\/small>\u00bb, cette solution semblant aller de soi entra\u00eene des cons\u00e9quences politiques inqui\u00e9tantes expos\u00e9es par la philosophe Clara Serra dans un livre qui vient de para\u00eetre.<\/p>\n<\/div><\/div>\n<div couleurfade=\"e6e6e5\" couleurclaire=\"e6e6e4\" couleurpale=\"d2d2c5\" couleurmi=\"686863\" couleurfoncee=\"5b5b3d\" couleursombre=\"1a1a18\" couleurfond=\"4f4f4c\" couleurtexte=\"ffffff\">\n<div class=\"enapercu\">\n<figure class=\"spip_document_34120 spip_documents spip_documents_center xl\" style=\"width:890px;\">\n<div class=\"limage\">\n<p>\t\t\t<img loading=\"lazy\" decoding=\"async\" src=\"https:\/\/www.monde-diplomatique.fr\/\/local\/cache-vignettes\/L890xH708\/03-10-392b4.jpg?1738680739\" width=\"890\" height=\"708\" class=\"spip_logos\" alt=\"JPEG - 146.3\u00a0ko\"\/><\/p><\/div><figcaption>\n<p>Grete Stern. \u2013 \u00ab<small class=\"fine\">\u00a0<\/small>Sue\u00f1o n\u00b0\u00a013, Consentimiento<small class=\"fine\">\u00a0<\/small>\u00bb (R\u00eave n\u00b0\u00a013, Consentement), de la s\u00e9rie \u00ab<small class=\"fine\">\u00a0<\/small>Los Sue\u00f1os<small class=\"fine\">\u00a0<\/small>\u00bb, 1949<\/p>\n<p>\u00a9 Fundaci\u00f3n Grete Stern et Horacio Coppola \u2013 Galer\u00eda Jorge Mara-La Ruche, Buenos Aires\n<\/p>\n<\/figcaption><\/figure>\n<p><span class=\"mot-lettrine\"><span class=\"lettrine\">M<\/span>entionn\u00e9<\/span> sans rel\u00e2che dans les talk-shows et les journaux t\u00e9l\u00e9vis\u00e9s, vulgaris\u00e9 sur les r\u00e9seaux sociaux, expliqu\u00e9 par voie d\u2019affiche dans les salles d\u2019attente ou les pages de guides didactiques et invoqu\u00e9 dans des discours politiques, le consentement sexuel appara\u00eet aujourd\u2019hui comme une formidable solution. En Espagne, la loi organique de garantie int\u00e9grale de la libert\u00e9 sexuelle, adopt\u00e9e le 6\u00a0septembre\u00a02022, affirme que \u00ab<small class=\"fine\">\u00a0<\/small>seul un oui est un oui<small class=\"fine\">\u00a0<\/small>\u00bb. Face aux d\u00e9bats suscit\u00e9s par ce texte, ses d\u00e9fenseurs ont r\u00e9sum\u00e9 l\u2019enjeu \u00e0 une simple alternative\u00a0: les partisans, progressistes, du consentement l\u2019emporteront-ils sur ses d\u00e9tracteurs r\u00e9actionnaires<small class=\"fine\">\u00a0<\/small>? Cet accord exprim\u00e9 de mani\u00e8re \u00e9vidente, univoque et claire ferait ainsi face \u00e0 l\u2019obstacle des l\u00e9gislations obsol\u00e8tes ou des juges machistes qui se refusent \u00e0 le faire entrer dans la loi. Si les affaires de violences sexuelles qui \u00e9branlent r\u00e9guli\u00e8rement les soci\u00e9t\u00e9s nous pr\u00e9disposent \u00e0 accueillir avec soulagement toute perspective de r\u00e9forme p\u00e9nale, on ne peut faire l\u2019\u00e9conomie d\u2019une interrogation\u00a0: le consentement se r\u00e9duit-il \u00e0 la doctrine particuli\u00e8re du consentement affirmatif et, surtout, est-il le meilleur outil pour lutter contre les crimes sexuels<small class=\"fine\">\u00a0<\/small>?<\/p>\n<p>L\u2019exemple des viols sous soumission chimique subis par Mme\u00a0Gis\u00e8le P\u00e9licot sugg\u00e8re que non. Lors du proc\u00e8s, les violeurs soutenaient pour se d\u00e9fendre avoir cru qu\u2019<i>\u00ab<small class=\"fine\">\u00a0<\/small>elle avait consenti<small class=\"fine\">\u00a0<\/small>\u00bb<\/i>\u00a0: ils pr\u00e9tendaient avoir la conviction qu\u2019elle avait dit oui \u00e0 son mari, et ce oui \u00e9tait cens\u00e9 transformer leur acte en sexe consenti. Si nous acceptons ce cadre, il faut reconna\u00eetre qu\u2019en effet un tel oui n\u2019est pas d\u2019embl\u00e9e impossible et que, par cons\u00e9quent, pour d\u00e9montrer le viol il faudrait prouver que Mme\u00a0P\u00e9licot n\u2019a jamais dit oui. Mais pourquoi faudrait-il prendre cet hypoth\u00e9tique oui (dans le cas o\u00f9 il aurait \u00e9t\u00e9 prononc\u00e9) comme un crit\u00e8re du consentement, alors qu\u2019une caract\u00e9ristique centrale des viols de Mazan tient \u00e0 ce qu\u2019ils furent commis sur une victime totalement priv\u00e9e de la capacit\u00e9 d\u2019exprimer son refus<small class=\"fine\">\u00a0<\/small>?\u00a0(&#8230;)<\/p>\n<\/p><\/div>\n<p>Taille de l\u2019article complet\u00a0:\u00a0<span>2\u00a0521<\/span>\u00a0mots.<\/p>\n<div class=\"promo_dispo_article\">\n<h2 class=\"avantbloc\">\n\tCet article est r\u00e9serv\u00e9 aux\u00a0abonn\u00e9s<\/p>\n<\/h2>\n<div class=\"abo_inst\">\n\t<strong>Lyc\u00e9es, biblioth\u00e8ques, administrations, entreprises,<\/strong><br \/>\n\tacc\u00e9dez \u00e0 la base de donn\u00e9es en ligne de tous les articles du <i>Monde diplomatique<\/i> de 1954 \u00e0 nos\u00a0jours.<br \/>\n\t<a target=\"_blank\" id=\"pw-institutions\" class=\"suivi\" href=\"https:\/\/www.monde-diplomatique.fr\/archives\/institutions\">Retrouvez cette\u00a0offre sp\u00e9cifique<\/a>.\n<\/div>\n<\/div><\/div>\n<div>\n<p class=\"nom\">Clara Serra<\/p>\n<p>\n\t\t\t\t\tPhilosophe et auteure de l\u2019ouvrage <i>La Doctrine du consentement,<\/i> La Fabrique, Paris, 2025, \u00e0 partir duquel ce texte est compos\u00e9.<\/p>\n<\/p><\/div>\n<p><br \/>\n<br \/><a href=\"https:\/\/www.monde-diplomatique.fr\/2025\/02\/SERRA\/68025\" target=\"_blank\"\">Source link <\/a><\/p>\n","protected":false},"excerpt":{"rendered":"<p>Une controverse f\u00e9ministe et juridique Apr\u00e8s le proc\u00e8s des viols subis par Mme\u00a0Gis\u00e8le P\u00e9licot, des voix s\u2019\u00e9l\u00e8vent pour r\u00e9clamer l\u2019introduction dans la loi de la notion de consentement. Lorsqu\u2019elle se&hellip; <\/p>\n","protected":false},"author":1,"featured_media":2477,"comment_status":"open","ping_status":"open","sticky":false,"template":"","format":"standard","meta":{"footnotes":""},"categories":[1],"tags":[],"class_list":["post-2476","post","type-post","status-publish","format-standard","has-post-thumbnail","hentry","category-non-classe"],"_links":{"self":[{"href":"https:\/\/monde25.info\/index.php\/wp-json\/wp\/v2\/posts\/2476","targetHints":{"allow":["GET"]}}],"collection":[{"href":"https:\/\/monde25.info\/index.php\/wp-json\/wp\/v2\/posts"}],"about":[{"href":"https:\/\/monde25.info\/index.php\/wp-json\/wp\/v2\/types\/post"}],"author":[{"embeddable":true,"href":"https:\/\/monde25.info\/index.php\/wp-json\/wp\/v2\/users\/1"}],"replies":[{"embeddable":true,"href":"https:\/\/monde25.info\/index.php\/wp-json\/wp\/v2\/comments?post=2476"}],"version-history":[{"count":0,"href":"https:\/\/monde25.info\/index.php\/wp-json\/wp\/v2\/posts\/2476\/revisions"}],"wp:featuredmedia":[{"embeddable":true,"href":"https:\/\/monde25.info\/index.php\/wp-json\/wp\/v2\/media\/2477"}],"wp:attachment":[{"href":"https:\/\/monde25.info\/index.php\/wp-json\/wp\/v2\/media?parent=2476"}],"wp:term":[{"taxonomy":"category","embeddable":true,"href":"https:\/\/monde25.info\/index.php\/wp-json\/wp\/v2\/categories?post=2476"},{"taxonomy":"post_tag","embeddable":true,"href":"https:\/\/monde25.info\/index.php\/wp-json\/wp\/v2\/tags?post=2476"}],"curies":[{"name":"wp","href":"https:\/\/api.w.org\/{rel}","templated":true}]}}