{"id":24785,"date":"2026-03-04T00:33:56","date_gmt":"2026-03-03T23:33:56","guid":{"rendered":"https:\/\/monde25.info\/index.php\/2026\/03\/04\/teheran-porte-la-responsabilite-premiere-de-cette-situation-estime-macron-rt-en-francais\/"},"modified":"2026-03-04T00:33:56","modified_gmt":"2026-03-03T23:33:56","slug":"teheran-porte-la-responsabilite-premiere-de-cette-situation-estime-macron-rt-en-francais","status":"publish","type":"post","link":"https:\/\/monde25.info\/index.php\/2026\/03\/04\/teheran-porte-la-responsabilite-premiere-de-cette-situation-estime-macron-rt-en-francais\/","title":{"rendered":"T\u00e9h\u00e9ran \u00abporte la responsabilit\u00e9 premi\u00e8re de cette situation\u00bb, estime Macron \u2014 RT en fran\u00e7ais"},"content":{"rendered":"<p> <br \/>\n<br \/><img decoding=\"async\" src=\"https:\/\/mf.b37mrtl.ru\/french\/images\/2026.03\/thumbnail\/69a73dd26f7ccc227d0adf1a.jpg\" \/><\/p>\n<div>\n<p class=\"text__summary\">\n                                        S\u2019exprimant sur la situation au Moyen-Orient, o\u00f9 il a rappel\u00e9 que les frappes am\u00e9ricano-isra\u00e9liennes \u00e9taient \u00abconduites en dehors du droit international\u00bb, le pr\u00e9sident fran\u00e7ais a imput\u00e9 \u00e0 l\u2019Iran la responsabilit\u00e9 de ces derni\u00e8res. Afin de \u00abs\u00e9curiser le trafic\u00bb maritime dans la r\u00e9gion, Emmanuel Macron a d\u00e9clar\u00e9 vouloir \u00abb\u00e2tir\u00bb une \u00abcoalition\u00bb.\n                                    <\/p>\n<p>Dans une allocution t\u00e9l\u00e9vis\u00e9e, depuis l\u2019\u00c9lys\u00e9e, Emmanuel Macron s\u2019est adress\u00e9 ce 3 mars aux Fran\u00e7ais sur le conflit qui d\u00e9chire \u00ab\u00a0une nouvelle fois\u00a0\u00bb le Moyen-Orient. Une \u00ab\u00a0situation\u00a0\u00bb dont l\u2019Iran, a-t-il estim\u00e9, \u00ab\u00a0porte la responsabilit\u00e9 premi\u00e8re\u00a0\u00bb avant d\u2019\u00e9voquer notamment son programme nucl\u00e9aire \u00ab\u00a0dangereux\u00a0\u00bb et le d\u00e9veloppement de capacit\u00e9s balistiques \u00ab\u00a0in\u00e9dites\u00a0\u00bb, qui a \u00ab\u00a0arm\u00e9 et financ\u00e9 des groupes terroristes\u00a0\u00bb dans la r\u00e9gion et \u00ab soutenu le Hamas et a toujours affirm\u00e9 son objectif de d\u00e9truire l\u2019\u00c9tat d\u2019Isra\u00ebl\u00a0\u00bb.<\/p>\n<p>\u00ab\u00a0Compte tenu de tout cela, et des n\u00e9gociations qui ne progressaient plus, les \u00c9tats-Unis et Isra\u00ebl ont d\u00e9cid\u00e9 de lancer des op\u00e9rations militaires\u00a0\u00bb, a poursuivi le pr\u00e9sident fran\u00e7ais, en r\u00e9f\u00e9rence aux frappes lanc\u00e9es au matin du 28 f\u00e9vrier et qui ont tu\u00e9 d\u2019entr\u00e9e l\u2019ayatollah Ali Khamenei, \u00e0 la t\u00eate du pays depuis pr\u00e8s de\u00a037 ans, ainsi que d\u00e9cim\u00e9 dirigeants et hauts responsables iraniens.<\/p>\n<p>\u00ab\u00a0Elles ont \u00e9t\u00e9 conduites en dehors du droit international, ce que nous ne pouvons pas approuver\u00a0\u00bb, a soulign\u00e9 le locataire de l\u2019\u00c9lys\u00e9e, avant d\u2019ajouter \u00ab\u00a0que l\u2019Histoire ne pleure jamais les bourreaux de leur peuple et aucun ne sera regrett\u00e9\u00a0\u00bb.<\/p>\n<p>Mettant en avant \u00ab\u00a0les accords de d\u00e9fenses qui nous lient\u00a0\u00bb avec le Qatar, le Kowe\u00eft, les \u00c9mirats arabes unis, ainsi que les \u00ab\u00a0engagements solides\u00a0\u00bb avec la Jordanie et l\u2019Irak, Emmanuel Macron a d\u00e9fendu le renforcement de la pr\u00e9sence militaire fran\u00e7aise dans la r\u00e9gion. Il a \u00e9galement assur\u00e9 que Paris veillerait \u00e0 organiser le rapatriement, \u00ab\u00a0pour ceux qui veulent\u00a0\u00bb, des ressortissants fran\u00e7ais pr\u00e9sents dans ce secteur.<\/p>\n<h3>Face \u00e0 la menace sur le commerce maritime, Macron annonce une \u00e9ni\u00e8me \u00ab\u00a0coalition\u00a0\u00bb<\/h3>\n<p>\u00ab\u00a0Nous avons r\u00e9agi imm\u00e9diatement et avons abattu en l\u00e9gitime d\u00e9fense des drones \u2013 d\u00e8s les premi\u00e8res heures du conflit \u2013 pour d\u00e9fendre l\u2019espace a\u00e9rien de nos alli\u00e9s qui savent pouvoir compter sur nous\u00a0\u00bb, a-t-il affirm\u00e9.<\/p>\n<p>\u00ab\u00a0En plus des moyens d\u00e9j\u00e0 pr\u00e9sents, des Rafale, des syst\u00e8mes de d\u00e9fense antia\u00e9rienne et de radars a\u00e9roport\u00e9s ont \u00e9t\u00e9 d\u00e9ploy\u00e9s ces derni\u00e8res heures\u00a0\u00bb, a d\u00e9clar\u00e9 le pr\u00e9sident fran\u00e7ais avant d&rsquo;\u00e9voquer Chypre \u00ab\u00a0frapp\u00e9e \u00e9galement\u00a0\u00bb. Confirmant <a target=\"_blank\" href=\"https:\/\/francais.rt.com\/news\/131116-chypre-france-deployer-systemes-fregate\">des informations<\/a> parues dans la presse chypriote, le pr\u00e9sident fran\u00e7ais a annonc\u00e9 que des \u00ab\u00a0moyens de d\u00e9fense antia\u00e9rienne suppl\u00e9mentaires\u00a0\u00bb ont \u00e9t\u00e9 envoy\u00e9s sur cette \u00eele m\u00e9diterran\u00e9enne, au large de laquelle la fr\u00e9gate <em>Languedoc<\/em> devait arriver \u00ab\u00a0d\u00e8s ce soir\u00a0\u00bb.<\/p>\n<p>Au-del\u00e0 des abords de la R\u00e9publique islamique,\u00a0le chef de l&rsquo;\u00c9tat fran\u00e7ais a \u00e9galement point\u00e9 du doigt l\u2019\u00ab\u00a0escalade dangereuse\u00a0\u00bb et l\u2019\u00ab\u00a0erreur strat\u00e9gique\u00a0\u00bb que constituerait une nouvelle op\u00e9ration terrestre isra\u00e9lienne au Liban, enjoignant\u00a0Isra\u00ebl \u00e0 \u00ab\u00a0respecter le territoire libanais et son int\u00e9grit\u00e9\u00a0\u00bb, et le Hezbollah \u00e0 cesser \u00ab\u00a0toute frappe\u00a0\u00bb.<\/p>\n<p>\u00ab\u00a0Nous sommes \u00e0 l\u2019initiative pour b\u00e2tir une coalition afin de r\u00e9unir les moyens\u00a0\u2013 y compris militaires \u2013\u00a0pour reprendre et s\u00e9curiser le trafic dans ces voies maritimes essentielles \u00e0 l\u2019\u00e9conomie mondiale\u00a0\u00bb, a par ailleurs d\u00e9clar\u00e9 le pr\u00e9sident\u00a0Macron concernant les r\u00e9percutions de ce nouveau conflit sur <a target=\"_blank\" href=\"https:\/\/francais.rt.com\/economie\/131144-guerre-moyen-orient-cours-petrole-et-gaz-flambent-alors-que-bourses-plongent\">les prix du p\u00e9trole et du gaz<\/a> naturel liqu\u00e9fi\u00e9, dont une part importante transite par un d\u00e9troit d\u2019Ormuz \u00ab\u00a0de fait ferm\u00e9\u00a0\u00bb.\u00a0Dans la foul\u00e9e, il a annonc\u00e9 avoir \u00ab\u00a0donn\u00e9 ordre\u00a0\u00bb au porte-avions <em>Charles de Gaulle<\/em> et son escadre de faire \u00ab route vers la M\u00e9diterran\u00e9e\u00a0\u00bb.<\/p>\n<\/div>\n<p><br \/>\n<br \/><a href=\"https:\/\/francais.rt.com\/france\/131159-frappes-iran-macron-teheran-responsabilite\" target=\"_blank\"\">Source link <\/a><\/p>\n","protected":false},"excerpt":{"rendered":"<p>S\u2019exprimant sur la situation au Moyen-Orient, o\u00f9 il a rappel\u00e9 que les frappes am\u00e9ricano-isra\u00e9liennes \u00e9taient \u00abconduites en dehors du droit international\u00bb, le pr\u00e9sident fran\u00e7ais a imput\u00e9 \u00e0 l\u2019Iran la responsabilit\u00e9&hellip; <\/p>\n","protected":false},"author":1,"featured_media":24786,"comment_status":"open","ping_status":"open","sticky":false,"template":"","format":"standard","meta":{"footnotes":""},"categories":[1],"tags":[],"class_list":["post-24785","post","type-post","status-publish","format-standard","has-post-thumbnail","hentry","category-non-classe"],"_links":{"self":[{"href":"https:\/\/monde25.info\/index.php\/wp-json\/wp\/v2\/posts\/24785","targetHints":{"allow":["GET"]}}],"collection":[{"href":"https:\/\/monde25.info\/index.php\/wp-json\/wp\/v2\/posts"}],"about":[{"href":"https:\/\/monde25.info\/index.php\/wp-json\/wp\/v2\/types\/post"}],"author":[{"embeddable":true,"href":"https:\/\/monde25.info\/index.php\/wp-json\/wp\/v2\/users\/1"}],"replies":[{"embeddable":true,"href":"https:\/\/monde25.info\/index.php\/wp-json\/wp\/v2\/comments?post=24785"}],"version-history":[{"count":0,"href":"https:\/\/monde25.info\/index.php\/wp-json\/wp\/v2\/posts\/24785\/revisions"}],"wp:featuredmedia":[{"embeddable":true,"href":"https:\/\/monde25.info\/index.php\/wp-json\/wp\/v2\/media\/24786"}],"wp:attachment":[{"href":"https:\/\/monde25.info\/index.php\/wp-json\/wp\/v2\/media?parent=24785"}],"wp:term":[{"taxonomy":"category","embeddable":true,"href":"https:\/\/monde25.info\/index.php\/wp-json\/wp\/v2\/categories?post=24785"},{"taxonomy":"post_tag","embeddable":true,"href":"https:\/\/monde25.info\/index.php\/wp-json\/wp\/v2\/tags?post=24785"}],"curies":[{"name":"wp","href":"https:\/\/api.w.org\/{rel}","templated":true}]}}