{"id":24790,"date":"2026-03-04T03:20:10","date_gmt":"2026-03-04T02:20:10","guid":{"rendered":"https:\/\/monde25.info\/index.php\/2026\/03\/04\/macron-envoie-le-porte-avions-charles-de-gaulle-et-dautres-renforts-militaires-au-moyen-orient\/"},"modified":"2026-03-04T03:20:10","modified_gmt":"2026-03-04T02:20:10","slug":"macron-envoie-le-porte-avions-charles-de-gaulle-et-dautres-renforts-militaires-au-moyen-orient","status":"publish","type":"post","link":"https:\/\/monde25.info\/index.php\/2026\/03\/04\/macron-envoie-le-porte-avions-charles-de-gaulle-et-dautres-renforts-militaires-au-moyen-orient\/","title":{"rendered":"Macron envoie le porte-avions Charles de Gaulle et d&rsquo;autres renforts militaires au Moyen-Orient"},"content":{"rendered":"<p> <br \/>\n<\/p>\n<div>\n<p>Emmanuel Macron a annonc\u00e9 mardi le d\u00e9ploiement du porte-avions Charles de Gaulle, d&rsquo;avions Rafale, d&rsquo;une fr\u00e9gate et de moyens de d\u00e9fense anti-a\u00e9rienne au Moyen-Orient pour d\u00e9fendre les int\u00e9r\u00eats fran\u00e7ais et les pays alli\u00e9s frapp\u00e9s par la riposte iranienne aux attaques isra\u00e9lo-am\u00e9ricaines.<\/p>\n<p>Lors d&rsquo;une allocation solennelle de huit minutes, la premi\u00e8re depuis mars 2025, le pr\u00e9sident fran\u00e7ais a d\u00e9nonc\u00e9 la \u00ab\u00a0responsabilit\u00e9 premi\u00e8re\u00a0\u00bb de l&rsquo;Iran dans la guerre, avec son \u00ab\u00a0programme nucl\u00e9aire dangereux\u00a0\u00bb et \u00ab\u00a0l&rsquo;ordre (donn\u00e9) de tirer sur son propre peuple\u00a0\u00bb lors des grandes manifestations de janvier.<\/p>\n<p>\u00ab\u00a0Compte tenu de tout cela (..) les \u00c9tats-Unis d\u2019Am\u00e9rique et Isra\u00ebl ont d\u00e9cid\u00e9 de lancer des op\u00e9rations militaires, conduites en dehors du droit international, ce que nous ne pouvons approuver\u00a0\u00bb, a-t-il soulign\u00e9.<\/p>\n<p>\u00ab\u00a0Il reste que l\u2019Histoire ne pleure jamais les bourreaux de leur peuple. Aucun ne sera regrett\u00e9\u00a0\u00bb, a-t-il ajout\u00e9. Une position diplomatique d\u00e9j\u00e0 adopt\u00e9e apr\u00e8s l&rsquo;enl\u00e8vement et le transfert du pr\u00e9sident v\u00e9n\u00e9zu\u00e9lien Maduro aux \u00c9tats-Unis le 3 janvier.<\/p>\n<p>Le pr\u00e9sident a en revanche mis en garde Isra\u00ebl contre toute op\u00e9ration terrestre au Liban qui serait \u00ab\u00a0une escalade dangereuse et une erreur strat\u00e9gique\u00a0\u00bb, tout en estimant que le Hezbollah avait commis \u00ab\u00a0une faute majeure\u00a0\u00bb en frappant Isra\u00ebl en premier.<\/p>\n<p>\u00ab\u00a0Face \u00e0 cette guerre en train de s\u2019\u00e9tendre et dont nul ne sait dire aujourd\u2019hui le terme\u00a0\u00bb, la France doit prendre des dispositions pour sa s\u00e9curit\u00e9, celle de ses ressortissants et de ses bases ainsi que celle de ses alli\u00e9s dans la r\u00e9gion, a poursuivi le pr\u00e9sident et chef des arm\u00e9es, citant le Qatar, le Kowe\u00eft, les \u00c9mirats Arabes Unis, la Jordanie, l&rsquo;Irak ainsi que le Kurdistan irakien.<\/p>\n<p>\u00ab\u00a0J&rsquo;ai donn\u00e9 l\u2019ordre au porte-avions Charles de Gaulle, \u00e0 ses moyens a\u00e9riens et \u00e0 son escorte de fr\u00e9gates de faire route vers la M\u00e9diterran\u00e9e\u00a0\u00bb, a-t-il d\u00e9clar\u00e9.<\/p>\n<p>Le fleuron de la Marine fran\u00e7aise se trouve actuellement dans le nord de l&rsquo;Europe &#8211; il \u00e9tait derni\u00e8rement en escale \u00e0 Malm\u00f6, en Su\u00e8de &#8211; \u00a0dans le cadre d&rsquo;une mission de l&rsquo;Otan destin\u00e9e \u00e0 renforcer la s\u00e9curit\u00e9 de l&rsquo;Arctique mais aussi \u00e0 apaiser les \u00c9tats-Unis sur le Gro\u00ebnland.<\/p>\n<p>Le chef de l&rsquo;\u00c9tat a aussi annonc\u00e9 &#8211; sans pr\u00e9ciser o\u00f9 &#8211; l&rsquo;envoi d&rsquo;avions Rafale, de syst\u00e8mes de d\u00e9fense anti-a\u00e9rienne et d&rsquo;un radar a\u00e9roport\u00e9 (Awacs), qui ont \u00e9t\u00e9 d\u00e9ploy\u00e9s \u00ab\u00a0ces derni\u00e8res heures\u00a0\u00bb, ainsi que l&rsquo;envoi d\u00e8s mardi soir \u00e0 Chypre de la fr\u00e9gate Languedoc et de moyens anti-a\u00e9riens.<\/p>\n<p>\u00ab\u00a0Nous devons \u00eatre aux c\u00f4t\u00e9s de nos amis et alli\u00e9s de la r\u00e9gion pour leur s\u00e9curit\u00e9 et leur int\u00e9grit\u00e9 territoriale\u00a0\u00bb, a-t-il martel\u00e9 en pr\u00e9cisant qu&rsquo;il s&rsquo;agissait d&rsquo;une posture \u00ab\u00a0strictement d\u00e9fensive\u00a0\u00bb.<\/p>\n<p>Il a par ailleurs pr\u00e9cis\u00e9 que la France avait abattu des drones \u00ab\u00a0en l\u00e9gitime d\u00e9fense\u00a0\u00bb, \u00ab\u00a0d\u00e8s les premi\u00e8res heures\u00a0\u00bb du conflit, et que deux bases fran\u00e7aises avaient subi des \u00ab\u00a0frappes limit\u00e9es, ayant caus\u00e9 des d\u00e9g\u00e2ts mat\u00e9riels\u00a0\u00bb, sans plus de pr\u00e9cisions.<\/p>\n<p>Le pr\u00e9sident fran\u00e7ais a aussi annonc\u00e9 qu&rsquo;il cherchait \u00e0 b\u00e2tir une coalition afin de r\u00e9unir des moyens, \u00ab\u00a0y compris militaires\u00a0\u00bb, dans le but de s\u00e9curiser les \u00ab\u00a0voies maritimes essentielles \u00e0 l&rsquo;\u00e9conomie mondiale\u00a0\u00bb que sont le canal de Suez et le d\u00e9troit d&rsquo;Ormuz.<\/p>\n<p>Un quart du p\u00e9trole mondial et un cinqui\u00e8me du gaz naturel liqu\u00e9fi\u00e9 transitent par le d\u00e9troit.<\/p>\n<p>Deux \u00ab\u00a0premiers vols\u00a0\u00bb rapatriant des Fran\u00e7ais de la r\u00e9gion arriveront \u00ab\u00a0d\u00e8s\u00a0\u00bb mardi soir \u00e0 Paris, a-t-il encore annonc\u00e9. Quelque 400\u00a0000 ressortissants fran\u00e7ais sont pr\u00e9sents dans la douzaine de pays concern\u00e9s par le conflit, selon le Quai d&rsquo;Orsay.<\/p>\n<p>Emmanuel Macron a \u00e9galement demand\u00e9 un renforcement du dispositif de protection militaire Sentinelle sur le territoire national, avec ses patrouilles de soldats dans les lieux publics, ainsi qu&rsquo;une \u00ab\u00a0vigilance autour des lieux et des personnes les plus expos\u00e9es\u00a0\u00bb.<\/p>\n<\/div>\n<p><script>(function(d, s, id) {  var js, fjs = d.getElementsByTagName(s)[0];  if (d.getElementById(id)) return;  js = d.createElement(s); js.id = id;  js.src = \"\/\/connect.facebook.net\/fr_FR\/sdk.js#xfbml=1&version=v2.3\";  fjs.parentNode.insertBefore(js, fjs);}(document, \"script\", \"facebook-jssdk\"));<\/script><br \/>\n<br \/><br \/>\n<br \/><a href=\"https:\/\/www.francesoir.fr\/politique-france\/macron-envoie-le-porte-avions-charles-de-gaulle-et-d-autres-renforts-militaires-au\" target=\"_blank\"\">Source link <\/a><\/p>\n","protected":false},"excerpt":{"rendered":"<p>Emmanuel Macron a annonc\u00e9 mardi le d\u00e9ploiement du porte-avions Charles de Gaulle, d&rsquo;avions Rafale, d&rsquo;une fr\u00e9gate et de moyens de d\u00e9fense anti-a\u00e9rienne au Moyen-Orient pour d\u00e9fendre les int\u00e9r\u00eats fran\u00e7ais et&hellip; <\/p>\n","protected":false},"author":1,"featured_media":24791,"comment_status":"open","ping_status":"open","sticky":false,"template":"","format":"standard","meta":{"footnotes":""},"categories":[1],"tags":[],"class_list":["post-24790","post","type-post","status-publish","format-standard","has-post-thumbnail","hentry","category-non-classe"],"_links":{"self":[{"href":"https:\/\/monde25.info\/index.php\/wp-json\/wp\/v2\/posts\/24790","targetHints":{"allow":["GET"]}}],"collection":[{"href":"https:\/\/monde25.info\/index.php\/wp-json\/wp\/v2\/posts"}],"about":[{"href":"https:\/\/monde25.info\/index.php\/wp-json\/wp\/v2\/types\/post"}],"author":[{"embeddable":true,"href":"https:\/\/monde25.info\/index.php\/wp-json\/wp\/v2\/users\/1"}],"replies":[{"embeddable":true,"href":"https:\/\/monde25.info\/index.php\/wp-json\/wp\/v2\/comments?post=24790"}],"version-history":[{"count":0,"href":"https:\/\/monde25.info\/index.php\/wp-json\/wp\/v2\/posts\/24790\/revisions"}],"wp:featuredmedia":[{"embeddable":true,"href":"https:\/\/monde25.info\/index.php\/wp-json\/wp\/v2\/media\/24791"}],"wp:attachment":[{"href":"https:\/\/monde25.info\/index.php\/wp-json\/wp\/v2\/media?parent=24790"}],"wp:term":[{"taxonomy":"category","embeddable":true,"href":"https:\/\/monde25.info\/index.php\/wp-json\/wp\/v2\/categories?post=24790"},{"taxonomy":"post_tag","embeddable":true,"href":"https:\/\/monde25.info\/index.php\/wp-json\/wp\/v2\/tags?post=24790"}],"curies":[{"name":"wp","href":"https:\/\/api.w.org\/{rel}","templated":true}]}}