{"id":24794,"date":"2026-03-04T06:37:48","date_gmt":"2026-03-04T05:37:48","guid":{"rendered":"https:\/\/monde25.info\/index.php\/2026\/03\/04\/la-colere-rurale-couve-au-maroc-par-eva-tapiero-le-monde-diplomatique-mars-2026\/"},"modified":"2026-03-04T06:37:48","modified_gmt":"2026-03-04T05:37:48","slug":"la-colere-rurale-couve-au-maroc-par-eva-tapiero-le-monde-diplomatique-mars-2026","status":"publish","type":"post","link":"https:\/\/monde25.info\/index.php\/2026\/03\/04\/la-colere-rurale-couve-au-maroc-par-eva-tapiero-le-monde-diplomatique-mars-2026\/","title":{"rendered":"La col\u00e8re rurale couve au Maroc, par Eva Tapiero (Le Monde diplomatique, mars 2026)"},"content":{"rendered":"<p> <br \/>\n<\/p>\n<div>\n<p class=\"crayon article-surtitre-69363 surtitre\">\u00ab<small class=\"fine\">\u00a0<\/small>La terre, le travail et l\u2019eau sont exploit\u00e9s par l\u2019Europe<small class=\"fine\">\u00a0<\/small>\u00bb<\/p>\n<div class=\"crayon article-chapo-69363 chapo\">\n<p>Partenaire choy\u00e9 de l\u2019Union europ\u00e9enne, le royaume a connu plusieurs contestations au cours des derni\u00e8res ann\u00e9es, dont celle de la \u00ab<small class=\"fine\">\u00a0<\/small>Gen Z\u00a0212<small class=\"fine\">\u00a0<\/small>\u00bb, sigle choisi par la jeunesse en r\u00e9volte contre les in\u00e9galit\u00e9s et la corruption. Les revendications qu\u2019elle formule font \u00e9cho \u00e0 celles des travailleurs agricoles, qui ne b\u00e9n\u00e9ficient que tr\u00e8s peu de la manne des exportations de fruits et de l\u00e9gumes.<\/p>\n<\/div><\/div>\n<div couleurfade=\"eee9e6\" couleurclaire=\"eae3e0\" couleurpale=\"e5c3b2\" couleurmi=\"795f52\" couleurfoncee=\"793b1f\" couleursombre=\"1e1714\" couleurfond=\"5d524c\" couleurtexte=\"ffffff\">\n<div class=\"enapercu\">\n<figure class=\"spip_document_41870 spip_documents spip_documents_center justecol\" style=\"width:650px;\">\n<div class=\"limage\">\n<p>\t\t\t<img loading=\"lazy\" decoding=\"async\" src=\"https:\/\/www.monde-diplomatique.fr\/\/local\/cache-vignettes\/L650xH975\/img010-63-45a60.jpg?1772118989\" width=\"650\" height=\"975\" class=\"spip_logos\" alt=\"JPEG - 70.6\u00a0kio\"\/><\/p><\/div><figcaption>\n<p>Hicham Benohoud. \u2013 De la s\u00e9rie \u00ab<small class=\"fine\">\u00a0<\/small>The Hole<small class=\"fine\">\u00a0<\/small>\u00bb (Le trou), 2015<\/p>\n<p>\u00a9 ADAGP, Paris, 2026 &#8211; Courtesy Loft Art Gallery, Casablanca\n<\/p>\n<\/figcaption><\/figure>\n<p><i><span class=\"mot-lettrine\"><span class=\"lettrine\"><span class=\"guillemet\">\u00ab<\/span>T<\/span>omates<\/span> cerises, tomates cocktails, poivrons doux, piments<small class=\"fine\">\u00a0<\/small>\u00bb,<\/i> Mme\u00a0Touria Jaouhar, 47\u00a0ans, \u00e9gr\u00e8ne les noms des fruits et l\u00e9gumes qu\u2019elle emballe chaque jour par filets d\u2019un kilo. Nous l\u2019\u00e9coutons d\u00e9tailler sa vie professionnelle dans les locaux modestes d\u2019une association qui organise des sorties culturelles pour les travailleurs du secteur agricole \u00e0 A\u00eft Melloul, une ville moyenne en p\u00e9riph\u00e9rie sud d\u2019Agadir, dans la r\u00e9gion du Souss-Massa. Ce lundi de novembre, elle a pu se lib\u00e9rer, car c\u2019est son jour de repos hebdomadaire. Le reste du temps, elle s\u2019active sur sa machine, \u00e0 raison de quatorze heures quotidiennes. Un travail \u00e9puisant. <i>\u00ab<small class=\"fine\">\u00a0<\/small>Je dois faire attention quand je suis sur la machine. Parfois je tombe de sommeil, et je risque de me couper un doigt<small class=\"fine\">\u00a0<\/small>\u00bb,<\/i> dit-elle. La cons\u00e9quence de cette cadence, c\u2019est aussi l\u2019obligation de louer un logement \u00e0 proximit\u00e9, puisque le transport assur\u00e9 par la soci\u00e9t\u00e9 qui l\u2019emploie ne va pas jusqu\u2019au quartier excentr\u00e9 o\u00f9 se trouve la petite maison qu\u2019elle partage avec sa m\u00e8re et ses enfants. Pour 500\u00a0dirhams (46\u00a0euros) par mois, elle dort dans une chambre minuscule, ne retrouvant les siens que pour ses jours de repos. <i>\u00ab<small class=\"fine\">\u00a0<\/small>Cela me rend triste de ne pas vivre avec mes enfants, mais ils sont grands maintenant et j\u2019ai toujours v\u00e9cu ainsi. J\u2019ai l\u2019habitude, c\u2019est ma m\u00e8re qui les a \u00e9lev\u00e9s<small class=\"fine\">\u00a0<\/small>\u00bb,<\/i> commente-t-elle.<\/p>\n<p>R\u00e9mun\u00e9r\u00e9e 17\u00a0dirhams de l\u2019heure, soit un peu plus de 1,50\u00a0euro, notre interlocutrice n\u2019\u00e9lude pas le sujet de ses conditions de travail difficiles, mais insiste sur ses combats. Il y a plus de dix ans, elle a obtenu une victoire essentielle\u00a0: \u00eatre d\u00e9clar\u00e9e, et que son anciennet\u00e9 soit prise en compte. Elle et des dizaines de coll\u00e8gues ont fait pression, en cessant le travail et en multipliant les actions, afin d\u2019obtenir une reconnaissance l\u00e9gale de leur labeur, ce qui leur permet aujourd\u2019hui de b\u00e9n\u00e9ficier de la s\u00e9curit\u00e9 sociale (CNSS).<\/p>\n<h3 class=\"spip\">Des productions vou\u00e9es \u00e0 quitter le pays<\/h3>\n<p>Une\u00a0(\u2026)<\/p>\n<\/p><\/div>\n<p>Taille de l\u2019article complet\u00a0:\u00a0<span>2\u00a0512<\/span>\u00a0mots.<\/p>\n<div class=\"promo_dispo_article\">\n<h2 class=\"avantbloc\">\n\tCet article est r\u00e9serv\u00e9 aux\u00a0abonn\u00e9s<\/p>\n<\/h2>\n<div class=\"abo_inst\">\n\t<strong>Lyc\u00e9es, biblioth\u00e8ques, administrations, entreprises,<\/strong><br \/>\n\tacc\u00e9dez \u00e0 la base de donn\u00e9es en ligne de tous les articles du <i>Monde diplomatique<\/i> de 1954 \u00e0 nos\u00a0jours.<br \/>\n\t<a target=\"_blank\" id=\"pw-institutions\" class=\"suivi\" href=\"https:\/\/www.monde-diplomatique.fr\/archives\/institutions\">Retrouvez cette\u00a0offre sp\u00e9cifique<\/a>.\n<\/div>\n<\/div><\/div>\n<p><br \/>\n<br \/><a href=\"https:\/\/www.monde-diplomatique.fr\/2026\/03\/TAPIERO\/69363\" target=\"_blank\"\">Source link <\/a><\/p>\n","protected":false},"excerpt":{"rendered":"<p>\u00ab\u00a0La terre, le travail et l\u2019eau sont exploit\u00e9s par l\u2019Europe\u00a0\u00bb Partenaire choy\u00e9 de l\u2019Union europ\u00e9enne, le royaume a connu plusieurs contestations au cours des derni\u00e8res ann\u00e9es, dont celle de la&hellip; <\/p>\n","protected":false},"author":1,"featured_media":24795,"comment_status":"open","ping_status":"open","sticky":false,"template":"","format":"standard","meta":{"footnotes":""},"categories":[1],"tags":[],"class_list":["post-24794","post","type-post","status-publish","format-standard","has-post-thumbnail","hentry","category-non-classe"],"_links":{"self":[{"href":"https:\/\/monde25.info\/index.php\/wp-json\/wp\/v2\/posts\/24794","targetHints":{"allow":["GET"]}}],"collection":[{"href":"https:\/\/monde25.info\/index.php\/wp-json\/wp\/v2\/posts"}],"about":[{"href":"https:\/\/monde25.info\/index.php\/wp-json\/wp\/v2\/types\/post"}],"author":[{"embeddable":true,"href":"https:\/\/monde25.info\/index.php\/wp-json\/wp\/v2\/users\/1"}],"replies":[{"embeddable":true,"href":"https:\/\/monde25.info\/index.php\/wp-json\/wp\/v2\/comments?post=24794"}],"version-history":[{"count":0,"href":"https:\/\/monde25.info\/index.php\/wp-json\/wp\/v2\/posts\/24794\/revisions"}],"wp:featuredmedia":[{"embeddable":true,"href":"https:\/\/monde25.info\/index.php\/wp-json\/wp\/v2\/media\/24795"}],"wp:attachment":[{"href":"https:\/\/monde25.info\/index.php\/wp-json\/wp\/v2\/media?parent=24794"}],"wp:term":[{"taxonomy":"category","embeddable":true,"href":"https:\/\/monde25.info\/index.php\/wp-json\/wp\/v2\/categories?post=24794"},{"taxonomy":"post_tag","embeddable":true,"href":"https:\/\/monde25.info\/index.php\/wp-json\/wp\/v2\/tags?post=24794"}],"curies":[{"name":"wp","href":"https:\/\/api.w.org\/{rel}","templated":true}]}}