{"id":2480,"date":"2025-02-12T21:18:54","date_gmt":"2025-02-12T20:18:54","guid":{"rendered":"https:\/\/monde25.info\/index.php\/2025\/02\/12\/une-semaine-devant-les-infos-a-la-tv-bienvenue-en-enfer\/"},"modified":"2025-02-12T21:18:54","modified_gmt":"2025-02-12T20:18:54","slug":"une-semaine-devant-les-infos-a-la-tv-bienvenue-en-enfer","status":"publish","type":"post","link":"https:\/\/monde25.info\/index.php\/2025\/02\/12\/une-semaine-devant-les-infos-a-la-tv-bienvenue-en-enfer\/","title":{"rendered":"Une semaine devant les infos \u00e0 la TV : bienvenue en enfer"},"content":{"rendered":"<p> <br \/>\n<\/p>\n<div>\n<h4><strong>Chaque altermondialiste s\u2019est un jour demand\u00e9 comment ses id\u00e9es pouvaient ne pas rencontrer plus d\u2019\u00e9cho parmi la population. Pourquoi des figures qui proposent des avanc\u00e9es sociales, d\u00e9mocratiques et \u00e9cologistes ne parviennent-elles pas \u00e0 attirer plus de sympathie au sein du grand public ? Comment, \u00e0 l\u2019inverse, les camps des r\u00e9actionnaires, de l\u2019aust\u00e9rit\u00e9 et des in\u00e9galit\u00e9s f\u00e9d\u00e8rent-ils autant de personnes autour d\u2019eux, contre leurs propres int\u00e9r\u00eats ? R\u00e9ponses dans le faisceau du petit \u00e9cran\u2026<\/strong><\/h4>\n<p>La r\u00e9ponse \u00e0 ces questions s\u2019av\u00e8re bien s\u00fbr multifactorielle\u00a0; pour autant, <strong>le r\u00f4le de t\u00e9l\u00e9vision<\/strong> dans ces ph\u00e9nom\u00e8nes appara\u00eet comme primordial. Si l\u2019ensemble des m\u00e9dias de grande \u00e9coute, y compris \u00e0 la radio et sur internet, ont envahi chaque espace fr\u00e9quent\u00e9 par les citoyens, <strong>la t\u00e9l\u00e9vision reste sans aucun doute <a target=\"_blank\" href=\"https:\/\/mrmondialisation.org\/editorialistes-militants-neoliberalisme\/\">l\u2019arme phare des plus riches et des gouvernements n\u00e9olib\u00e9raux<\/a><\/strong> pour asseoir leur domination intellectuelle sur les esprits.<\/p>\n<p>Il n\u2019est pas inutile de rappeler que <strong>sur les 30 canaux disponibles sur la TNT : 20 appartiennent \u00e0 quatre milliardaires<\/strong> (Bouygues, Bollor\u00e9, Saad\u00e9, et Mohn), <strong>3 \u00e0 des hectomillionaires<\/strong> (Amaury, Baudecroux) et<strong> 7 seulement sont sous gestion publique avec toutefois des dirigeants indirectement d\u00e9sign\u00e9s par l\u2019ex\u00e9cutif.<\/strong><\/p>\n<h2><strong>44 millions de Fran\u00e7ais regardent la t\u00e9l\u00e9vision chaque jour<\/strong><\/h2>\n<p>En outre, une enqu\u00eate de 2018 expliquait que <strong><a target=\"_blank\" href=\"https:\/\/www.culture.gouv.fr\/espace-documentation\/statistiques-ministerielles-de-la-culture2\/publications\/collections-de-synthese\/culture-etudes-2007-2025\/s-informer-a-l-ere-du-numerique-ce-2023-4\">78 % des Fran\u00e7ais <\/a>de plus de 15 ans s\u2019informaient \u00e0 l\u2019aide de la t\u00e9l\u00e9vision.<\/strong> Chez les retrait\u00e9s, ce chiffre grimpe jusqu\u2019\u00e0 90 %. Une donn\u00e9e \u00e0 mettre en corr\u00e9lation avec le fait que l\u2019essentiel de l\u2019\u00e9lectorat d\u2019Emmanuel Macron se trouve <strong><a target=\"_blank\" href=\"https:\/\/www.decideurs-magazine.com\/politique-societe\/56188-vote-macroniste-un-truc-de-vieux.html\">dans une tranche d\u2019\u00e2ge similaire.<\/a><\/strong><\/p>\n<p>Quotidiennement, pas moins de <a target=\"_blank\" href=\"https:\/\/www.observationsociete.fr\/modes-de-vie\/loisirs-culture\/duree-ecoute-television\/#:~:text=En%20moyenne%2C%2044%20millions%20de,d\u00e9cembre%202022%2C%20un%20record%20historique.\">44 millions de Fran\u00e7ais<\/a> regardent la t\u00e9l\u00e9vision. La moiti\u00e9 d\u2019entre eux, soit <a target=\"_blank\" href=\"https:\/\/www.francebleu.fr\/infos\/medias-people\/tele-plateformes-replay-combien-passons-nous-de-temps-devant-les-videos-chaque-jour-5279229\">22 millions de t\u00e9l\u00e9spectateurs<\/a>, \u00e9coute au moins un journal t\u00e9l\u00e9vis\u00e9 dans le m\u00eame laps de temps. Lorsque l\u2019on conna\u00eet ces donn\u00e9es, il est inutile de pr\u00e9ciser <strong>la force de frappe colossale dont disposent ces cha\u00eenes sur l\u2019opinion publique,<\/strong> en particulier en comparaison des m\u00e9dias ind\u00e9pendants dot\u00e9s de tr\u00e8s peu de moyens.<\/p>\n<p><iframe loading=\"lazy\" title=\"COMMENT LA T\u00c9L\u00c9 FRAN\u00c7AISE EST TOMB\u00c9E DANS LA POUBELLE\" width=\"1110\" height=\"624\" src=\"https:\/\/www.youtube.com\/embed\/m0Tjza535C8?feature=oembed\" frameborder=\"0\" allow=\"accelerometer; autoplay; clipboard-write; encrypted-media; gyroscope; picture-in-picture; web-share\" referrerpolicy=\"strict-origin-when-cross-origin\" allowfullscreen><\/iframe><\/p>\n<p>Ces \u00e9l\u00e9ments en t\u00eate, on commence d\u00e9j\u00e0 \u00e0 mieux comprendre <strong>pourquoi autant d\u2019\u00e9lecteurs, atteints du <a target=\"_blank\" href=\"https:\/\/mrmondialisation.org\/syndrome-du-larbin-les-pauvres-qui-defendent-les-bourgeois\/\">syndrome du larbin<\/a>, votent \u00e0 leur propre d\u00e9triment <\/strong>et n\u2019ont de cesse <a target=\"_blank\" href=\"https:\/\/mrmondialisation.org\/lextreme-gauche-et-lextreme-droite-ne-sont-pas-comparables\/\">de disqualifier<\/a> les mouvements altermondialistes et progressistes. Il s\u2019agit en grande partie du message global qui est transmis des heures durant par les canaux de t\u00e9l\u00e9vision dont les propri\u00e9taires d\u00e9fendent tous des causes communes, favorables \u00e0 leurs affaires.<\/p>\n<h2><strong>Une semaine d\u2019immersion totale dans ma TV<\/strong><\/h2>\n<p>Pour mesurer l\u2019ampleur du ph\u00e9nom\u00e8ne,<strong> l\u2019un de nos r\u00e9dacteurs s\u2019est soumis \u00e0 un difficile exercice : analyser l\u2019actualit\u00e9 diffus\u00e9e par nos TV pendant cinq jours.<\/strong> L\u2019exp\u00e9rience, qui s\u2019est d\u00e9roul\u00e9e du 20 au 24 janvier 2025, s\u2019est attard\u00e9e sur <strong>8 cha\u00eenes<\/strong> qui disposent toutes d\u2019un contenu \u00ab informatif \u00bb : <strong>TF1, France 2, France 3, BFMTV, CNEWS, RMC Story, LCI et France info.<\/strong><\/p>\n<p>Sous la forme d\u2019un journal de bord, son regard critique pointera du doigt <strong>plusieurs graves probl\u00e8mes d\u00e9ontologiques,<\/strong> dont un traitement de l\u2019information extr\u00eamement biais\u00e9 (sans ligne \u00e9ditoriale explicite) et un manque de pluralisme \u00e9ditorial criant. <strong>Bref. Bienvenue en enfer.<\/strong><\/p>\n<h2><strong>Lundi 20 janvier 2025<\/strong><\/h2>\n<h2><strong>7 h : TF1 \u2013 Bonjour ! La m\u00eame information qu\u2019ailleurs avec un peu de bonne humeur<\/strong><\/h2>\n<p>Les yeux encore gorg\u00e9s de sommeil, <strong>je m\u2019installe dans mon fauteuil et je presse ma t\u00e9l\u00e9commande.<\/strong> La lumi\u00e8re perce l\u2019obscurit\u00e9 du brouillard et les pixels s\u2019assemblent. TF1. Mon aventure commence.<strong> \u00c9ni\u00e8me cha\u00eene de milliardaire, cette fois-ci celle de Martin Bouygues.<\/strong><\/p>\n<p>Depuis un an, du lundi au vendredi, on y retrouve <strong>une matinale, pr\u00e9sent\u00e9e par Bruce Toussaint,<\/strong> d\u00e9bauch\u00e9 de BFMTV. R\u00e9put\u00e9 pour son apparence sympathique, l\u2019animateur est charg\u00e9 avec une bande de chroniqueurs de faire passer <strong>\u00ab\u00a0un bon moment\u00a0\u00bb<\/strong> \u00e0 toutes les l\u00e8ve-t\u00f4t. L\u2019\u00e9mission s\u2019adresse donc en majorit\u00e9 aux retrait\u00e9s, mais aussi aux travailleurs, affair\u00e9s \u00e0 se pr\u00e9parer pour la journ\u00e9e.<\/p>\n<div class=\"td-a-rec td-a-rec-id-content_inline  tdi_1 td_block_template_1\">\n<span class=\"td-adspot-title\">&#8211; Pour une information libre ! &#8211;<\/span><a target=\"_blank\" href=\"https:\/\/fr.tipeee.com\/mr-mondialisation\" class=\"tipeee-project-small\">Soutenir Mr Japanization sur Tipeee<\/a>\n<\/div>\n<p><iframe loading=\"lazy\" title=\"\ud83e\udd8f INFORMATION D\u00c9POLITIS\u00c9E, SOURIRES FORC\u00c9S : QUE NOUS VENDENT LES MATINALES TV ?\" width=\"1110\" height=\"624\" src=\"https:\/\/www.youtube.com\/embed\/8SVK5z0Ak1E?feature=oembed\" frameborder=\"0\" allow=\"accelerometer; autoplay; clipboard-write; encrypted-media; gyroscope; picture-in-picture; web-share\" referrerpolicy=\"strict-origin-when-cross-origin\" allowfullscreen><\/iframe><\/p>\n<blockquote>\n<p><strong>\u00ab\u00a0Apr\u00e8s tout, qui voudrait douter de la parole et des intentions de personnes aussi joviales et conviviales ?\u00a0\u00bb<\/strong><\/p>\n<\/blockquote>\n<p>On y d\u00e9couvre une bande de journalistes qui ne l\u00e9sine pas sur <strong>les petites blagues et les chroniques amusantes.<\/strong> De quoi vous sentir tr\u00e8s \u00e0 l\u2019aise et en confiance. Mais ne nous y trompons pas. Les biais et l\u2019id\u00e9ologie sont toujours sous-jacent : le c\u00f4t\u00e9 sympathique ne repr\u00e9sente que le sucre destin\u00e9 \u00e0 faire avaler la pilule. Apr\u00e8s tout, <strong>qui voudrait douter de la parole et des intentions de personnes aussi joviales et conviviales ?<\/strong><\/p>\n<p>Derri\u00e8re la petite musique enjou\u00e9e, j\u2019assiste <strong>au m\u00eame fil d\u2019informations, \u00e0 la m\u00eame \u00e9chelle de priorit\u00e9s, que sur n\u2019importe quel autre canal :<\/strong> l\u2019investiture de Trump, les otages rel\u00e2ch\u00e9s en Isra\u00ebl, et la proposition du gouvernement de faire trimer gratuitement les Fran\u00e7ais sept heures de plus par an.<strong><em> \u00ab Deux minutes par jour ! \u00bb<\/em><\/strong> pr\u00e9cise Bruce Toussaint. Des titres qui seront repris jusqu\u2019au soir par toutes les cha\u00eenes.<\/p>\n<p>Dans un programme <em>gentillet<\/em>, qui ne se pr\u00e9sente jamais comme orient\u00e9 politiquement, on \u00e9voquera ainsi l\u2019arriv\u00e9e au pouvoir <strong>d\u2019un leader d\u2019extr\u00eame droite\u00a0dont l\u2019Europe ferait bien de s\u2019inspirer selon l\u2019\u00e9ditorialiste de l\u2019\u00e9mission.<\/strong> Et \u00e9videmment, marotte de la droite et du grand patronat : le plateau discutera sagement de l\u2019augmentation du temps de travail.<\/p>\n<h2><strong>10 h 30 : BFMTV (Le live BFM) \u2014 S\u00e9ance de lapidation quotidienne de la gauche radicale<\/strong><\/h2>\n<p>\u00c0 peine trois heures plus tard sur BFMTV, les titres reproduisent exactement ceux de TF1 : <strong>Trump, otages isra\u00e9liens, augmentation du temps de travail.<\/strong> Mais entre ces actualit\u00e9s, fil rouge de la journ\u00e9e, vont d\u00e9filer <strong>les \u00e9ditorialistes et invit\u00e9s politiques<\/strong> pour donner leurs opinions sur bon nombre de sujets.<\/p>\n<p>Et l\u2019un des sports favoris de ce type d\u2019individus, qui ne se d\u00e9mode jamais, est sans aucun doute celui qui consiste \u00e0<strong> tirer \u00e0 vue sur la France Insoumise.<\/strong> Il faut dire que depuis l\u2019effondrement du Parti socialiste, en cons\u00e9quence du mandat calamiteux de Fran\u00e7ois Hollande, <strong><a target=\"_blank\" href=\"https:\/\/mrmondialisation.org\/bourgeois-parasites-nicolas-framont\/\">la grande bourgeoisie<\/a> incarn\u00e9e par les journalistes mainstream n\u2019a eu de cesse de montrer sa nostalgie d\u2019un duel factice entre le PS et l\u2019UMP.<\/strong> Deux mouvements qui promettaient de ne pas changer grand-chose \u00e0 leur confort de vie.<\/p>\n<p>Mais depuis que le programme de rupture de LFI rassemble la gauche, sans aucune mesure vis-\u00e0-vis du quota r\u00e9el de qualit\u00e9s et d\u00e9fauts du parti, tous se sont mis en t\u00eate de diaboliser le plus possible l\u2019organisation. Dans le m\u00eame temps, tout sera tent\u00e9 pour <strong>ressusciter le social-lib\u00e9ralisme, sauce Hollande.<\/strong><\/p>\n<p>Alors quand le PS a refus\u00e9 de voter la censure de Fran\u00e7ois Bayrou au profit d\u2019Emmanuel Macron, <strong>des pluies de f\u00e9licitations m\u00e9diatiques<\/strong> se sont d\u00e9vers\u00e9es sur lui. Par la m\u00eame occasion, la France Insoumise qui a d\u00e9nonc\u00e9 cette trahison envers son \u00e9lectorat s\u2019attire leurs foudres.<\/p>\n<p><iframe loading=\"lazy\" title=\"PS ET RN : LES DEUX B\u00c9QUILLES DE LA MACRONIE\" width=\"1110\" height=\"624\" src=\"https:\/\/www.youtube.com\/embed\/MRXfHqwt3jg?feature=oembed\" frameborder=\"0\" allow=\"accelerometer; autoplay; clipboard-write; encrypted-media; gyroscope; picture-in-picture; web-share\" referrerpolicy=\"strict-origin-when-cross-origin\" allowfullscreen><\/iframe><\/p>\n<p>\u00c0 10 h 43,<strong> l\u2019animatrice de \u00ab\u00a0Live BFM\u00a0\u00bb,<\/strong> Roselyne Dubois, \u00e9paul\u00e9e deux \u00e9ditorialistes bien droitiers, Anne Saurat-Dubois (BFM) et Louis Hausalter (Le Figaro) s\u2019en donnent \u00e0 c\u0153ur joie autour de Christophe Marion et Arthur Delaporte, d\u00e9put\u00e9s Ensemble et PS. Le sujet porte sur<strong> les \u00ab 7 heures de travail gratuit \u00bb sugg\u00e9r\u00e9es par le gouvernement,<\/strong> mais d\u00e9visse sans aucune raison sur LFI.<\/p>\n<p><em>\u2014\u00a0Que reste-t-il du nouveau Front populaire\u00a0? Que reste-t-il de gauche avec Jean-Luc M\u00e9lenchon qui tacle le PS avec des mots de plus en plus graves, qui l\u2019accuse de trahison\u00a0?<\/em> s\u2019interroge la pr\u00e9sentatrice.\u00a0On diffuse alors un extrait de Fran\u00e7ois Hollande qui reproche \u00e0 Jean-Luc M\u00e9lenchon \u00ab\u00a0<em>d\u2019\u00e9ructer, d\u2019invectiver, d\u2019insulter\u00a0<\/em>\u00bb.\u00a0Il assure ensuite que <strong>ce n\u2019est pas avec lui que \u00ab\u00a0<em>la gauche peut l\u2019emporter<\/em>\u00a0\u00bb,<\/strong> mais avec \u00ab\u00a0<em>une gauche qui s\u2019ouvre, qui propose, qui travaille, qui fait des compromis\u00a0<\/em>\u00bb.<\/p>\n<p>Roselyne Dubois, repr\u00e9sentative d\u2019une volont\u00e9 quasi obsessionnelle de l\u2019ensemble de la presse de voir le PS renouer avec sa tradition lib\u00e9rale, embraye en lan\u00e7ant le d\u00e9put\u00e9 PS avec une question \u00e0 peine orient\u00e9e :<\/p>\n<p><em>\u2014 LFI vous a trait\u00e9s de collabos, de tra\u00eetres, est-ce qu\u2019il ne faut pas clarifier les choses, <strong>acter le divorce une bonne fois pour toutes ? <\/strong><\/em>Et de relancer le d\u00e9put\u00e9 macroniste pr\u00e9sent sur le plateau :\u00a0 <em>\u2014 C\u2019est vrai que cette violence verbale, pour les \u00e9lecteurs, elle est plus que choquante.<\/em><\/p>\n<p>Les bras ne m\u2019en tombent pas vraiment tant je suis habitu\u00e9 \u00e0 ce genre de com\u00e9die sur les cha\u00eenes d\u2019informations en continu depuis des ann\u00e9es. Gageons enfin que si quelque chose augmente la d\u00e9fiance des citoyens par rapport \u00e0 la politique, c\u2019est sans doute bien plus <strong>l\u2019abandon de la population en faveur des minorit\u00e9s les plus riches.\u00a0<\/strong><\/p>\n<h2><strong>16 h : France 2 (\u00c9mission sp\u00e9ciale) \u2013 Trump c\u00e9l\u00e9br\u00e9 comme un roi<\/strong><\/h2>\n<p>Sur toutes les cha\u00eenes,<strong> l\u2019investiture de Donald Trump continue \u00e0 faire la une.<\/strong> Sur France 2, on a m\u00eame d\u00e9cid\u00e9 d\u2019interrompre les programmes habituels pour \u00e9mettre une \u00e9mission sp\u00e9ciale pour couvrir cet \u00e9v\u00e9nement \u00ab historique \u00bb.<\/p>\n<p>La diffusion s\u2019ouvre sur l\u2019hymne am\u00e9ricain et un plan large sur le capitole comme pour donner le ton. L\u2019ambiance devient d\u2019autant plus g\u00eanante que l\u2019\u00e9v\u00e9nement s\u2019apparente presque \u00e0 <strong>un spectacle sportif l\u00e9ger.<\/strong> Un homme (qui plus est d\u2019extr\u00eame droite) est glorifi\u00e9, presque comme un demi-dieu, entour\u00e9 de toutes les grandes fortunes du pays, venues lui assurer leur all\u00e9geance.<\/p>\n<p>La fa\u00e7on dont est organis\u00e9e cette couverture m\u00e9diatique n\u2019est d\u2019ailleurs pas sans rappeler celle que l\u2019on observe r\u00e9guli\u00e8rement sur <strong><a target=\"_blank\" href=\"https:\/\/mrmondialisation.org\/fascination-medias-monarchie\/\">les monarchies europ\u00e9ennes<\/a>, notamment britanniques.<\/strong><\/p>\n<h2><strong>17 h 45 : Fr2, BFMTV, CNEWS, LCI, Franceinfo \u2013 Trump, Trump et encore Trump<\/strong><\/h2>\n<p>Cinq cha\u00eenes, dont les quatre canaux d\u2019information en continu, diffusent \u00e0 pr\u00e9sent la c\u00e9r\u00e9monie d\u2019investiture de Donald Trump en simultan\u00e9, minute par minute. Sans qu\u2019on s\u2019en doute, car nous y sommes habitu\u00e9s, y est sublim\u00e9e <strong>la marque de la domination et de l\u2019imp\u00e9rialisme am\u00e9ricain sur la France.<\/strong> Cette pi\u00e8ce de th\u00e9\u00e2tre, entrecoup\u00e9e d\u2019un scandaleux <a target=\"_blank\" href=\"https:\/\/www.nouvelobs.com\/monde\/20250121.OBS99271\/reference-a-hitler-antisemitisme-et-soutien-a-l-extreme-droite-le-salut-nazi-le-dernier-geste-fasciste-d-elon-musk.html\">salut nazi<\/a> d\u2019Elon Musk, occupera tous ces canaux jusque tard dans la nuit.<\/p>\n<h2><strong>19 h : France 3 (Ici 19\/20) \u2013 Gloire \u00e0 la technologie au service du capitalisme<\/strong><\/h2>\n<p>Au JT du soir, sur France 3, les sujets s\u2019\u00e9grainent et les remises en question sont peu nombreuses. On glorifie d\u2019abord <strong>l\u2019intelligence artificielle nouveau \u00ab\u00a0bras arm\u00e9 du fisc\u00a0\u00bb<\/strong> qui permettrait de d\u00e9tecter la fraude, notamment en scrutant les propri\u00e9t\u00e9s \u00e0 l\u2019aide d\u2019une observation satellite. Pas un mot sur<strong> la surveillance g\u00e9n\u00e9ralis\u00e9e<\/strong> qui s\u2019installe de plus en plus dans les esprits, d\u2019autant que ce type de man\u0153uvres se portera bien \u00e9videmment en premier lieu sur<strong> les classes populaires.<\/strong><\/p>\n<p>Pendant ce temps, <strong>le nombre de contr\u00f4leurs fiscaux ne <a target=\"_blank\" href=\"https:\/\/www.lesechos.fr\/economie-france\/budget-fiscalite\/evasion-fiscale-lfi-denonce-la-baisse-des-effectifs-du-fisc-1879282\">cesse de diminuer<\/a>.<\/strong> Les plus riches, quant \u00e0 eux, gardent sans doute les moyens d\u2019\u00e9chapper aux IA, comme en t\u00e9moignent <strong>les <a target=\"_blank\" href=\"https:\/\/www.alternatives-economiques.fr\/fraude-fiscale-ecrase-fraude-sociale\/00098439\">100 milliards d\u2019euros<\/a> de perte estim\u00e9e par les chercheurs.<\/strong><\/p>\n<p>Peu importe, France 3 s\u2019envole d\u00e9j\u00e0 vers d\u2019autres latitudes pour cette fois-ci <strong>promouvoir les cryptomonnaies.<\/strong> On nous montre ainsi plusieurs commer\u00e7ants qui accepteraient d\u2019\u00eatre pay\u00e9s en Bitcoin<em> \u00ab\u00a0ce qui co\u00fbte moins cher en frais de commission\u00a0\u00bb.<\/em> \u00c0 Cannes, on a m\u00eame pour objectif de <em>\u00ab\u00a0d\u00e9mocratiser\u00a0\u00bb<\/em> cette pratique, <em>\u00ab\u00a0surtout dans les boutiques de luxe\u00a0\u00bb.<\/em> Une mani\u00e8re pour les plus riches de s\u2019extraire du syst\u00e8me mon\u00e9taire national et de se jeter dans les bras du priv\u00e9. De quoi \u00e9chapper \u00e0 tout contr\u00f4le citoyen et s\u2019en remettre aux affres de la sp\u00e9culation.<\/p>\n<blockquote>\n<p><strong>\u00ab\u00a0Le caf\u00e9 du commerce plut\u00f4t qu\u2019un travail de fond, une journ\u00e9e ordinaire \u00e0 la t\u00e9l\u00e9vision\u00a0\u00bb.<\/strong><\/p>\n<\/blockquote>\n<p>Autant<strong><a target=\"_blank\" href=\"https:\/\/www.courrierinternational.com\/article\/finance-le-bitcoin-une-illusion-dangereuse\"> de dangers <\/a>contre lesquels la cha\u00eene n\u2019avertira \u00e9videmment pas le t\u00e9l\u00e9spectateur,<\/strong> le laissant croire qu\u2019il n\u2019a re\u00e7u que des faits alors qu\u2019il dig\u00e8re un narratif lacunaire, partiel et positif par d\u00e9faut, et pr\u00e9f\u00e9rant remplacer une analyse journalistique par des micros-trottoirs. <strong>Le caf\u00e9 du commerce plut\u00f4t qu\u2019un travail de fond, une journ\u00e9e ordinaire \u00e0 la t\u00e9l\u00e9vision.<\/strong><\/p>\n<h2><strong>Mardi 21 janvier 2025<\/strong><\/h2>\n<h2><strong>10 h 10 : CNEWS (L\u2019heure des pros) \u2013 La transphobie, en tout qui\u00e9tude<\/strong><\/h2>\n<p>Tout juste remis de la veille, je m\u2019attaque d\u2019entr\u00e9e de jeu \u00e0 l\u2019un des plus gros morceaux du paysage audiovisuel\u00a0: <strong>CNEWS.<\/strong> Dans une caricature qui confine presque<a target=\"_blank\" href=\"https:\/\/www.youtube.com\/watch?v=eymKly8CoUI\"> \u00e0 la parodie,<\/a> la cha\u00eene s\u2019\u00e9vertue chaque jour \u00e0 transmettre <strong>des messages r\u00e9actionnaires, racistes et \u00e0 la gloire de l\u2019extr\u00eame droite.<\/strong> Et \u00e0 peine ai-je allum\u00e9 la t\u00e9l\u00e9vision sur ce canal, que je comprends ais\u00e9ment que cette r\u00e9putation n\u2019est pas usurp\u00e9e.<\/p>\n<p>\u2014 <em>Ce n\u2019est pas \u00eatre transphobe que de dire qu\u2019il y a que deux genres\u00a0? <\/em>interroge Pascal Praud.<\/p>\n<p>\u2014<em> Bah, c\u2019est juste avoir des yeux,<\/em> r\u00e9torque la pol\u00e9miste d\u2019extr\u00eame droite Charlotte D\u2019Ornellas, <em>c\u2019est biologique.<\/em><\/p>\n<p>\u2014 <em>Oui, parce qu\u2019\u00e0 la SNCF quand on r\u00e9servera un billet, on ne dira plus si on est homme ou femme<\/em><\/p>\n<p>\u2014 <em>Oui, quand vous aurez un cancer de la prostate, vous serez homme, vous serez consid\u00e9r\u00e9 homme,<\/em> ajoute la pol\u00e9miste sous le regard hilare du pr\u00e9sentateur.<\/p>\n<p>Fatigue. On commence fort. <strong>Et pour faire la distinction entre sexe biologique et genre (ou sexe social), <a target=\"_blank\" href=\"https:\/\/www.youtube.com\/watch?v=2e2YNWQRYSk\">les anthropologues m\u00e9ritent a priori plus de cr\u00e9dit.\u00a0<\/a><\/strong><\/p>\n<h2><strong>12 h : RMC Story (Estelle Midi) \u2013 Le degr\u00e9 0 du d\u00e9bat<\/strong><\/h2>\n<blockquote>\n<p><strong>\u00ab\u00a0un \u00e9ni\u00e8me \u00ab caf\u00e9 du commerce \u00bb film\u00e9 en direct\u00a0\u00bb<\/strong><\/p>\n<\/blockquote>\n<p>Prenez une pr\u00e9sentatrice dont l\u2019exp\u00e9rience consiste \u00e0 avoir anim\u00e9 <strong>des programmes sportifs pendant plus de 20 ans<\/strong> (Estelle Denis) et propulsez-la \u00e0 la t\u00eate d\u2019un contenu d\u2019actualit\u00e9s. Ajoutez des chroniqueurs qui traitent de sujets auxquels ils ne connaissent rien, et vous obtiendrez la recette de l\u2019\u00e9mission Estelle Midi,<strong> un \u00e9ni\u00e8me \u00ab\u00a0caf\u00e9 du commerce\u00a0\u00bb film\u00e9 en direct,<\/strong> comme la cha\u00eene RMC Story s\u2019en est fait une sp\u00e9cialit\u00e9.<\/p>\n<p>Personne ne parlera bien s\u00fbr ici<strong> de l\u2019avenir de plan\u00e8te, du partage des richesses ou d\u2019altermondialisme.<\/strong> Non : au programme du jour, on \u00e9voquera plut\u00f4t une bonne s\u00e9rie de nouvelles anxiog\u00e8nes comme <strong>les morts du narcotrafic \u00e0 Marseille, ou des <a target=\"_blank\" href=\"https:\/\/mrmondialisation.org\/notre-obsession-pour-les-faits-divers-nous-detourne-des-vrais-problemes\/\">faits divers<\/a> sordides.<\/strong><\/p>\n<p>Se suivent alors des d\u00e9bats sur<strong> la SNCF, McDonald\u2019s, ou encore les magasins sans personnel.<\/strong> La pol\u00e9mique porte sur une nouvelle 1<sup>re<\/sup> classe de luxe mise en place dans les trains.<\/p>\n<p>\u2014<em> Je n\u2019en peux plus de passer mes coups de fils dans les toilettes, l\u00e0 on aurait un vrai espace pour travailler,<\/em> s\u2019enthousiasme une premi\u00e8re chroniqueuse.<\/p>\n<p>\u2014\u00a0<em>S\u2019il y a des gens pour payer, je ne vois pas pourquoi ils ne le feraient pas,<\/em> rebondit un autre.<\/p>\n<p>\u2014 <em>Les Italiens le font et gagnent de l\u2019argent, et nous on va dire \u00ab\u00a0oh non, la lutte des classes ! \u00bb<\/em>, ironise un troisi\u00e8me.<\/p>\n<p>Du haut niveau.<\/p>\n<p>On embraye ensuite sur McDonald\u2019s qui lance un nouveau sandwich v\u00e9g\u00e9tarien.<\/p>\n<p>\u2014<em> Le veggie c\u2019est l\u2019avenir du fast food\u00a0? Vous en prendrez \u00e0 un Mcdo,<\/em> demande la pr\u00e9sentatrice.<\/p>\n<p>\u2014<em> Bah non. <strong>Si je vais \u00e0 Mcdo, c\u2019est pour prendre un hamburger avec de la viande.<\/strong> Quand je vais dans un restau marocain, c\u2019est pour manger du couscous. Mais pas de la carotte compress\u00e9e avec la vague panure dessus. En plus, ils appellent \u00e7a veggie, mais il devrait pas y avoir de lait. Il y en a qui vont tomber en syncope, il y a toujours plus extr\u00e9miste en la mati\u00e8re. Moi je suis lib\u00e9ral, s\u2019ils en vendent c\u2019est qu\u2019ils pensent qu\u2019on va en acheter. Du moment que moi on ne m\u2019impose pas de manger cette merde.<\/em><\/p>\n<p>\u2014 <em>Oh noooon,<\/em> joue Estelle Denis faussement indign\u00e9e. <strong><em>Moi je vais quand m\u00eame essayer. Pour dire que j\u2019aime pas.<\/em><\/strong><\/p>\n<p>\u2014 <em>Pourtant je suis v\u00e9g\u00e9tarien moi normalement,<\/em> ironise le chroniqueur, <em>je ne mange que des animaux qui mangent de l\u2019herbe.<\/em><\/p>\n<p>Hilarit\u00e9 g\u00e9n\u00e9rale sur le plateau. <strong>Les blagues de mauvais go\u00fbt et les poncifs continueront de s\u2019encha\u00eener d\u2019interminables minutes.<\/strong> Ma journ\u00e9e va \u00eatre longue, tr\u00e8s longue.<\/p>\n<h2><strong>17h22\u2009:\u2009BFM (BFM Story) \u2013 Musk, un nazi ?<\/strong><\/h2>\n<p>Comme tous les soirs, BFM Story, programme d\u2019information et de d\u00e9bat, se d\u00e9roule sur un cr\u00e9neau strat\u00e9gique, puisqu\u2019il s\u2019agit<strong> du moment o\u00f9 la plupart des gens sortent du travail.<\/strong> Certains en profitent alors pour se renseigner sur l\u2019actualit\u00e9 du jour et peuvent malencontreusement tomber sur cette cha\u00eene.<\/p>\n<p>Pour l\u2019occasion, BFM emploie deux de ses pr\u00e9sentateurs les plus \u00e0 droite\u00a0: <strong>Alain Marschall et Olivier Truchot.<\/strong> Un duo \u00e9galement connu pour diriger l\u2019\u00e9mission \u00ab\u00a0les grandes gueules\u00a0\u00bb, l\u2019un des pires \u00ab\u00a0caf\u00e9s du commerce\u00a0\u00bb du paysage audiovisuel fran\u00e7ais (mais on y reviendra).<\/p>\n<p>Ce jour-l\u00e0, on s\u2019attarde encore longuement autour du cas Donald Trump. <strong>Pour chanter les louanges du nouveau chef de l\u2019\u00c9tat am\u00e9ricain, la cha\u00eene a invit\u00e9 Philippe Karsenty, un \u00ab\u00a0<em>porte-parole du Comit\u00e9 Trump en France<\/em>\u00a0\u00bb.<\/strong> Pendant plus d\u2019une demi-heure, cet <a target=\"_blank\" href=\"https:\/\/www.streetpress.com\/sujet\/1555661887-karsenty-elu-conspi-de-notre-dame\">adepte de la th\u00e9orie du grand remplacement<\/a> \u00e9noncera \u00e9normit\u00e9 apr\u00e8s \u00e9normit\u00e9.<\/p>\n<p>J\u2019entends ainsi que<strong> l\u2019arriv\u00e9e de Donald Trump au pouvoir est <em>\u00ab une chance pour le monde entier \u00bb<\/em><em>,<\/em> que <em>\u00ab\u00a0Trump a pacifi\u00e9 le monde\u00a0\u00bb.<\/em> <\/strong>Un discours lunaire quand on sait <a target=\"_blank\" href=\"https:\/\/mrmondialisation.org\/9-atrocites-trump-mandat\/\">les pires d\u00e9cisions r\u00e9centes<\/a> du <em>nouveau<\/em> pr\u00e9sident. Il rench\u00e9rit alors en expliquant qu\u2019il \u00ab\u00a0aimerait bien avoir un pr\u00e9sident qui dit \u201cla France en premier\u201d. Il part ensuite dans une tirade lunaire sur l\u2019environnement\u00a0:<\/p>\n<p>\u2014 <em>En 1980, on nous disait \u201c\u00a0en 1990, on aura plus de p\u00e9trole\u00a0\u201d, en 2009, Al Gore nous disait qu\u2019en 2015, il n\u2019y aurait plus un gramme de glace sur les calottes glaciaires. Donc on nous a baratin\u00e9s depuis des d\u00e9cennies, on a tous v\u00e9cu sous ce catastrophisme climatique, il est temps d\u2019arr\u00eater.<\/em><\/p>\n<p>Grand sourire de l\u2019int\u00e9ress\u00e9, et absolument <strong>aucune r\u00e9action sur le plateau<\/strong> face \u00e0 ce n\u00e9gationnisme. Comme si de rien n\u2019\u00e9tait, le pr\u00e9sentateur pr\u00e9f\u00e8re plut\u00f4t rebondir sur la pol\u00e9mique cr\u00e9\u00e9e par<strong> le salut nazi ex\u00e9cut\u00e9 par Elon Musk<\/strong> la veille. Et l\u00e0 encore,<a target=\"_blank\" href=\"https:\/\/www.facebook.com\/M.Mondialisation\/videos\/966624621649049\/\"> comme sur d\u2019autres plateaux,<\/a><strong> la complaisance va \u00eatre totale.<\/strong><\/p>\n<blockquote class=\"bluesky-embed\" data-bluesky-uri=\"at:\/\/did:plc:vedmvdug2odqrvv63huxl4nd\/app.bsky.feed.post\/3lgbucl57bs2l\" data-bluesky-cid=\"bafyreihj4sdyu7jzxl7gv7w5s6bxmhqumleft7nkqqxv7pc2gu4o77bzoa\">\n<p lang=\"fr\">Deux saluts nazis OKLM. Ses aficionados parlent d\u2019erreur, de mauvaise interpr\u00e9tation du geste. Alors qu\u2019il y a une semaine \u00e0 peine Elon Musk soutenait un parti n\u00e9onazi Allemand. L\u2019homme n\u2019est pas b\u00eate et sait  \u00e0 qui il s\u2019adresse : sa fan base. #musk<\/p>\n<p>\u2014 <a target=\"_blank\" href=\"https:\/\/bsky.app\/profile\/did:plc:vedmvdug2odqrvv63huxl4nd?ref_src=embed\">Mr Mondialisation (@mr-mondialisation.bsky.social)<\/a> <a target=\"_blank\" href=\"https:\/\/bsky.app\/profile\/did:plc:vedmvdug2odqrvv63huxl4nd\/post\/3lgbucl57bs2l?ref_src=embed\">2025-01-21T22:04:53.708Z<\/a><\/p>\n<\/blockquote>\n<p>\u2014<em> A-t-il fait un salut nazi, oui ou non\u00a0? s\u2019interroge Alain Marschall dans une fausse na\u00efvet\u00e9. Lui dit que non, qu\u2019il parle aux gens avec son c\u0153ur, qu\u2019il leur donne son c\u0153ur, c\u2019est troublant quand m\u00eame non\u00a0?<\/em><\/p>\n<p>\u2014 <em>On a absolument tout entendu,<\/em> r\u00e9pond Patrick Sauce, l\u2019un des journalistes pr\u00e9sents sur le plateau. <em>Il y a \u00e9videmment, les attendus, les d\u00e9mocrates qui ont dit \u201c\u00a0\u00e9videmment que c\u2019est un salut nazi\u00a0\u201d. [\u2026] Vous avez eu des associations de d\u00e9fense des juifs aux \u00c9tats-Unis qui ont dit \u201c\u00a0on combat tout le temps Elon Musk, mais \u00e7a non, \u00e7a n\u2019est pas un salut nazi\u00a0\u201d. On a presque \u00e9t\u00e9 jusqu\u2019\u00e0 \u00e9plucher des avis m\u00e9dicaux en disant \u201c\u00a0vous savez, il a un syndrome autistique, c\u2019est sans doute pas de sa faute\u00a0\u201d. Encore ce matin, un diplomate isra\u00e9lien en France qui m\u2019a dit \u201c\u00a0pour moi, ce n\u2019est pas un salut nazi\u00a0\u201d. Je me garderais bien de donner le mien d\u2019avis personnel, mais effectivement, c\u2019est troublant.<\/em><\/p>\n<p>Apr\u00e8s avoir expos\u00e9 tous les arguments de l\u2019extr\u00eame droite (y compris isra\u00e9lienne), ce grand reporter de BFM fait heureusement preuve d\u2019un courage exemplaire <strong>en ne se mouillant pas face \u00e0 l\u2019\u00e9vidence absolue.<\/strong><\/p>\n<p><iframe loading=\"lazy\" title=\"Pourquoi Elon Musk a bien fait un salut fasciste\" width=\"1110\" height=\"624\" src=\"https:\/\/www.youtube.com\/embed\/xsSgVE-_DTg?feature=oembed\" frameborder=\"0\" allow=\"accelerometer; autoplay; clipboard-write; encrypted-media; gyroscope; picture-in-picture; web-share\" referrerpolicy=\"strict-origin-when-cross-origin\" allowfullscreen><\/iframe><\/p>\n<p>\u2014<strong> <em>Pourquoi aurait-il fait un geste nazi\u00a0?<\/em><\/strong> s\u2019interroge ensuite Olivier Truchot. <em>Je ne suis pas s\u00fbr que \u00e7a profite \u00e0 lui-m\u00eame et \u00e0 son camp.<\/em><\/p>\n<p>\u2014 <em>Elon Musk est all\u00e9 \u00e0 Auschwitz visiter,<\/em> reprend Philippe Karsenty, bien lanc\u00e9 par le pr\u00e9sentateur, <em>il porte autour du cou un badge en soutien des otages isra\u00e9liens, il est totalement en phase avec Isra\u00ebl et avec les juifs. Les soutiens des nouveaux nazis qu\u2019est le Hamas, ce sont les d\u00e9mocrates.<\/em><\/p>\n<p>\u2014<em> Non l\u00e0 vous avez des raccourcis quand m\u00eame,<\/em> temp\u00e8re mollement le pr\u00e9sentateur, hilare.<\/p>\n<p>\u2014 <em>Je trouve que la pol\u00e9mique est justifi\u00e9e,<\/em> intervient alors Richard Werly, journaliste pour Blick.<\/p>\n<p>Enfin, quelqu\u2019un va-t-il r\u00e9agir face \u00e0 la vache qui se tient dans le couloir\u00a0? Mes attentes seront bien vite d\u00e9\u00e7ues.<\/p>\n<p>\u2014 <em>Je ne jugerais pas, est-ce qu\u2019il a voulu faire un salut fasciste,<strong> je n\u2019ai pas les \u00e9l\u00e9ments.<\/strong> Mais de fait, il fait ce geste, il ne peut pas ignorer sa port\u00e9e et l\u2019ambigu\u00eft\u00e9, parce qu\u2019il y en a une.<\/em><\/p>\n<p>Quels \u00e9l\u00e9ments faut-il de plus \u00e0 monsieur Werly pour d\u00e9noncer un salut fasciste lorsqu\u2019il en observe un \u00e0 la t\u00e9l\u00e9vision, ex\u00e9cut\u00e9 devant des centaines de millions de t\u00e9l\u00e9spectateurs, dans un contexte o\u00f9 Elon Musk poss\u00e8de par ailleurs <a target=\"_blank\" href=\"https:\/\/www.liberation.fr\/international\/afrique\/salut-nazi-delon-musk-retour-sur-une-enfance-sud-africaine-impregnee-par-une-culture-raciste-20250122_IPYP6ER2ARCFTGYO5E7URC52B4\/\">un passif familial ouvertement raciste<\/a> et <a target=\"_blank\" href=\"https:\/\/www.liberation.fr\/international\/europe\/tesla-apres-les-propos-delon-musk-sur-le-nazisme-la-pologne-appelle-a-boycotter-ses-voitures-20250128_6RSG3TWWNJACNKKCC4PN6KG4QY\/\">soutient fermement le parti d\u2019extr\u00eame-droite allemand<\/a> ? L\u2019ambigu\u00eft\u00e9 n\u2019existe absolument pas, les faits parlent d\u2019eux-m\u00eames.<\/p>\n<p><em>\u2014<strong> Il a quand m\u00eame soutenu l\u2019AFD en Allemagne,<\/strong><\/em> souligne enfin timidement et \u00e0 juste titre Alain Marschall.<\/p>\n<p>\u2014 <em>Vous avez vu qu\u2019il a des gestes saccad\u00e9s,<\/em> reprend Philippe Karsenty dans une nouvelle justification ahurissante, <em>tout le monde a bien compris qu\u2019il a une forme d\u2019autisme asperger.<\/em> <em>Vous voyez bien quand il se met \u00e0 sautiller sur la sc\u00e8ne. J\u2019ai fait toutes les f\u00eates aux \u00c9tats-Unis apr\u00e8s la victoire, je me suis jamais mis \u00e0 sauter comme \u00e7a.<\/em><\/p>\n<p>C\u2019est bien connu, les autistes et les gens exalt\u00e9s ex\u00e9cutent tous des saluts nazis involontairement. <strong>Le d\u00e9bat se conclura sur ces mots confusionnistes et infond\u00e9s, et on nous enverra une \u00e9ni\u00e8me page de publicit\u00e9<\/strong> (un v\u00e9ritable matraquage sur les cha\u00eenes d\u2019informations).<\/p>\n<h2><strong>19 h 37 : LCI (24 h Pujadas) \u2013 El Krief, championne de l\u2019hypocrisie<\/strong><\/h2>\n<p>Sur un nouveau plateau de l\u2019enfer qui regroupe notamment David Pujadas, l\u2019ex-pr\u00e9sentateur du JT de France 2 qui trouvait<a target=\"_blank\" href=\"https:\/\/mrmondialisation.org\/notre-obsession-pour-les-faits-divers-nous-detourne-des-vrais-problemes\/\"> \u201c\u00a0g\u00e9nial\u00a0\u201d<\/a> le 11 septembre et Ruth El Krief, l\u2019une des plus farouches \u00e9ditorialistes de droite du paysage audiovisuel fran\u00e7ais.<\/p>\n<p>Cette derni\u00e8re s\u2019insurge aujourd\u2019hui<strong> contre les personnalit\u00e9s et m\u00e9dias qui ont d\u00e9cid\u00e9 de boycotter X (ex twitter)<\/strong> pour protester contre le tournant d\u2019extr\u00eame droite pris par la plateforme achet\u00e9e par Elon Musk.<\/p>\n<p>\u2014 <em>Arr\u00eatons ce cin\u00e9ma\u00a0!<\/em> s\u2019exclame-t-elle. [\u2026] <em>C\u2019est s\u00fbr que ce r\u00e9seau n\u2019est pas un champ de roses et les algorithmes faussent le d\u00e9bat. <strong>Mais vous croyez qu\u2019Elon Musk va \u00eatre vex\u00e9 parce que Sandrine Rousseau et Le Monde quittent X\u00a0?<\/strong> Ce qui m\u2019agace dans ce geste, c\u2019est le sentiment de bonne conscience. J\u2019ai raison, je ne veux plus entendre les autres, ceux qui pensent mal, ceux qui m\u2019offensent. \u00c7a signifie quoi\u00a0? Vivons entre nous\u00a0! C\u2019est bien confortable. Allons sur un autre r\u00e9seau social o\u00f9 tout le monde pense comme moi. [\u2026] \u00c7a me rappelle l\u2019attitude de d\u00e9ni sur des sujets \u00e9voqu\u00e9s par le Rassemblement national, on dit attention, n\u2019y touchons pas, c\u2019est moche, c\u2019est mal, alors \u00e7a n\u2019existe pas. Mais c\u2019est pas vrai, \u00e7a existe\u00a0! [\u2026]\u00a0Ne d\u00e9sertons pas\u00a0!\u00a0\u00bb<\/em><\/p>\n<p><iframe loading=\"lazy\" title=\"D\u00e9diabolisation du RN : la vid\u00e9o pour tout comprendre\" width=\"1110\" height=\"624\" src=\"https:\/\/www.youtube.com\/embed\/lbw2-VirxzE?feature=oembed\" frameborder=\"0\" allow=\"accelerometer; autoplay; clipboard-write; encrypted-media; gyroscope; picture-in-picture; web-share\" referrerpolicy=\"strict-origin-when-cross-origin\" allowfullscreen><\/iframe><\/p>\n<p>L\u2019incarnation du culot de la part <strong>d\u2019une journaliste bourgeoise qui ne sort jamais de son petit milieu \u00e9litiste<\/strong> et qui appartient depuis des d\u00e9cennies \u00e0 des \u00e9quipes \u00e9ditoriales o\u00f9 pratiquement tout le monde diffuse la m\u00eame pens\u00e9e n\u00e9olib\u00e9rale. Le toupet encore d\u2019expliquer que les sujets de pr\u00e9dilections du RN seraient \u00e9vit\u00e9s partout alors qu\u2019ils sont mis constamment sur la table par des m\u00e9dias et des cha\u00eenes d\u2019informations auxquelles elle participe depuis tant d\u2019ann\u00e9es. L\u2019audace enfin de parler d\u2019entre-soi concernant non pas un r\u00e9seau d\u2019\u00e9changes d\u2019analyses diverses mais la diffusion permanente et d\u00e9brid\u00e9e de fausses informations, de haine gratuite et de violences.<\/p>\n<h2><strong>20 h 11 : CNEWS (L\u2019heure des Pros 2 )\u2013 Le fant\u00f4me d\u2019Orwell<\/strong><\/h2>\n<p>Retour de Pascal Praud et sa joyeuse bande de chroniqueurs d\u2019extr\u00eame droite. L\u2019avocat Gilles-William Goldnadel, bien connu pour ses outrances et d\u00e9rives identitaires, <strong>s\u2019amuse des d\u00e9nonciations du salut nazi d\u2019Elon Musk.<\/strong><\/p>\n<p>\u2014 <em>Comment \u00e7a va\u00a0?<\/em> rigole-t-il en tendant la main vers l\u2019autre partie du plateau.<em><strong> Je viens de commettre un salut nazi.<\/strong> \u00c7a va circuler, Goldnadel le juif a fait un salut nazi. L\u2019extr\u00eame gauche est dans un d\u00e9sastre culturel. Ils sont \u00e0 nouveau dans l\u2019antinazisme devenu fou. Ils sont tellement \u00e0 la rue intellectuellement et culturellement, ils ont plus que \u00e7a comme fonds de commerce depuis \u00ab CRS SS \u00bb.<\/em><\/p>\n<blockquote class=\"twitter-tweet\" data-width=\"550\" data-dnt=\"true\">\n<p lang=\"fr\" dir=\"ltr\">De circonstance \u00e9galement. <a target=\"_blank\" href=\"https:\/\/t.co\/tCbPk7NRil\">pic.twitter.com\/tCbPk7NRil<\/a><\/p>\n<p>\u2014 Caisses de gr\u00e8ve (@caissesdegreve) <a target=\"_blank\" href=\"https:\/\/twitter.com\/caissesdegreve\/status\/1881794355964563884?ref_src=twsrc%5Etfw\">January 21, 2025<\/a><\/p>\n<\/blockquote>\n<p>\u2014 <em>C\u2019est vrai que beaucoup de jeunes gens ont pris ce geste au premier degr\u00e9,<\/em> fait remarquer un chroniqueur.<\/p>\n<p>\u2014 <em>Ils ont peut-\u00eatre moins de culture,<\/em> explique Pascal Praud.<\/p>\n<p>\u2014<em><strong> Jean-Marie Le Pen est mort depuis \u00e0 peine une semaine et ils ont trouv\u00e9 un nouveau diable de rechange,<\/strong> <\/em>assure \u00c9lisabeth Levy.<\/p>\n<p>\u2014<strong><em> Oui, tout cela est ridicule,<\/em><\/strong> confirme Pascal Praud.<\/p>\n<p>Sans commentaires. On va s\u2019arr\u00eater l\u00e0 pour aujourd\u2019hui.<\/p>\n<h2><strong>Mercredi 22 janvier 2025<\/strong><\/h2>\n<h2><strong>6 h 30 : RMC Story (Apolline Matin) \u2013 Gloire au capitalisme<\/strong><\/h2>\n<p>Chaque jour, Apolline de Malherbe, journaliste issue de la grande bourgeoise, et infatigable<a target=\"_blank\" href=\"https:\/\/www.acrimed.org\/Anatomie-d-une-campagne-mediatique-contre-la-6483\"> pourfendeuse de la gauche<\/a>, prend une importance phare sur les canaux de BFM-RMC. Quotidiennement, <strong>elle occupe la place sur les deux cha\u00eenes de 6 h 30 \u00e0 10 h avec plusieurs \u00e9missions.<\/strong><\/p>\n<p>Dans Apolline Matin, l\u2019animatrice donne largement la parole aux auditeurs, une technique de manipulation, d\u00e9j\u00e0 d\u00e9crypt\u00e9e<a target=\"_blank\" href=\"https:\/\/mrmondialisation.org\/temoigner-dans-les-medias-un-outil-de-manipulation-subtile\/\"> par Mr Mondialisation<\/a>, qui consiste \u00e0 <strong>trier sur le volet les participants au standard<\/strong> pour prof\u00e9rer des opinions \u00e0 l\u2019antenne sans avoir \u00e0 les tenir soi-m\u00eame. D\u00e8s 6 h 38, on commence d\u2019ailleurs sur les chapeaux de roue avec un intervenant tr\u00e8s \u00e0 droite qui est invit\u00e9 \u00e0 s\u2019exprimer au sujet des retraites\u00a0:<\/p>\n<p>\u2014 <em>J\u2019ai 37 ans et quand j\u2019\u00e9tais en 4<sup>e<\/sup>, \u00e7a fait plus de 20 ans, on nous expliquait que le syst\u00e8me de retraite \u00e9tait mort du fait de l\u2019allongement de la dur\u00e9e de vie et de la chute de la natalit\u00e9. D\u00e9j\u00e0, il y a 20 ans, on apprenait \u00e7a au coll\u00e8ge. Est-ce que nos ministres ont \u00e9t\u00e9 au coll\u00e8ge jusqu\u2019en 4<sup>e\u00a0<\/sup>?<\/em><\/p>\n<p>\u2014<em> Et quelle est la solution, sinon, Beno\u00eet\u00a0?<\/em><\/p>\n<p>\u2014 <em>La capitalisation,<\/em> r\u00e9pond-il tout fier.<\/p>\n<p>\u2014 <em>La capitalisation. Vous, vous le faites Beno\u00eet\u00a0?<\/em><\/p>\n<p>\u2014 <em>Oui, j\u2019ai commenc\u00e9 \u00e0 me faire un portefeuille en bourse avec un objectif d\u2019arr\u00eater de travailler quand j\u2019ai 300 000 euros sur ce compte pour avoir \u00e0 peu pr\u00e8s 10 % de dividendes, donc 30 000 euros par an.<\/em><\/p>\n<p>\u2014 <em>J\u2019adore\u00a0!<\/em> s\u2019enthousiasme la journaliste.<em> Vous m\u2019\u00e9patez\u00a0! Vous avez fait vos calculs, franchement, je trouve \u00e7a assez inou\u00ef. Vous en \u00eates \u00e0 combien, l\u00e0, Beno\u00eet\u00a0?<\/em><\/p>\n<p>\u2014<em> Bah pour le moment l\u00e0, j\u2019ai mes enfants, c\u2019est la p\u00e9riode o\u00f9 il y a beaucoup de d\u00e9penses. Je suis \u00e0 2-3 milles euros d\u2019actifs. D\u00e8s que les enfants auront 18 ans, je pourrais peut-\u00eatre multiplier par cinq mes placements.<\/em><\/p>\n<p>\u2014<strong> <em>En tout cas, vous vous dites, je ne pourrais pas forc\u00e9ment compter sur l\u2019\u00e9tat.<\/em><\/strong><\/p>\n<p>\u2014 <em>Euh\u2026 pas du tout.<\/em><\/p>\n<p>\u2014 <em>C\u2019est vrai que \u00e7a tourne autour de ces questions-l\u00e0\u00a0: \u00e0 la fois, travailler peut-\u00eatre plus longtemps et devoir se d\u00e9brouiller un peu par soi-m\u00eame\u00a0! <strong>Merci Beno\u00eet\u00a0!<\/strong><\/em><\/p>\n<p>Et on en restera l\u00e0. De l\u2019enthousiasme d\u2019une bourgeoise envers un syst\u00e8me bas\u00e9 sur<strong> la sp\u00e9culation des march\u00e9s<\/strong> qui a conduit des millions de gens \u00e0 la rue et qui n\u2019a d\u2019autre but qu\u2019enrichir les grandes banques et les fonds de pension priv\u00e9s. Aucun avertissement ni mise en garde sur <a target=\"_blank\" href=\"https:\/\/basta.media\/Reforme-des-retraites-regimes-speciaux-baisse-des-pensions-marches-financiers-speculation\">les d\u00e9rives de ce syst\u00e8me<\/a>. Le tout d\u00e9fendu par un prol\u00e9taire, chauffeur routier, sans aucun doute atteint par le <a target=\"_blank\" href=\"https:\/\/mrmondialisation.org\/syndrome-du-larbin-les-pauvres-qui-defendent-les-bourgeois\/\">syndrome du larbin.<\/a><\/p>\n<p><iframe loading=\"lazy\" title=\"USA : Arizona, seniors sans-abris | ARTE Reportage\" width=\"1110\" height=\"624\" src=\"https:\/\/www.youtube.com\/embed\/oBXkCof-yps?feature=oembed\" frameborder=\"0\" allow=\"accelerometer; autoplay; clipboard-write; encrypted-media; gyroscope; picture-in-picture; web-share\" referrerpolicy=\"strict-origin-when-cross-origin\" allowfullscreen><\/iframe><\/p>\n<p>Une bonne page de publicit\u00e9, avant de tout de suite embrayer sur un nouveau sujet<strong><em> \u00ab\u00a0la concurrence peut-elle sauver les trains\u00a0?\u00a0\u00bb.<\/em><\/strong> Et quelque chose me dit que personne n\u2019\u00e9voquera sur le plateau <a target=\"_blank\" href=\"https:\/\/mrmondialisation.org\/temoigner-dans-les-medias-un-outil-de-manipulation-subtile\/\">le d\u00e9sastre auquel a conduit ce processus<\/a> dans d\u2019autres pays, en particulier au Royaume-Uni\u2026<\/p>\n<h2><strong>16 h : France Info (Le 16 h\/18 h) \u2013 D\u00e9bat \u00e0 sens unique<\/strong><\/h2>\n<p>Sur un plateau encore bien \u00e0 droite, <strong>on d\u00e9bat des \u00e9conomies budg\u00e9taires.<\/strong> On retrouve autour de la table : <strong>Anthony Morlet-Lavidalie, \u00e9conomiste lib\u00e9ral<\/strong> membre du Think Tank Rexecode qui d\u00e9fend les int\u00e9r\u00eats du patronat (des donn\u00e9es qui ne vous seront jamais pr\u00e9cis\u00e9es \u00e0 l\u2019antenne),<strong> Gilles Bornestein, \u00e9ditorialiste de FranceInfo<\/strong> bien connu pour son hostilit\u00e9 envers la gauche de rupture, <strong>Isabelle Veyrat-Masson, chercheuse au CNRS<\/strong> et enfin<strong> Marc Eynaud, employ\u00e9 \u00e0 Valeurs Actuelles,<\/strong> hebdomadaire r\u00e9f\u00e9rence de l\u2019extr\u00eame droite fran\u00e7aise.<\/p>\n<p>Il est d\u2019ailleurs important de noter que les salari\u00e9s de cette publication appartenant \u00e0 Vincent Bollor\u00e9 ont <a target=\"_blank\" href=\"https:\/\/www.arretsurimages.net\/articles\/valeurs-actuelles-en-majeste-sur-bfmtv\">drastiquement augment\u00e9<\/a> leur pr\u00e9sence sur les plateaux des cha\u00eenes d\u2019information depuis plusieurs ann\u00e9es. L\u00e0 o\u00f9 on ne voyait que ponctuellement le seul Geoffroy Lejeune il y a quelques ann\u00e9es, <strong>les nouvelles t\u00eates issues de ce magazine sont maintenant partout sur tous les canaux,<\/strong> comme si chacun d\u2019entre eux faisait la course \u00e0 l\u2019audience avec CNEWS. Et personne ne semble d\u00e9rang\u00e9 par le fait que des journalistes d\u2019extr\u00eame droite sont trait\u00e9s comme des intervenants comme des autres.<\/p>\n<p>Mais revenons au plateau. On y \u00e9voque plus particuli\u00e8rement <strong>le budget des sports que le gouvernement souhaitait rogner.<\/strong> Pourtant devant le <a target=\"_blank\" href=\"https:\/\/www.lequipe.fr\/Tous-sports\/Actualites\/Riner-patouillet-batum-425-athletes-des-jo-de-paris-signent-une-tribune-contre-la-baisse-du-budget-des-sports\/1534038\">toll\u00e9 suscit\u00e9<\/a> par cette d\u00e9cision, Emmanuel Macron a lui-m\u00eame d\u00e9jug\u00e9 son Premier ministre. Un \u00e9ni\u00e8me coup de communication.<\/p>\n<p>\u2014<em> J\u2019aimerais rappeler qu\u2019on a un d\u00e9ficit public absolument monumental,<\/em> mart\u00e8le Anthony Morlet-Lavidalie. <em>On doit faire des efforts, on s\u2019est engag\u00e9 aupr\u00e8s de l\u2019Europe. [\u2026] Chacun va devoir contribuer.<\/em><\/p>\n<p><strong>Sauf les riches et les grands patrons, sans doute.<\/strong> Isabelle Veyrat-Masson poursuit\u00a0:<\/p>\n<p>\u2014 <em>Je suis d\u2019accord avec tout ce que vient de dire monsieur. [\u2026] Cette r\u00e9action m\u2019a fait penser \u00e0 une situation de cohabitation. Je me souviens de Fran\u00e7ois Mitterrand qui faisait son march\u00e9 parmi les d\u00e9cisions d\u2019un Premier ministre qui n\u2019\u00e9tait pas de son camp.<\/em><\/p>\n<p>On apprend donc, sur France info, <strong>qu\u2019Emmanuel Macron et Fran\u00e7ois Bayrou ne seraient pas du m\u00eame camp politique, alors qu\u2019ils font partie du m\u00eame bloc depuis pr\u00e8s de 7 ans.<\/strong> Merveilleux. Apr\u00e8s plusieurs minutes \u00e0 pleurer sur le d\u00e9ficit du pays, sans jamais proposer de cr\u00e9er de nouvelles recettes, on \u00e9voque maintenant les retraites\u00a0:<\/p>\n<p><em>\u2014 C\u2019est un quart des d\u00e9penses publiques,<\/em> geint Anthony Morlet-Lavidalie.<\/p>\n<p>\u2014 <em>L\u2019id\u00e9e de geler momentan\u00e9ment l\u2019indexation des retraites avait fait un scandale national,<\/em> s\u2019agace le journaliste d\u2019extr\u00eame droite. <em>Les salaires des actifs ne sont pas index\u00e9s sur l\u2019inflation, que les retraites le soient, pardon, mais c\u2019est une injustice.<\/em><\/p>\n<p>\u00c9videmment, <a target=\"_blank\" href=\"https:\/\/mrmondialisation.org\/smic-chomage-retraite-le-visage-antisocial-des-droites-identitaires\/\">comme d\u2019habitude, <\/a><strong>l\u2019extr\u00eame droite veut niveler la soci\u00e9t\u00e9 par le bas : au lieu de proposer les meilleures conditions pour tous, elle pr\u00e9f\u00e8re que personne n\u2019en profite.<\/strong> D\u2019autant plus s\u2019il fallait mettre \u00e0 contribution le grand patronat.<\/p>\n<p>\u2014 <em>Il n\u2019y a rien d\u2019anormal \u00e0 vendre son bien pour financer ses vieux jours en EHPAD,<\/em> rajoute Anthony Morlet-Lavidalie.<\/p>\n<p>\u2014<em> Tout de m\u00eame \u00e0 c\u00f4t\u00e9 de \u00e7a, il y a des gens qui gagnent des milliards,<\/em> finit par \u00e9voquer timidement Isabelle Veyrat-Masson.<\/p>\n<p>\u2014 <em>On est un des pays les plus tax\u00e9s au monde,<\/em> s\u2019insurge Marc Eynaud, pour venir au secours des riches dans <a target=\"_blank\" href=\"https:\/\/mrmondialisation.org\/semaine-television-information-tv-enfer\/about:Marc%20Eynaud\">une rengaine mille fois \u00e9cul\u00e9e.<\/a><\/p>\n<p>Et cette com\u00e9die se poursuivra encore longtemps.<\/p>\n<h2><strong>20 h : TF1 (JT) \u2013 Une institution n\u00e9olib\u00e9rale<\/strong><\/h2>\n<p>Je ne pouvais bien s\u00fbr pas passer une semaine devant l\u2019information \u00e0 la t\u00e9l\u00e9vision sans \u00e9voquer <strong>le c\u00e9l\u00e8bre JT de TF1,<\/strong> v\u00e9ritable institution nationale, puisque son anc\u00eatre sur le premier canal remonte \u00e0 1949. Semblable \u00e0 <strong>une messe quotidienne<\/strong> pour de nombreuses personnes, il fait partie de JT les plus regard\u00e9s d\u2019Europe avec plus de <a target=\"_blank\" href=\"https:\/\/www.ozap.com\/actu\/audiences-access-20h-apres-leur-record-de-la-veille-tpmp-et-cyril-hanouna-sur-c8-ont-ils-double-quotidien-et-yann-barthes-sur-tmc\/645905\">5 millions de t\u00e9l\u00e9spectateurs<\/a> chaque soir. Inutile de pr\u00e9ciser le pouvoir colossal dont dispose une telle machine.<\/p>\n<p>Comme dans chaque JT, on occupera beaucoup de temps d\u2019antennes \u00e0<b> des nouvelles anxiog\u00e8nes mais totalement d\u00e9cousues et d\u00e9corr\u00e9l\u00e9es d\u2019analyses syst\u00e9miques soci\u00e9tales<\/b> (airbags d\u00e9fectueux, \u00e9boulements de falaises sur les routes, vols sur les chantiers, h\u00e9catombes des agences immobili\u00e8res, fusillades en s\u00e9rie \u00e0 Besan\u00e7on, faux billets de parcs d\u2019attractions, attaque au couteau, vice cach\u00e9 sur une vente de maison), mais aussi \u00e0 <strong>des informations destin\u00e9es \u00e0 provoquer un sentiment de col\u00e8re passag\u00e8re<\/strong> (prix des trains ou du gaz, gardiens de prison corrompus, lib\u00e9ration d\u2019un d\u00e9tenu condamn\u00e9 pour viol\u2026)<\/p>\n<p><iframe loading=\"lazy\" title=\"LA PEUR (des m\u00e9dias) - LA BARBE\" width=\"1110\" height=\"624\" src=\"https:\/\/www.youtube.com\/embed\/uUaCUreN_3o?feature=oembed\" frameborder=\"0\" allow=\"accelerometer; autoplay; clipboard-write; encrypted-media; gyroscope; picture-in-picture; web-share\" referrerpolicy=\"strict-origin-when-cross-origin\" allowfullscreen><\/iframe><\/p>\n<p>\u00c9videmment, la peur ne sera pas dirig\u00e9e vers <strong>le d\u00e9sastre environnemental<\/strong> et la col\u00e8re n\u2019aura rien \u00e0 voir avec <strong>le capitalisme ou les in\u00e9galit\u00e9s criantes.<\/strong> \u00c0 l\u2019inverse, on misera plut\u00f4t sur des sujets s\u00e9curitaires. Quant aux nouvelles \u00e9conomiques, elles seront simplement expos\u00e9es sans analyser leurs causes profondes. Du pain b\u00e9ni pour la droite et l\u2019extr\u00eame droite. Et c\u2019est sans aucun doute le but.<\/p>\n<h2><strong>Jeudi 23 janvier 2025<\/strong><\/h2>\n<h2><strong>10 h 30 : RMC Story (Les Grandes gueules) \u2013 Les tr\u00e9fonds du caf\u00e9 du commerce<\/strong><\/h2>\n<p>Ce matin, sur RMC, je retrouve Olivier Truchot et Alain Marschall, bien occup\u00e9 \u00e0 faire vivre le caf\u00e9 du commerce le plus abouti du paysage audiovisuel fran\u00e7ais. <strong>Ici, on d\u00e9bat d\u2019une actualit\u00e9 bien \u00e9videmment tri\u00e9e sur le volet afin de bien rentrer dans la ligne \u00e9ditoriale subliminale.<\/strong> Au programme\u00a0: d\u00e9magogie, mauvaise foi et propagande n\u00e9olib\u00e9rale.<\/p>\n<p>Alors que Marion Mar\u00e9chal vient de quitter le plateau, on va maintenant s\u2019attaquer \u00e0 l\u2019un des plus grands soucis de la France selon la bourgeoisie\u00a0: <strong>la fraude sociale.<\/strong> Histoire de pointer du doigt <strong><a target=\"_blank\" href=\"https:\/\/mrmondialisation.org\/france-des-assistes-9-arguments-contre-ce-prejuge\/\">les \u00ab\u00a0assist\u00e9s\u00a0\u00bb<\/a> <\/strong>qui profiteraient du syst\u00e8me. La ligne directrice est toujours la m\u00eame\u00a0: <strong>monter les gens les uns contre les autres tout en faisant oublier les vrais probl\u00e8mes de partage de richesses du pays et du monde.<\/strong><\/p>\n<p>On va \u00e9galement parler d\u2019une \u00ab petite histoire qui a attir\u00e9 l\u2019attention \u00bb de l\u2019\u00e9mission. <strong>Une jeune femme sur les r\u00e9seaux sociaux se filme au ski tout en se vantant d\u2019\u00eatre en arr\u00eat maladie.<\/strong> \u00ab <em>Qui va faire quoi\u00a0? La CPAM, le contr\u00f4le du travail, venez me chercher, je m\u2019en fous, je suis libre<\/em>\u00a0\u00bb. Olivier Truchot s\u2019\u00e9meut \u00e9galement de ce qu\u2019il entend\u00a0:<\/p>\n<p>\u2014 <em>Elle nous dit, \u00ab\u00a0je vais tirer mon arr\u00eat maladie au maximum, je vais aussi aller \u00e0 la mer bronzer\u00a0\u00bb. (\u2026) tout \u00e7a fait dire \u00e0 certains politiques \u00ab\u00a0regardez la fraude sociale\u00a0\u00bb, \u00e7a existe. Est-ce qu\u2019on ne peut pas contr\u00f4ler davantage\u00a0? Parce que si je comprends bien la CPAM ne fait pas de contr\u00f4le comme \u00e7a, elle n\u2019en fait que si l\u2019employeur le demande. Il y a peut-\u00eatre sans doute quelque chose \u00e0 faire, et surtout des sanctions plus s\u00e9v\u00e8res. Barbara\u00a0?<\/em><\/p>\n<p>Il lance alors Barbara Lefebvre, chroniqueuse bien connue pour ses positions d\u2019extr\u00eame droite et r\u00e9actionnaire\u00a0:<\/p>\n<p>\u2014 <em><strong>Cette personne insulte ceux qui travaillent,<\/strong> ceux qui travaillent pour elle, s\u2019indigne la pol\u00e9miste. C\u2019est nous qui payons son arr\u00eat maladie. Cette personne se vante de frauder, j\u2019esp\u00e8re que bien entendu elle sera licenci\u00e9e, qu\u2019elle ne va pas avoir en plus l\u2019outrecuidance d\u2019aller aux prud\u2019hommes, que les services fiscaux vont aller lui courir derri\u00e8re pour aller bien lui regarder dans ses r\u00e9seaux sociaux et lui d\u00e9cortiquer le t\u00e9l\u00e9phone, voire pourquoi pas perquisitionner. Parce que moi je suis d\u00e9sol\u00e9e, aussi ces influenceurs, il y a un moment, \u00e7a commence \u00e0 me gonfler. Les gens qui passent leur temps \u00e0 parler pendant des heures dans ces esp\u00e8ces de rectangles avec des esp\u00e8ces de filtres o\u00f9 ils ressemblent d\u2019ailleurs \u00e0 rien. [\u2026] Et puis si elle veut \u00eatre influenceuse, elle se met \u00e0 son compte, elle paiera l\u2019URSSAF. Parce que c\u2019est notre argent, \u00e0 nous qui cotisons et qui bossons, et j\u2019esp\u00e8re que les services fiscaux vont se r\u00e9veiller, parce qu\u2019\u00e0 mon avis, il y a de quoi faire avec elle.<\/em><\/p>\n<p><iframe loading=\"lazy\" title=\"\ud83e\udd8f LES GRANDES GUEULES : UNE CERTAINE ID\u00c9E DU &quot;VRAI PEUPLE&quot;\" width=\"1110\" height=\"624\" src=\"https:\/\/www.youtube.com\/embed\/p6rl-Qw1btA?feature=oembed\" frameborder=\"0\" allow=\"accelerometer; autoplay; clipboard-write; encrypted-media; gyroscope; picture-in-picture; web-share\" referrerpolicy=\"strict-origin-when-cross-origin\" allowfullscreen><\/iframe><\/p>\n<p>Il suffisait pourtant de creuser un petit peu (un travail journalistique aurait sans doute \u00e9t\u00e9 trop demand\u00e9 \u00e0 cette joyeuse bande du caf\u00e9 du commerce) pour apprendre que<strong> la jeune femme est en r\u00e9alit\u00e9 en arr\u00eat maladie pour harc\u00e8lement moral et que dans ces conditions, partir en vacances avec l\u2019autorisation du m\u00e9decin est tout \u00e0 fait l\u00e9gal.<\/strong><\/p>\n<p>Mais au-del\u00e0 de la provocation indiscutable de l\u2019influenceuse et de la volont\u00e9 de faire le buzz, il appara\u00eet \u00e9vident que<strong> cette \u00ab histoire \u00bb sert surtout \u00e0 l\u2019\u00e9mission pour alimenter les clich\u00e9s et les pr\u00e9jug\u00e9s.<\/strong> En utilisant un exemple, qui n\u2019a aucune valeur sociologique, on va toutefois r\u00e9ussir \u00e0 transmettre l\u2019id\u00e9e au t\u00e9l\u00e9spectateur qu\u2019il demeure toute <strong>une cat\u00e9gorie de la population profiteuse qui plombe le reste de la soci\u00e9t\u00e9. <\/strong>Ou comment opposer les classes les plus basses pour des miettes.<\/p>\n<p>Or, dans les faits, s\u2019il existe des gens de cet acabit, <strong>ils ne repr\u00e9sentent qu\u2019<a target=\"_blank\" href=\"https:\/\/mrmondialisation.org\/fraude-fiscale-vs-sociale-ne-nous-trompons-pas-de-cible\/\">une extr\u00eame minorit\u00e9<\/a> qui p\u00e8se tr\u00e8s peu sur l\u2019ensemble du syst\u00e8me.<\/strong> \u00c0 l\u2019inverse par exemple de <a target=\"_blank\" href=\"https:\/\/mrmondialisation.org\/la-tres-grande-evasion-le-film-de-noel-ideal-sur-le-vol-fiscal\/\">la fraude fiscale des milliardaires<\/a> qui ne fera sans aucun doute jamais un sujet int\u00e9ressant \u00e0 traiter par cette \u00e9mission.<\/p>\n<h2><strong>13 h : France 2 (JT) \u2013 Un message bien cach\u00e9<\/strong><\/h2>\n<p>Le JT de 13 h, que ce soit sur France 2 ou sur TF1, prend une place particuli\u00e8re dans l\u2019information \u00e0 la t\u00e9l\u00e9vision. Il dispose comme d\u00e9j\u00e0 dit d\u2019une force de frappe importante puisque les <a target=\"_blank\" href=\"https:\/\/www.ouest-france.fr\/economie\/retraites\/qui-regarde-le-journal-televise-de-13-h-ou-emmanuel-macron-va-sexprimer-sur-les-retraites-1f6177cc-c88d-11ed-a412-5cbed970d9f5\">deux tiers des t\u00e9l\u00e9spectateurs<\/a> devant leur poste \u00e0 cette heure-ci regardent ce programme. <strong>\u00c0 l\u2019image des matinales, il diffuse de nombreux reportages \u00ab\u00a0en r\u00e9gion\u00a0\u00bb et se veut proche du quotidien.<\/strong> S\u2019encha\u00eenent alors de multiples s\u00e9quences sur des sujets a priori sans cons\u00e9quence.<\/p>\n<p>Mais, ne vous y trompez pas,<strong> le journal v\u00e9hicule tout de m\u00eame bon nombre de messages politiques, en toute subtilit\u00e9.<\/strong> Ce jeudi, on fera par exemple la promotion d\u2019un coup de communication d\u2019Emmanuel Macron qui a r\u00e9pondu en ligne \u00e0 un influenceur qui se plaignait de ne pas pouvoir payer avec son t\u00e9l\u00e9phone au p\u00e9age. Pas de crainte <strong>\u00ab\u00a0Emmanuel Macron promet de \u201cr\u00e9gler \u00e7a\u201d\u00a0\u00bb,<\/strong> comme l\u2019affiche le bandeau sur la premi\u00e8re cha\u00eene du service public.<\/p>\n<blockquote>\n<p><strong>\u00ab\u00a0Ce qui est aussi marquant dans ce JT, c\u2019est peut-\u00eatre m\u00eame ce dont on ne parle pas\u00a0\u00bb.<\/strong><\/p>\n<\/blockquote>\n<p>Ce qui est aussi marquant dans ce JT, <strong>c\u2019est peut-\u00eatre m\u00eame ce dont on ne parle pas.<\/strong> Les grands sujets d\u2019envergure sont soigneusement \u00e9vit\u00e9s ou \u00e9lud\u00e9s. Montre en main, le programme consacre par exemple \u00e0 peine 19 secondes \u00e0 la Palestine\u00a0:<\/p>\n<p>\u2014<em> L\u2019arm\u00e9e isra\u00e9lienne intensifie ses op\u00e9rations en Cisjordanie o\u00f9 des centaines de Palestiniens auraient quitt\u00e9 la ville de J\u00e9nine suite \u00e0 des tirs nourris et \u00e0 des explosions. <strong>Tsahal y poursuit son op\u00e9ration antiterroriste.<\/strong> Le dernier bilan fait \u00e9tat de dix morts et trente-cinq bless\u00e9s selon l\u2019autorit\u00e9 palestinienne.<\/em><\/p>\n<p>Pas un mot sur la colonisation en Cisjordanie ni sur le contexte. Les victimes ne sont d\u00e9crites que comme la cons\u00e9quence vague d\u2019une intervention antiterroriste. Dans la droite ligne du traitement m\u00e9diatique des massacres de Gaza. Au lieu d\u2019\u00e9piloguer sur ce th\u00e8me, le pr\u00e9sentateur s\u2019enthousiasme plut\u00f4t sur <strong>une \u00ab bonne nouvelle \u00bb : \u00ab <em>la C\u00f4te d\u2019Azur est devenue l\u2019une des destinations favorites de riches touristes, comme \u00e0 Nice o\u00f9 les h\u00f4tels de luxe ne connaissent pas la crise.\u00a0<\/em>\u00bb<\/strong><\/p>\n<p>Ainsi, cette fois, sur plusieurs minutes, <strong>on s\u2019extasie sur les voyageurs \u00e9trangers qui font la fortune des \u00e9tablissements de luxe des environs.<\/strong> Un sujet qui valait sans doute bien la peine d\u2019y consacrer presque sept fois plus de temps que la situation en Palestine. On ne parlera bien s\u00fbr pas une seconde des <a target=\"_blank\" href=\"https:\/\/mrmondialisation.org\/tourisme-reves-evasion-planete\/\">retomb\u00e9es \u00e9cologiques<\/a> de ce type de pratiques, mais seulement du c\u00f4t\u00e9 lucratif. <strong>Une bonne nouvelle donc, mais uniquement encore une fois pour les plus ais\u00e9s.<\/strong><\/p>\n<p>Le parti pris pour le chef de l\u2019\u00c9tat se poursuivra ensuite avec les inqui\u00e9tudes engendr\u00e9es par les \u00ab cons\u00e9quences de la censure du gouvernement \u00bb puisque le \u00ab budget 2025 \u00bb n\u2019a toujours pas \u00e9t\u00e9 adopt\u00e9 \u00e0 ce moment-l\u00e0. Pour illustrer cet expos\u00e9, on s\u2019attardera sur des citoyens et des entrepreneurs de l\u2019isolation bloqu\u00e9s par la situation. <strong><em>\u00ab Des retards de versement dus \u00e0 la censure du gouvernement \u00bb<\/em><\/strong> selon France 2.<\/p>\n<p>\u00c9videmment, <strong>\u00e0 aucun moment Emmanuel Macron ne sera remis en cause.<\/strong> Cette situation est uniquement due \u00e0 sa m\u00e9chante opposition qui a os\u00e9 renvoyer Michel Barnier et qui rejette le budget aust\u00e9ritaire du pr\u00e9sident. Or, si le Premier ministre a \u00e9t\u00e9 balay\u00e9, et si l\u2019on se trouve dans ces circonstances, ce n\u2019est pas du fait de ses adversaires. Il s\u2019agit bien de<b> la responsabilit\u00e9 du chef de l\u2019\u00c9tat qui a refus\u00e9 de reconna\u00eetre sa d\u00e9faite aux \u00e9lections l\u00e9gislatives et qui s\u2019obstine \u00e0 d\u00e9signer des gouvernements et construire des budgets dans la continuit\u00e9 absolue de la politique antisociale qu\u2019il m\u00e8ne depuis 2017.<\/b> Sans doute un hasard si les responsables de la cha\u00eene et de l\u2019\u00e9mission ont \u00e9t\u00e9 nomm\u00e9s par le CSA, lui-m\u00eame largement compos\u00e9 de membres choisis par des proches d\u2019Emmanuel Macron.<\/p>\n<p>Saupoudrez cette farce de <strong>quelques sujets anxiog\u00e8nes pour le troisi\u00e8me \u00e2ge\u00a0;<\/strong> un kidnapping par ci, un reportage sur la grippe par l\u00e0, les pannes d\u2019ascenseur, les dentistes victimes de violence\u00a0; ajoutez quelques s\u00e9quences sur<strong> les traditions et le savoir-faire fran\u00e7ais,<\/strong> et vous obtiendrez la parfaite recette d\u2019un \u00e9lecteur de droite bien format\u00e9. C\u2019est discret et presque subtil, mais terriblement efficace.<\/p>\n<h2><strong>19 h : BFM (Tout le monde veut savoir) \u2013 Une dynastie de lib\u00e9ralisme<\/strong><\/h2>\n<p>Dans <strong>la famille Duhamel,<\/strong> on connaissait d\u00e9j\u00e0 l\u2019oncle, Alain, le p\u00e8re Patrice, la m\u00e8re Nathalie Saint-Cricq, on a assist\u00e9 depuis plusieurs ann\u00e9es \u00e0 l\u2019\u00e9mergence du fils, Benjamin. Et l\u00e0 o\u00f9 on pouvait se consoler en se disant que tous les autres prendraient bient\u00f4t leur retraite, nous allons devoir subir le dernier pendant encore tr\u00e8s longtemps\u00a0: <strong>il n\u2019a que 29 ans.<\/strong><\/p>\n<p>Et pourtant, sa jeunesse ne l\u2019a pas emp\u00each\u00e9 de r\u00e9cup\u00e9rer <strong>les id\u00e9es lib\u00e9rales largement \u00e9cul\u00e9es de toute sa dynastie.<\/strong> Du lundi au jeudi, il m\u00e8ne ainsi une quotidienne dans laquelle il re\u00e7oit des invit\u00e9s et tente de d\u00e9crypter l\u2019actualit\u00e9.<\/p>\n<p>Ce jour-l\u00e0, seront accueillis <strong>Sophie Binet, patronne de la CGT, puis Marion Mar\u00e9chal, eurod\u00e9put\u00e9e d\u2019extr\u00eame droite.<\/strong> On pourrait presque croire \u00e0 un plateau \u00e9quilibr\u00e9, si l\u2019on n\u2019avait pas \u00e9galement sur place<strong> Emmanuel Lechypre, \u00e9conomiste ultra lib\u00e9ral<\/strong> bien connu, et<strong> \u00c9tienne Gernelle, directeur du magazine Le Point,<\/strong> publication caract\u00e9ris\u00e9e par ses positions extr\u00eamement droiti\u00e8res et lib\u00e9rales. Pendant de longues minutes, les poncifs allant dans ce sens viendront r\u00e9pondre \u00e0 tous les arguments de Sophie Binet qui demande simplement \u00e0 <strong>mettre \u00e0 contribution les plus ais\u00e9s.<\/strong><\/p>\n<p>\u2014<em> Il faut travailler 7 h de plus par an non pas pour r\u00e9duire le d\u00e9ficit, mais pour produire plus de richesses sur le territoire fran\u00e7ais, <\/em>expose \u00c9tienne Gernelle, obs\u00e9d\u00e9 par la croissance. <em>La quantit\u00e9 de travail par habitant a baiss\u00e9 depuis 2019, parce qu\u2019on commence plus tard, on termine plus t\u00f4t et dans l\u2019ann\u00e9e, on travaille moins. [\u2026] <strong>Je ne sais pas dans quelle mesure on peut parler d\u2019aust\u00e9rit\u00e9 alors qu\u2019on a les plus fortes d\u00e9penses publiques du monde et le taux de pr\u00e9l\u00e8vement obligatoire le plus \u00e9lev\u00e9 du monde<\/strong><\/em> (ndlr\u00a0: un propos malhonn\u00eate <a target=\"_blank\" href=\"https:\/\/mrmondialisation.org\/non-france-pas-championne-impots\/\">largement d\u00e9bunk\u00e9).<\/a><\/p>\n<p><iframe loading=\"lazy\" title=\"\ud83e\udd8f DUHAMEL\/SAINT-CRICQ : UNE DYNASTIE \u00c0 LA BOTTE DU POUVOIR\" width=\"1110\" height=\"624\" src=\"https:\/\/www.youtube.com\/embed\/whkfczDMyVs?feature=oembed\" frameborder=\"0\" allow=\"accelerometer; autoplay; clipboard-write; encrypted-media; gyroscope; picture-in-picture; web-share\" referrerpolicy=\"strict-origin-when-cross-origin\" allowfullscreen><\/iframe><\/p>\n<p>On assistera ensuite \u00e0 <strong>une autre diatribe sur les retraites\u00a0:<\/strong><\/p>\n<p>\u2014 <em>La France vit sur une autre plan\u00e8te que les autres. Sur les retraites, aucun socialiste d\u2019Europe ne proposerait ce que proposent le centre et la droite en France. En Espagne, ce sont des socialistes au pouvoir\u00a0: 67 ans.<\/em> (ndlr\u00a0: il ne pr\u00e9cisera en outre jamais \u00e0 quel point le syst\u00e8me espagnol est diff\u00e9rent et en <a target=\"_blank\" href=\"https:\/\/www.liberation.fr\/international\/europe\/reforme-des-retraites-le-systeme-espagnol-un-exemple-defaillant-20230114_MPJDFXE2XFDETANO4XOBRXUFB4\/\">grande difficult\u00e9<\/a>)<\/p>\n<p>Apr\u00e8s cette accumulation de platitudes, Sophie Binet quitte la table en compagnie des deux \u00e9ditorialistes lib\u00e9raux. Arrive alors <strong>Marion Mar\u00e9chal, qui contrairement \u00e0 la syndicaliste, n\u2019aura affaire qu\u2019au seul Benjamin Duhamel.<\/strong><\/p>\n<p>Apr\u00e8s 30 minutes de discours naus\u00e9abond d\u2019extr\u00eame droite, va-t-on enfin avoir une respiration politique et un peu de pluralisme\u00a0? \u00c9videmment pas. On accueille donc<strong> une seconde salari\u00e9e du Point<\/strong> (encore\u00a0!), <strong>un autre du Figaro<\/strong> (journal le plus communiste de France, si on aime l\u2019ironie\u2026) ainsi que <strong>Guillaume Kasbarian, ex-ministre macroniste<\/strong> connu pour ses <a target=\"_blank\" href=\"https:\/\/www.revolutionpermanente.fr\/Guillaume-Kasbarian-un-ultraliberal-pour-une-cure-austeritaire-de-choc-contre-les-services-publics\">positions ultralib\u00e9rales<\/a>, et pour finir la caution \u00ab\u00a0de gauche\u00a0\u00bb du plateau, le maire PS de Saint-Ouen<strong> Karim Bouamrane, figure du n\u00e9o-Hollandisme.<\/strong> Rappelons que ce dernier est devenu l\u2019une des <a target=\"_blank\" href=\"https:\/\/www.politis.fr\/articles\/2024\/10\/portrait-politique-les-grandes-ambitions-de-karim-bouamrane-maire-saint-ouen\/\">coqueluches des m\u00e9dias<\/a> pour sa facult\u00e9 \u00e0 constamment attaquer le Nouveau Front Populaire et la France Insoumise.<\/p>\n<p>Sur les dix personnes qui se seront succ\u00e9d\u00e9es sur ce plateau, il n\u2019y aura eu que la seule Sophie Binet pour d\u00e9fendre de v\u00e9ritables id\u00e9es de gauche ; et pour \u00eatre honn\u00eate, sans grand succ\u00e8s. Le pluralisme, encore et toujours. <strong>Vais-je m\u2019infliger dix minutes suppl\u00e9mentaires de ce calvaire \u00e0 sens unique ? Non, certainement pas. Bonne nuit.<\/strong><\/p>\n<h2><strong>Vendredi 24 janvier 2025<\/strong><\/h2>\n<h2><strong>7h40 : LCI (6\/9) \u2013 Pi\u00e9tinons la gauche<\/strong><\/h2>\n<p>Sur la matinale de LCI, j\u2019entame mon dernier jour de supplice comme j\u2019avais d\u00e9marr\u00e9 mon premier : sur une s\u00e9ance de g\u00e9n\u00e9reuses critiques envers la France Insoumise. Pour mener l\u2019office \u00e0 bien, <strong>la cha\u00eene met \u00e0 contribution l\u2019un des plus farouches d\u00e9tracteurs du mouvement de gauche : Nicolas Domenach.<\/strong> Rappelons que cet individu, id\u00e9ologiquement proche du Hollandisme, s\u2019\u00e9vertue chaque instant \u00e0 tirer \u00e0 vue sur le parti de Jean-Luc M\u00e9lenchon.<\/p>\n<p>Dans cette s\u00e9quence intitul\u00e9e \u00ab\u00a0l\u2019\u0153il de Nicolas\u00a0\u00bb et titr\u00e9e \u00ab\u00a0Rima Hassan, le vote de la honte\u00a0\u00bb, l\u2019\u00e9ditorialiste va pouvoir s\u2019en donner \u00e0 c\u0153ur joie. D\u2019entr\u00e9e, le pr\u00e9sentateur commence par raconter n\u2019importe quoi dans son lancement (on sent \u00e0 quel point il a travaill\u00e9 le sujet)\u00a0:<\/p>\n<p>\u2014<em> Elle a vot\u00e9 au parlement europ\u00e9en une proposition qui s\u2019oppose \u00e0 la lib\u00e9ration du franco-alg\u00e9rien Boualem Sansal, d\u00e9tenu en alg\u00e9rien et soup\u00e7onn\u00e9 d\u2019intelligence par le pouvoir.<\/em><\/p>\n<p><iframe loading=\"lazy\" title=\"\u00ab Comment d\u00e9tester M\u00e9lenchon \u00bb, par quelques m\u00e9diacrates\" width=\"1110\" height=\"833\" src=\"https:\/\/www.youtube.com\/embed\/YxSvnCdgbHU?feature=oembed\" frameborder=\"0\" allow=\"accelerometer; autoplay; clipboard-write; encrypted-media; gyroscope; picture-in-picture; web-share\" referrerpolicy=\"strict-origin-when-cross-origin\" allowfullscreen><\/iframe><\/p>\n<p>Dans la r\u00e9alit\u00e9, il ne s\u2019agit pas d\u2019un texte qui se dresse contre la relaxe de l\u2019\u00e9crivain, mais d\u2019une r\u00e9solution plus globale, co-pr\u00e9sent\u00e9e par Marion Mar\u00e9chal (qu\u2019elle n\u2019a en d\u00e9finitive m\u00eame pas vot\u00e9e, pr\u00e9f\u00e9rant aller assister \u00e0 l\u2019investiture de Donald Trump). En plus de r\u00e9clamer la lib\u00e9ration du pol\u00e9miste, <strong>celle-ci menace en particulier l\u2019Alg\u00e9rie de ne pas renouveler ses accords d\u2019associations avec le vieux continent.<\/strong> Raison pour laquelle Rima Hassan s\u2019est oppos\u00e9 \u00e0 ce texte, notamment pour ne pas cr\u00e9er une escalade diplomatique entre les deux institutions.<\/p>\n<p>\u2014<em> Elle a vot\u00e9 contre,<\/em> reprend Nicolas Domenach, pour essayer de remettre son pr\u00e9sentateur sur les rails.<em> C\u2019est hallucinant, cet \u00e9crivain franco-alg\u00e9rien est d\u00e9tenu depuis plus de 70 jours de mani\u00e8re totale arbitraire. Les autorit\u00e9s fran\u00e7aises ne parviennent pas \u00e0 obtenir sa lib\u00e9ration. [\u2026] Au parlement europ\u00e9en, on aurait pu penser que tous les parlementaires se seraient prononc\u00e9s en ce sens. Or, qu\u2019est ce que l\u2019on voit\u00a0? 24 voix contre, dont Rima Hassan et deux autres d\u00e9put\u00e9s insoumis et absentions 48 dont Manon Aubry. Alors abstention comme contre, c\u2019est hallucinant. Imaginez quelqu\u2019un qui se noie, bah vous vous abstenez, vous jetez pas une bou\u00e9e.<\/em><\/p>\n<p>\u2014 <em>\u00c7a veut dire quoi, que les insoumis soutiennent l\u2019Alg\u00e9rie pour des raisons politiques\u00a0?<\/em> relance le pr\u00e9sentateur<\/p>\n<p>\u2014 <em>Ah bah c\u2019est toujours la ligne strat\u00e9gique recommand\u00e9e par le grand timonier Jean-Luc M\u00e9lenchon. On abandonne l\u2019\u00e9lectorat populaire qui est capt\u00e9 par le Rassemblement National et on se focalise sur le vote communautaire, on pr\u00e9suppose que pour les arabes, n\u00e9 de deuxi\u00e8me ou troisi\u00e8me g\u00e9n\u00e9ration, le conflit palestinien est d\u00e9terminant, d\u2019o\u00f9 la pr\u00e9sence de madame Rima Hassan en num\u00e9ro 7 sur la liste europ\u00e9enne.<\/em><\/p>\n<p>Rappelons que \u00ab\u00a0grand timonier\u00a0\u00bb \u00e9tait le surnom du dictateur chinois Mao Zedong, tout est dans la finesse. <strong>Pas un mot sur le fond de l\u2019affaire qu\u2019il \u00e9tait cens\u00e9 commenter au d\u00e9part.<\/strong> L\u2019\u00e9ditorialiste se concentre volontairement sur Rima Hassan, n\u2019\u00e9voquant pas une seconde les autres opposants \u00e0 cette mesure. Il n\u2019offrira pas non plus le moindre \u00e9cho <strong>aux justifications <a target=\"_blank\" href=\"https:\/\/threadreaderapp.com\/thread\/1882484006077558933.html\">donn\u00e9es par la d\u00e9put\u00e9e elle-m\u00eame<\/a>.<\/strong><\/p>\n<p>Il d\u00e9rivera plut\u00f4t longuement sur la Palestine, sujet qui n\u2019a absolument rien \u00e0 voir, mais qui d\u00e9montre bien <strong>\u00e0 quel point l\u2019actualit\u00e9 n\u2019\u00e9tait au fond qu\u2019un pr\u00e9texte.<\/strong> Le racisme du commentateur est d\u2019ailleurs \u00e0 peine masqu\u00e9 quand il exclut \u00ab les Arabes \u00bb de l\u2019\u00e9lectorat populaire, comme s\u2019il s\u2019agissait d\u2019une cat\u00e9gorie \u00e0 part de la population.<\/p>\n<h2><strong>15 h 30 : BFM,\u00a0 CNEWS,\u00a0 LCI, France info \u2013 L\u2019extr\u00eame droite en roue libre<\/strong><\/h2>\n<p>Les quatre cha\u00eenes d\u2019informations en continu sont sur le pied de guerre\u00a0: <strong>Bruno Retailleau, ministre de l\u2019Int\u00e9rieur, connu pour ses positions proches de l\u2019extr\u00eame droite, donne une conf\u00e9rence de presse.<\/strong> Pendant pr\u00e8s de 35 minutes, les quatre canaux (vive le pluralisme) diffuseront une diatribe anti-immigration.<\/p>\n<h2><strong>21 h 10 : CNEWS (100 % politique) \u2013 Sus \u00e0 l\u2019immigration<\/strong><\/h2>\n<p>Pour finir mon exp\u00e9rience, j\u2019atterris sur CNEWS o\u00f9 <strong>un \u00e9ni\u00e8me talk-show nous plonge dans une diatribe d\u2019extr\u00eame droite pendant plus de 2 h.<\/strong> Avec des invit\u00e9s comme Geoffroy Lejeune (Valeurs actuelles) ou l\u2019avocate Sarah Saldmann, <a target=\"_blank\" href=\"https:\/\/www.leparisien.fr\/culture-loisirs\/tv\/qui-est-sarah-saldmann-la-mediatique-avocate-qui-multiplie-coups-de-gueule-et-coups-declat-24-05-2023-NTGQ7EVSXVFE7PRBBV4TUKLKX4.php\">incarnation m\u00eame de la bourgeoisie r\u00e9actionnaire<\/a>, l\u2019\u00e9mission risque d\u2019\u00eatre tr\u00e8s longue.<\/p>\n<p>Et je ne suis pas d\u00e9\u00e7u, les th\u00e9matiques s\u2019empilent <em>ad nauseam.<\/em> <strong>Glorification de Bruno Retailleau et sa \u00ab m\u00e9thode Trump \u00bb, immigration, charges r\u00e9p\u00e9t\u00e9es contre la gauche, islamisme, immigration, Alg\u00e9rie, immigration, wokisme, immigration\u2026<\/strong><\/p>\n<p><iframe loading=\"lazy\" title=\"Enqu\u00eate sur CNews, \u00ab matrice du projet d&#039;extr\u00eame droite de Bollor\u00e9 \u00bb\" width=\"1110\" height=\"624\" src=\"https:\/\/www.youtube.com\/embed\/Hr-whpEhz1w?feature=oembed\" frameborder=\"0\" allow=\"accelerometer; autoplay; clipboard-write; encrypted-media; gyroscope; picture-in-picture; web-share\" referrerpolicy=\"strict-origin-when-cross-origin\" allowfullscreen><\/iframe><\/p>\n<p>\u00a0<\/p>\n<h2><strong>Bilan\u00a0: un paysage tr\u00e8s sombre<\/strong><\/h2>\n<p>Je sors de cette semaine de visionnage \u00e9puis\u00e9 mentalement. L\u2019exp\u00e9rience me rappelle le documentaire de Morgan Spurlock. <strong>Ce dernier s\u2019\u00e9tait film\u00e9 pendant un mois \u00e0 manger tous les jours \u00e0 McDonald\u2019s jusqu\u2019\u00e0 en devenir malade.<\/strong> L\u2019information \u00e0 la t\u00e9l\u00e9vision, c\u2019est un peu un principe similaire.<\/p>\n<p>Notre cerveau est comme <b>anesth\u00e9si\u00e9, t\u00e9tanis\u00e9 par un flot de nouvelles anxiog\u00e8nes et surtout par un matraquage politique constant feignant la neutralit\u00e9 avec une malhonn\u00eatet\u00e9 difficile \u00e0 supporter.<\/b><\/p>\n<p><iframe loading=\"lazy\" title=\"&quot;LE JOURNALISME NEUTRE N&#039;EXISTE PAS&quot;, AVEC CL\u00c9MENT VIKTOROVITCH\" width=\"1110\" height=\"624\" src=\"https:\/\/www.youtube.com\/embed\/_8NB-vuuBaQ?feature=oembed\" frameborder=\"0\" allow=\"accelerometer; autoplay; clipboard-write; encrypted-media; gyroscope; picture-in-picture; web-share\" referrerpolicy=\"strict-origin-when-cross-origin\" allowfullscreen><\/iframe><\/p>\n<p>Toujours dans la m\u00eame direction. L\u2019orientation est presque orwellienne o\u00f9 on arrive \u00e0 nous pousser <strong>\u00e0 aimer le d\u00e9testable, et \u00e0 nous faire ha\u00efr ce qui devrait \u00eatre souhaitable.<\/strong> CNEWS est bien s\u00fbr la quintessence de ce processus, tant ce m\u00e9dia transpire les m\u00eames obsessions ressass\u00e9es jusqu\u2019au d\u00e9go\u00fbt.<\/p>\n<p>Et le pire, c\u2019est que les cha\u00eenes sp\u00e9cialis\u00e9es ne sont pas les seules \u00e0 transmettre ces messages insidieux. <strong>L\u2019\u00e9poque a \u00e9galement popularis\u00e9 le divertissement combin\u00e9 \u00e0 l\u2019information, sur le mod\u00e8le des matinales.<\/strong> Comment questionner des \u00e9missions o\u00f9 la rigolade et la sympathie des intervenants sont constamment mises en avant\u00a0?<\/p>\n<p>Des programmes comme <strong>Quotidien, dont le c\u00f4t\u00e9 faussement subversif masque \u00e0 peine sa nature lib\u00e9rale,<\/strong> en sont le parfait exemple. Pouss\u00e9 jusqu\u2019\u00e0 la caricature et tellement grossier qu\u2019il ne trompe plus personne sur ses attentions, Cyril Hanouna exerce dans le m\u00eame filon, avec un franc penchant pour l\u2019extr\u00eame droite.<\/p>\n<p>Mais l\u2019on pourrait aussi citer d\u2019autres productions, comme <strong>\u00ab\u00a0Quelle \u00e9poque\u00a0\u00bb anim\u00e9 par L\u00e9a Salam\u00e9<\/strong> et tout un plateau de d\u00e9fenseurs de la grande bourgeoisie. Pire encore, d\u2019autres, notamment de t\u00e9l\u00e9-r\u00e9alit\u00e9, \u00e9rigent en v\u00e9ritable religion, <strong>la comp\u00e9tition, l\u2019anti-intellectualisme, le superficiel, l\u2019argent et la \u00ab r\u00e9ussite \u00bb entrepreneuriale.<\/strong><\/p>\n<p>Je n\u2019oublierai enfin pas d\u2019\u00e9voquer <strong>la publicit\u00e9, qui m\u00e9riterait un article \u00e0 elle seule, tant elle est omnipr\u00e9sente sur la petite lucarne.<\/strong> Des probl\u00e9matiques qui \u00e9taient d\u00e9j\u00e0 abord\u00e9es par le sociologue Pierre Bourdieu dans son livre \u00ab sur la t\u00e9l\u00e9vision \u00bb, il y a pr\u00e8s de trente ans.<\/p>\n<p><iframe loading=\"lazy\" title=\"Pierre Bourdieu. Sur la t\u00e9l\u00e9vision\" width=\"1110\" height=\"833\" src=\"https:\/\/www.youtube.com\/embed\/vcc6AEpjdcY?feature=oembed\" frameborder=\"0\" allow=\"accelerometer; autoplay; clipboard-write; encrypted-media; gyroscope; picture-in-picture; web-share\" referrerpolicy=\"strict-origin-when-cross-origin\" allowfullscreen><\/iframe><\/p>\n<h2><strong>Et maintenant, que faire\u00a0?<\/strong><\/h2>\n<p>\u00c0 la lumi\u00e8re de toutes ces consid\u00e9rations, on pourrait facilement sombrer dans la d\u00e9prime. Songer que l\u2019on affronte <strong>un monstre aux moyens colossaux<\/strong> et qu\u2019on ne pourra jamais lui r\u00e9sister. Et il faut bien avouer qu\u2019apr\u00e8s une semaine devant le poste, on a simplement envie de se dire<strong> les id\u00e9aux alternatifs \u00e0 un mod\u00e8le capitaliste d\u00e9vorant (humains et plan\u00e8te) n\u2019auront jamais leur place \u00e0 grande \u00e9chelle\u2026<\/strong> Et pourtant, m\u00eame si la majorit\u00e9 des Fran\u00e7ais leur font encore confiance, la remise en question des m\u00e9dias de masse par l\u2019audience grandit de plus en plus. <strong>Selon un sondage, <a target=\"_blank\" href=\"https:\/\/www.radiofrance.fr\/franceinter\/de-plus-en-plus-de-francais-estiment-qu-il-faut-se-mefier-de-ce-que-disent-les-medias-6527381\">57 % d\u2019entre eux s\u2019en m\u00e9fient.<\/a><\/strong><\/p>\n<p>Rappelons ensuite que tout n\u2019est pas \u00e0 jeter \u00e0 la t\u00e9l\u00e9vision, <strong>il y existe aussi bon nombre de documentaires et de programmes<\/strong> capables d\u2019apporter r\u00e9ellement quelque chose de constructif et de positif. C\u2019est le cas sur <strong>la c\u00e9l\u00e8bre cha\u00eene franco-allemande Arte,<\/strong> mais pas uniquement. En ce sens, d\u00e9velopper notre esprit critique pour savoir les rep\u00e9rer appara\u00eet comme crucial.<\/p>\n<p><iframe loading=\"lazy\" title=\"Une esp\u00e8ce \u00e0 part (int\u00e9grale) | ARTE\" width=\"1110\" height=\"624\" src=\"https:\/\/www.youtube.com\/embed\/stCxLxBMjYA?feature=oembed\" frameborder=\"0\" allow=\"accelerometer; autoplay; clipboard-write; encrypted-media; gyroscope; picture-in-picture; web-share\" referrerpolicy=\"strict-origin-when-cross-origin\" allowfullscreen><\/iframe><\/p>\n<p>En outre subsistent de nombreuses solutions pour r\u00e9sister au drame qui s\u2019\u00e9crit devant nous. La plus \u00e9vidente d\u2019entre elles consisterait bien s\u00fbr \u00e0 lutter contre<strong> la concentration des m\u00e9dias aux mains des milliardaires,<\/strong> par la loi. Car c\u2019est bien ce facteur qui permet une telle situation. Une gestion plus d\u00e9mocratique de l\u2019audiovisuel public para\u00eet indispensable.<\/p>\n<p>Mais en attendant ce bouleversement qui ne sera pas ais\u00e9 \u00e0 obtenir, il est possible de pousser dans la bonne direction de mani\u00e8re plus individuelle. M\u00eame si les milliardaires accaparent de plus en plus la toile, en particulier sur les r\u00e9seaux sociaux, il persiste <strong>des \u00eelots de r\u00e9sistance, \u00e0 travers les m\u00e9dias ind\u00e9pendants dont la ligne \u00e9ditoriale comme le mod\u00e8le \u00e9conomique sont transparents.<\/strong> La premi\u00e8re chose \u00e0 faire consiste d\u2019abord \u00e0 les soutenir, pour les faire grossir et augmenter leur influence (n\u2019h\u00e9sitez pas par exemple \u00e0 <a target=\"_blank\" href=\"https:\/\/mrmondialisation.org\/donation\/\">aider Mr Mondialisation<\/a>, on a besoin de vous).<\/p>\n<p>Il existe enfin <strong>une <a target=\"_blank\" href=\"https:\/\/mrmondialisation.org\/chaines-alternatives-sinformer-plus-serieusement\/\">multitude de cha\u00eenes<\/a> YouTube fournissant une information de qualit\u00e9 et alternative,<\/strong> avec une mention sp\u00e9ciale pour <a target=\"_blank\" href=\"https:\/\/www.youtube.com\/@ActuRefractaire\">\u00ab\u00a0l\u2019actu r\u00e9fractaire\u00a0\u00bb<\/a> qui offre un JT concis et de bonne facture chaque jour de la semaine. Id\u00e9al pour se tenir un minimum au courant lorsque l\u2019on dispose de peu de temps.<\/p>\n<p>M\u00eame si le paysage m\u00e9diatique dans son ensemble para\u00eet tr\u00e8s sombre et que les dirigeants politiques qui en d\u00e9coulent ne laissent pas entrevoir un avenir radieux, il convient malgr\u00e9 tout de continuer \u00e0 r\u00e9sister face \u00e0 l\u2019obstacle, anim\u00e9 par l\u2019espoir, aussi mince soit-il. Car, comme le disait Victor Hugo,<strong> \u00ab <em>si noire que soit la nuit, jamais la lumi\u00e8re ne s\u2019\u00e9teint, et si petite que soit la braise, c\u2019est elle qui remet le feu \u00e0 la plaine<\/em>\u00a0\u00bb.<\/strong><\/p>\n<p style=\"text-align: right;\"><em>\u2013 Simon Verdi\u00e8re<\/em><\/p>\n<hr\/>\n<p>Image d\u2019en t\u00eate : https:\/\/www.flickr.com\/photos\/151989841@N02\/45351295525\/<\/p>\n<div class=\"td-a-rec td-a-rec-id-content_bottom  tdi_2 td_block_template_1\">\n<span class=\"td-adspot-title\">&#8211; Cet article gratuit et ind\u00e9pendant existe gr\u00e2ce \u00e0 vous &#8211;<\/span><\/p>\n<div class=\"td-all-devices\">\n    <a target=\"_blank\" href=\"https:\/\/mrmondialisation.org\/donation\/\" title=\"Faire_un_don\"><img decoding=\"async\" class=\"donationArticle\" src=\"https:\/\/mrmondialisation.org\/wp-content\/uploads\/2022\/12\/220405-flikalicious-final.jpg\" alt=\"Donation\"\/><\/a>\n<\/div>\n<\/div><\/div>\n<p><script async src=\"\/\/platform.twitter.com\/widgets.js\" charset=\"utf-8\"><\/script><br \/>\n<br \/><br \/>\n<br \/><a href=\"https:\/\/mrmondialisation.org\/semaine-television-information-tv-enfer\/\" target=\"_blank\"\">Source link <\/a><\/p>\n","protected":false},"excerpt":{"rendered":"<p>Chaque altermondialiste s\u2019est un jour demand\u00e9 comment ses id\u00e9es pouvaient ne pas rencontrer plus d\u2019\u00e9cho parmi la population. Pourquoi des figures qui proposent des avanc\u00e9es sociales, d\u00e9mocratiques et \u00e9cologistes ne&hellip; <\/p>\n","protected":false},"author":1,"featured_media":2481,"comment_status":"open","ping_status":"open","sticky":false,"template":"","format":"standard","meta":{"footnotes":""},"categories":[1],"tags":[],"class_list":["post-2480","post","type-post","status-publish","format-standard","has-post-thumbnail","hentry","category-non-classe"],"_links":{"self":[{"href":"https:\/\/monde25.info\/index.php\/wp-json\/wp\/v2\/posts\/2480","targetHints":{"allow":["GET"]}}],"collection":[{"href":"https:\/\/monde25.info\/index.php\/wp-json\/wp\/v2\/posts"}],"about":[{"href":"https:\/\/monde25.info\/index.php\/wp-json\/wp\/v2\/types\/post"}],"author":[{"embeddable":true,"href":"https:\/\/monde25.info\/index.php\/wp-json\/wp\/v2\/users\/1"}],"replies":[{"embeddable":true,"href":"https:\/\/monde25.info\/index.php\/wp-json\/wp\/v2\/comments?post=2480"}],"version-history":[{"count":0,"href":"https:\/\/monde25.info\/index.php\/wp-json\/wp\/v2\/posts\/2480\/revisions"}],"wp:featuredmedia":[{"embeddable":true,"href":"https:\/\/monde25.info\/index.php\/wp-json\/wp\/v2\/media\/2481"}],"wp:attachment":[{"href":"https:\/\/monde25.info\/index.php\/wp-json\/wp\/v2\/media?parent=2480"}],"wp:term":[{"taxonomy":"category","embeddable":true,"href":"https:\/\/monde25.info\/index.php\/wp-json\/wp\/v2\/categories?post=2480"},{"taxonomy":"post_tag","embeddable":true,"href":"https:\/\/monde25.info\/index.php\/wp-json\/wp\/v2\/tags?post=2480"}],"curies":[{"name":"wp","href":"https:\/\/api.w.org\/{rel}","templated":true}]}}