{"id":24805,"date":"2026-03-04T09:56:41","date_gmt":"2026-03-04T08:56:41","guid":{"rendered":"https:\/\/monde25.info\/index.php\/2026\/03\/04\/reponse-a-mes-detracteurs-par-francesca-albanese-le-monde-diplomatique-mars-2026\/"},"modified":"2026-03-04T09:56:41","modified_gmt":"2026-03-04T08:56:41","slug":"reponse-a-mes-detracteurs-par-francesca-albanese-le-monde-diplomatique-mars-2026","status":"publish","type":"post","link":"https:\/\/monde25.info\/index.php\/2026\/03\/04\/reponse-a-mes-detracteurs-par-francesca-albanese-le-monde-diplomatique-mars-2026\/","title":{"rendered":"R\u00e9ponse \u00e0 mes d\u00e9tracteurs, par Francesca Albanese (Le Monde diplomatique, mars 2026)"},"content":{"rendered":"<p> <br \/>\n<\/p>\n<div>\n<p class=\"crayon article-surtitre-69365 surtitre\">Anatomie d\u2019une diffamation<\/p>\n<div class=\"crayon article-chapo-69365 chapo\">\n<p>Le ministre des affaires \u00e9trang\u00e8res fran\u00e7ais, M.\u00a0Jean-No\u00ebl Barrot, persiste, signe et s\u2019enferre\u00a0: la rapporteuse sp\u00e9ciale des Nations unies sur la situation dans les territoires palestiniens occup\u00e9s doit d\u00e9missionner\u2026 pour des propos qu\u2019elle n\u2019a pas tenus. Mme\u00a0Francesca Albanese r\u00e9pond dans nos colonnes \u00e0 la vaste campagne de d\u00e9nigrement dont elle est victime.<\/p>\n<\/div><\/div>\n<div couleurfade=\"e6eaeb\" couleurclaire=\"ddeaed\" couleurpale=\"addeea\" couleurmi=\"467885\" couleurfoncee=\"2a5f6e\" couleursombre=\"111e21\" couleurfond=\"4c5456\" couleurtexte=\"ffffff\">\n<div class=\"enapercu\">\n<figure class=\"spip_document_41841 spip_documents spip_documents_center justecol\" style=\"width:650px;\">\n<div class=\"limage\">\n<p>\t\t\t<img loading=\"lazy\" decoding=\"async\" src=\"https:\/\/www.monde-diplomatique.fr\/\/local\/cache-vignettes\/L650xH779\/img018-55-2a282.jpg?1772123904\" width=\"650\" height=\"779\" class=\"spip_logos\" alt=\"JPEG - 64.1\u00a0kio\"\/><\/p><\/div><figcaption>\n<p>Oscar Reutersva\u0308rd. \u2013 \u00ab<small class=\"fine\">\u00a0<\/small>Omo\u0308jlig figur<small class=\"fine\">\u00a0<\/small>\u00bb (Figure impossible), 1990-2002<\/p>\n<p>\u00a9 ADAGP, Paris, 2025 &#8211; Estate of Oscar Reutersv\u00e4rd\n<\/p>\n<\/figcaption><\/figure>\n<p><span class=\"mot-lettrine\"><span class=\"lettrine\">D<\/span>epuis<\/span> plus de deux ans, mon mandat fait l\u2019objet de pol\u00e9miques soigneusement orchestr\u00e9es, et d\u2019une virulence croissante. Le 8\u00a0f\u00e9vrier, une d\u00e9put\u00e9e fran\u00e7aise a attaqu\u00e9 ma personne sur la base de d\u00e9clarations tronqu\u00e9es me faisant dire qu\u2019Isra\u00ebl \u00ab<small class=\"fine\">\u00a0<\/small>est l\u2019ennemi commun de l\u2019humanit\u00e9<small class=\"fine\">\u00a0<\/small>\u00bb, alors que mon discours visait les pays qui ont arm\u00e9 Isra\u00ebl, ainsi que les m\u00e9dias et les algorithmes des r\u00e9seaux sociaux qui ont amplifi\u00e9 le discours g\u00e9nocidaire. Sans prendre soin de v\u00e9rifier la teneur exacte de mes dires ni examiner les faits, le ministre des affaires \u00e9trang\u00e8res fran\u00e7ais Jean-No\u00ebl Barrot s\u2019est aussit\u00f4t fait l\u2019\u00e9cho de ces attaques \u00e0 l\u2019\u00e9chelle internationale, condamnant comme <i>\u00ab<small class=\"fine\">\u00a0<\/small>outranciers et coupables<small class=\"fine\">\u00a0<\/small>\u00bb<\/i> des propos que je n\u2019ai jamais tenus et annon\u00e7ant que la France saisirait le Conseil des droits de l\u2019homme des Nations unies pour appeler \u00e0 ma d\u00e9mission. Ses homologues italien, allemand et tch\u00e8que lui ont embo\u00eet\u00e9 le pas, sans davantage proc\u00e9der aux v\u00e9rifications \u00e9l\u00e9mentaires qu\u2019exige leur charge. Le 19\u00a0f\u00e9vrier, le premier ministre fran\u00e7ais S\u00e9bastien Lecornu a publiquement repris la m\u00eame demande.<\/p>\n<p>Si la critique est inh\u00e9rente \u00e0 toute fonction publique, plus encore quand elle touche aux droits humains, cette affaire r\u00e9v\u00e8le un aspect troublant\u00a0: l\u2019acharnement avec lequel certains \u00c9tats pr\u00e9f\u00e8rent s\u2019en prendre \u00e0 la messag\u00e8re plut\u00f4t que d\u2019essayer de r\u00e9futer le message.<\/p>\n<p>Le caract\u00e8re in\u00e9dit et corrosif de cette attaque contre une experte ind\u00e9pendante d\u00e9sign\u00e9e par les Nations unies ne tient pas seulement \u00e0 la violence des accusations et \u00e0 la fabrication d\u00e9lib\u00e9r\u00e9e de mensonges. Mais aussi et surtout au fait que le sommet de l\u2019\u00c9tat dirige et assume la man\u0153uvre. Il ne s\u2019agit plus d\u00e8s lors d\u2019une controverse, mais du sympt\u00f4me de la faillite d\u2019un syst\u00e8me, fait de promesses solennelles et de trait\u00e9s internationaux que l\u2019on invoque en temps de paix, mais que l\u2019on enterre d\u00e8s que leur application d\u00e9range.<\/p>\n<p>Nomm\u00e9e par le Conseil des droits de l\u2019homme de\u00a0(\u2026)<\/p>\n<\/p><\/div>\n<p>Taille de l\u2019article complet\u00a0:\u00a0<span>4\u00a0169<\/span>\u00a0mots.<\/p>\n<div class=\"promo_dispo_article\">\n<h2 class=\"avantbloc\">\n\tCet article est r\u00e9serv\u00e9 aux\u00a0abonn\u00e9s<\/p>\n<\/h2>\n<div class=\"abo_inst\">\n\t<strong>Lyc\u00e9es, biblioth\u00e8ques, administrations, entreprises,<\/strong><br \/>\n\tacc\u00e9dez \u00e0 la base de donn\u00e9es en ligne de tous les articles du <i>Monde diplomatique<\/i> de 1954 \u00e0 nos\u00a0jours.<br \/>\n\t<a target=\"_blank\" id=\"pw-institutions\" class=\"suivi\" href=\"https:\/\/www.monde-diplomatique.fr\/archives\/institutions\">Retrouvez cette\u00a0offre sp\u00e9cifique<\/a>.\n<\/div>\n<\/div><\/div>\n<p><br \/>\n<br \/><a href=\"https:\/\/www.monde-diplomatique.fr\/2026\/03\/ALBANESE\/69365\" target=\"_blank\"\">Source link <\/a><\/p>\n","protected":false},"excerpt":{"rendered":"<p>Anatomie d\u2019une diffamation Le ministre des affaires \u00e9trang\u00e8res fran\u00e7ais, M.\u00a0Jean-No\u00ebl Barrot, persiste, signe et s\u2019enferre\u00a0: la rapporteuse sp\u00e9ciale des Nations unies sur la situation dans les territoires palestiniens occup\u00e9s doit&hellip; <\/p>\n","protected":false},"author":1,"featured_media":24806,"comment_status":"open","ping_status":"open","sticky":false,"template":"","format":"standard","meta":{"footnotes":""},"categories":[1],"tags":[],"class_list":["post-24805","post","type-post","status-publish","format-standard","has-post-thumbnail","hentry","category-non-classe"],"_links":{"self":[{"href":"https:\/\/monde25.info\/index.php\/wp-json\/wp\/v2\/posts\/24805","targetHints":{"allow":["GET"]}}],"collection":[{"href":"https:\/\/monde25.info\/index.php\/wp-json\/wp\/v2\/posts"}],"about":[{"href":"https:\/\/monde25.info\/index.php\/wp-json\/wp\/v2\/types\/post"}],"author":[{"embeddable":true,"href":"https:\/\/monde25.info\/index.php\/wp-json\/wp\/v2\/users\/1"}],"replies":[{"embeddable":true,"href":"https:\/\/monde25.info\/index.php\/wp-json\/wp\/v2\/comments?post=24805"}],"version-history":[{"count":0,"href":"https:\/\/monde25.info\/index.php\/wp-json\/wp\/v2\/posts\/24805\/revisions"}],"wp:featuredmedia":[{"embeddable":true,"href":"https:\/\/monde25.info\/index.php\/wp-json\/wp\/v2\/media\/24806"}],"wp:attachment":[{"href":"https:\/\/monde25.info\/index.php\/wp-json\/wp\/v2\/media?parent=24805"}],"wp:term":[{"taxonomy":"category","embeddable":true,"href":"https:\/\/monde25.info\/index.php\/wp-json\/wp\/v2\/categories?post=24805"},{"taxonomy":"post_tag","embeddable":true,"href":"https:\/\/monde25.info\/index.php\/wp-json\/wp\/v2\/tags?post=24805"}],"curies":[{"name":"wp","href":"https:\/\/api.w.org\/{rel}","templated":true}]}}