{"id":24812,"date":"2026-03-04T14:55:55","date_gmt":"2026-03-04T13:55:55","guid":{"rendered":"https:\/\/monde25.info\/index.php\/2026\/03\/04\/fevrier-2026-est-le-mois-de-fevrier-le-plus-pluvieux-depuis-67-ans-et-le-2e-plus-chaud\/"},"modified":"2026-03-04T14:55:55","modified_gmt":"2026-03-04T13:55:55","slug":"fevrier-2026-est-le-mois-de-fevrier-le-plus-pluvieux-depuis-67-ans-et-le-2e-plus-chaud","status":"publish","type":"post","link":"https:\/\/monde25.info\/index.php\/2026\/03\/04\/fevrier-2026-est-le-mois-de-fevrier-le-plus-pluvieux-depuis-67-ans-et-le-2e-plus-chaud\/","title":{"rendered":"F\u00e9vrier 2026 est le mois de f\u00e9vrier le plus pluvieux depuis 67 ans&#8230; et le 2e plus chaud"},"content":{"rendered":"<p> <br \/>\n<br \/><img loading=\"lazy\" decoding=\"async\" src=\"https:\/\/reporterre.net\/local\/cache-vignettes\/L700xH467\/27154815800_7b48996cce_o_resized-01228.jpg?1772632568\" class=\"spip_logo\" width=\"700\" height=\"467\" alt=\"\" \/><\/p>\n<p>Les deux\u00a0statistiques peuvent sembler contradictoire, et pourtant. F\u00e9vrier 2026 s&rsquo;est \u00e0 la fois hiss\u00e9 au deuxi\u00e8me rang des mois de f\u00e9vrier les plus chauds depuis 1900 \u2014 avec une temp\u00e9rature moyenne 3,5\u00a0\u00b0C sup\u00e9rieure \u00e0 la normale \u00e9tablie entre 1991 et 2020, mais a aussi \u00e9t\u00e9 le plus pluvieux qu&rsquo;ait connu la France depuis 67\u00a0ans. Une pluviom\u00e9trie \u00ab<small class=\"fine d-inline\">\u00a0<\/small>exceptionnelle, voire localement historique<small class=\"fine d-inline\">\u00a0<\/small>\u00bb, assure M\u00e9t\u00e9o France, le 4\u00a0mars. <br class=\"autobr\" \/><br \/>\nCertaines villes n&rsquo;avaient d&rsquo;ailleurs jamais connu de telles\u00a0(\u2026)<\/p>\n<p>                    <a target=\"_blank\" href=\"https:\/\/reporterre.net\/Fevrier-2026-est-le-mois-de-fevrier-le-plus-pluvieux-depuis-67-ans-et-le-2e-plus-chaud?utm_source=RSS&amp;utm_medium=RSS\">Lire la suite<\/a><\/p>\n<p>                    &#8211;<br \/>\n                        <a target=\"_blank\" href=\"https:\/\/reporterre.net\/Breves-20\" rel=\"directory\">En bref<\/a><\/p>\n<p>                    \/<br \/>\n                        <a target=\"_blank\" href=\"https:\/\/reporterre.net\/Climat-18\" rel=\"tag\">Climat <\/a><br \/>\n<br \/><br \/>\n<br \/><a href=\"https:\/\/reporterre.net\/Fevrier-2026-est-le-mois-de-fevrier-le-plus-pluvieux-depuis-67-ans-et-le-2e-plus-chaud\" target=\"_blank\"\">Source link <\/a><\/p>\n","protected":false},"excerpt":{"rendered":"<p>Les deux\u00a0statistiques peuvent sembler contradictoire, et pourtant. F\u00e9vrier 2026 s&rsquo;est \u00e0 la fois hiss\u00e9 au deuxi\u00e8me rang des mois de f\u00e9vrier les plus chauds depuis 1900 \u2014 avec une temp\u00e9rature&hellip; <\/p>\n","protected":false},"author":1,"featured_media":0,"comment_status":"open","ping_status":"open","sticky":false,"template":"","format":"standard","meta":{"footnotes":""},"categories":[1],"tags":[],"class_list":["post-24812","post","type-post","status-publish","format-standard","hentry","category-non-classe"],"_links":{"self":[{"href":"https:\/\/monde25.info\/index.php\/wp-json\/wp\/v2\/posts\/24812","targetHints":{"allow":["GET"]}}],"collection":[{"href":"https:\/\/monde25.info\/index.php\/wp-json\/wp\/v2\/posts"}],"about":[{"href":"https:\/\/monde25.info\/index.php\/wp-json\/wp\/v2\/types\/post"}],"author":[{"embeddable":true,"href":"https:\/\/monde25.info\/index.php\/wp-json\/wp\/v2\/users\/1"}],"replies":[{"embeddable":true,"href":"https:\/\/monde25.info\/index.php\/wp-json\/wp\/v2\/comments?post=24812"}],"version-history":[{"count":0,"href":"https:\/\/monde25.info\/index.php\/wp-json\/wp\/v2\/posts\/24812\/revisions"}],"wp:attachment":[{"href":"https:\/\/monde25.info\/index.php\/wp-json\/wp\/v2\/media?parent=24812"}],"wp:term":[{"taxonomy":"category","embeddable":true,"href":"https:\/\/monde25.info\/index.php\/wp-json\/wp\/v2\/categories?post=24812"},{"taxonomy":"post_tag","embeddable":true,"href":"https:\/\/monde25.info\/index.php\/wp-json\/wp\/v2\/tags?post=24812"}],"curies":[{"name":"wp","href":"https:\/\/api.w.org\/{rel}","templated":true}]}}