{"id":24815,"date":"2026-03-04T16:34:37","date_gmt":"2026-03-04T15:34:37","guid":{"rendered":"https:\/\/monde25.info\/index.php\/2026\/03\/04\/macron-a-sorti-son-petit-soldat-de-plomb-pour-se-prendre-pour-un-grand-chef-de-guerre-rt-en-francais\/"},"modified":"2026-03-04T16:34:37","modified_gmt":"2026-03-04T15:34:37","slug":"macron-a-sorti-son-petit-soldat-de-plomb-pour-se-prendre-pour-un-grand-chef-de-guerre-rt-en-francais","status":"publish","type":"post","link":"https:\/\/monde25.info\/index.php\/2026\/03\/04\/macron-a-sorti-son-petit-soldat-de-plomb-pour-se-prendre-pour-un-grand-chef-de-guerre-rt-en-francais\/","title":{"rendered":"\u00abMacron a sorti son petit soldat de plomb pour se prendre pour un grand chef de guerre\u00bb \u2014 RT en fran\u00e7ais"},"content":{"rendered":"<p> <br \/>\n<br \/><img decoding=\"async\" src=\"https:\/\/mf.b37mrtl.ru\/french\/images\/2026.03\/thumbnail\/69a8324987f3ec5a700afe30.jpg\" \/><\/p>\n<div>\n<p class=\"text__summary\">\n                                        Lors d\u2019une allocution t\u00e9l\u00e9vis\u00e9e depuis l\u2019\u00c9lys\u00e9e consacr\u00e9e \u00e0 la guerre au Moyen-Orient, un d\u00e9tail inattendu a attir\u00e9 l\u2019attention des internautes : une petite figurine de soldat napol\u00e9onien pos\u00e9e sur le bureau d\u2019Emmanuel Macron. L\u2019objet, \u00e0 peine visible \u00e0 l\u2019\u00e9cran, a rapidement d\u00e9clench\u00e9 une vague de commentaires ironiques sur les r\u00e9seaux sociaux.\n                                    <\/p>\n<p>Depuis le palais de l\u2019\u00c9lys\u00e9e, le 3 mars, Emmanuel Macron a prononc\u00e9 une allocution t\u00e9l\u00e9vis\u00e9e consacr\u00e9e \u00e0 la guerre au Moyen-Orient. Ce n\u2019est pourtant pas le discours lui-m\u00eame qui a attir\u00e9 l\u2019attention de certains t\u00e9l\u00e9spectateurs, mais un d\u00e9tail du d\u00e9cor. Sur le bureau du pr\u00e9sident, \u00e0 c\u00f4t\u00e9 de dossiers et d\u2019objets de travail, certains internautes ont remarqu\u00e9 la pr\u00e9sence d\u2019une petite figurine repr\u00e9sentant un soldat de l\u2019\u00e9poque napol\u00e9onienne.<\/p>\n<p>L\u2019objet n\u2019appara\u00eet que bri\u00e8vement \u00e0 l\u2019image, presque perdu parmi les documents pos\u00e9s sur la table. Toutefois, quelques spectateurs attentifs ont rep\u00e9r\u00e9 la figurine, captur\u00e9 l\u2019image et l\u2019ont partag\u00e9e sur les r\u00e9seaux sociaux. Tr\u00e8s vite, ces captures d\u2019\u00e9cran ont commenc\u00e9 \u00e0 circuler, accompagn\u00e9es de commentaires sarcastiques. Ce d\u00e9tail minuscule du d\u00e9cor pr\u00e9sidentiel s\u2019est alors transform\u00e9 en sujet de discussion inattendu.<\/p>\n<p>Plusieurs internautes ont interpr\u00e9t\u00e9 la pr\u00e9sence de ce soldat miniature comme une forme <a target=\"_blank\" href=\"https:\/\/x.com\/i\/status\/2028923434114158708\" target=\"_blank\" rel=\"noopener noreferrer\">d\u2019\u00ab\u00a0une mise en sc\u00e8ne compl\u00e8tement ridicule\u00a0\u00bb<\/a>, tandis que d&rsquo;autres ont ironis\u00e9 sur l\u2019id\u00e9e que le pr\u00e9sident aurait pos\u00e9 cette figurine pour donner au d\u00e9cor un certain ton martial. Ainsi, Emmanuel Macron aurait plac\u00e9 un soldat de plomb pour se donner l\u2019allure d\u2019un \u00ab\u00a0grand chef de guerre\u00a0\u00bb.<\/p>\n<p>D\u2019autres r\u00e9actions ont pris un ton encore plus critique. Un internaute affirme par exemple que le pr\u00e9sident <a target=\"_blank\" href=\"https:\/\/x.com\/i\/status\/2029114663506452822\" target=\"_blank\" rel=\"noopener noreferrer\">\u00ab\u00a0plonge dans\u00a0un pass\u00e9 pour aller chercher ce qu\u2019il n\u2019a pas\u00a0\u00bb<\/a>, ajoutant qu&rsquo;il \u00ab\u00a0ne sait que jouer pour ce faire croire \u00e0 une importance qu\u2019il n\u2019a pas\u00a0\u00bb.<\/p>\n<p>Dans le m\u00eame esprit, plusieurs publications ont compar\u00e9 Emmanuel Macron \u00e0 Napol\u00e9on \u00e0 travers des montages humoristiques. Des images d\u00e9tourn\u00e9es ont circul\u00e9, montrant le pr\u00e9sident face \u00e0 un portrait de Napol\u00e9on ou entour\u00e9 de figurines militaires dispos\u00e9es sur une table.<\/p>\n<p>D\u2019autres internautes ont \u00e9galement tourn\u00e9 la sc\u00e8ne en d\u00e9rision en imaginant des situations fictives autour du d\u00e9cor pr\u00e9sidentiel. L\u2019une des publications les plus comment\u00e9es pr\u00e9tend ainsi montrer des \u00ab\u00a0photos exclusives prises en cam\u00e9ra cach\u00e9e, juste avant l\u2019allocution\u00a0\u00bb, o\u00f9 l\u2019on verrait Emmanuel Macron manipulant des figurines militaires sur une table.<\/p>\n<p>Au fil des heures, la petite figurine est ainsi devenue un sujet viral. Ce d\u00e9tail discret du d\u00e9cor, presque invisible \u00e0 premi\u00e8re vue, a finalement suscit\u00e9 une multitude de r\u00e9actions, allant de la simple plaisanterie aux commentaires plus sarcastiques.<\/p>\n<\/div>\n<p><br \/>\n<br \/><a href=\"https:\/\/francais.rt.com\/france\/131199-president-francais-nouveau-centre-moqueries-macron-a-sorti-soldat-de-plomb-se-prendre-chef-guerre\" target=\"_blank\"\">Source link <\/a><\/p>\n","protected":false},"excerpt":{"rendered":"<p>Lors d\u2019une allocution t\u00e9l\u00e9vis\u00e9e depuis l\u2019\u00c9lys\u00e9e consacr\u00e9e \u00e0 la guerre au Moyen-Orient, un d\u00e9tail inattendu a attir\u00e9 l\u2019attention des internautes : une petite figurine de soldat napol\u00e9onien pos\u00e9e sur le&hellip; <\/p>\n","protected":false},"author":1,"featured_media":24816,"comment_status":"open","ping_status":"open","sticky":false,"template":"","format":"standard","meta":{"footnotes":""},"categories":[1],"tags":[],"class_list":["post-24815","post","type-post","status-publish","format-standard","has-post-thumbnail","hentry","category-non-classe"],"_links":{"self":[{"href":"https:\/\/monde25.info\/index.php\/wp-json\/wp\/v2\/posts\/24815","targetHints":{"allow":["GET"]}}],"collection":[{"href":"https:\/\/monde25.info\/index.php\/wp-json\/wp\/v2\/posts"}],"about":[{"href":"https:\/\/monde25.info\/index.php\/wp-json\/wp\/v2\/types\/post"}],"author":[{"embeddable":true,"href":"https:\/\/monde25.info\/index.php\/wp-json\/wp\/v2\/users\/1"}],"replies":[{"embeddable":true,"href":"https:\/\/monde25.info\/index.php\/wp-json\/wp\/v2\/comments?post=24815"}],"version-history":[{"count":0,"href":"https:\/\/monde25.info\/index.php\/wp-json\/wp\/v2\/posts\/24815\/revisions"}],"wp:featuredmedia":[{"embeddable":true,"href":"https:\/\/monde25.info\/index.php\/wp-json\/wp\/v2\/media\/24816"}],"wp:attachment":[{"href":"https:\/\/monde25.info\/index.php\/wp-json\/wp\/v2\/media?parent=24815"}],"wp:term":[{"taxonomy":"category","embeddable":true,"href":"https:\/\/monde25.info\/index.php\/wp-json\/wp\/v2\/categories?post=24815"},{"taxonomy":"post_tag","embeddable":true,"href":"https:\/\/monde25.info\/index.php\/wp-json\/wp\/v2\/tags?post=24815"}],"curies":[{"name":"wp","href":"https:\/\/api.w.org\/{rel}","templated":true}]}}