{"id":24819,"date":"2026-03-04T18:13:59","date_gmt":"2026-03-04T17:13:59","guid":{"rendered":"https:\/\/monde25.info\/index.php\/2026\/03\/04\/chaleur-secheresses-pluies-el-nino-pourrait-revenir-en-2026\/"},"modified":"2026-03-04T18:13:59","modified_gmt":"2026-03-04T17:13:59","slug":"chaleur-secheresses-pluies-el-nino-pourrait-revenir-en-2026","status":"publish","type":"post","link":"https:\/\/monde25.info\/index.php\/2026\/03\/04\/chaleur-secheresses-pluies-el-nino-pourrait-revenir-en-2026\/","title":{"rendered":"Chaleur, s\u00e9cheresses, pluies&#8230; El\u00a0Ni\u00f1o pourrait revenir en 2026"},"content":{"rendered":"<p> <br \/>\n<br \/><img loading=\"lazy\" decoding=\"async\" src=\"https:\/\/reporterre.net\/local\/cache-vignettes\/L700xH467\/afp__20250326__37wd8we__v2__highres__topshotaustraliaenvironmentclimatereef_1_-7276d.jpg?1772642060\" class=\"spip_logo\" width=\"700\" height=\"467\" alt=\"\" \/><\/p>\n<p>Le ph\u00e9nom\u00e8ne climatique El Ni\u00f1o pourrait revenir durant l&rsquo;ann\u00e9e 2026, pr\u00e9vient l&rsquo;Organisation m\u00e9t\u00e9orologique mondiale. Cons\u00e9quences de cet \u00ab<small class=\"fine d-inline\">\u00a0<\/small>enfant terrible du Pacifique<small class=\"fine d-inline\">\u00a0<\/small>\u00bb\u00a0: les temp\u00e9ratures pourraient bondir. <br class=\"autobr\" \/> Trois ans plus tard, il pourrait bient\u00f4t \u00eatre de retour. L&rsquo;Organisation m\u00e9t\u00e9orologique mondiale (<span class=\"caps\">OMM<\/span>) a d\u00e9clar\u00e9 le 3\u00a0mars qu&rsquo;un \u00e9pisode de r\u00e9chauffement El\u00a0Ni\u00f1o \u00e9tait \u00ab<small class=\"fine d-inline\">\u00a0<\/small>possible<small class=\"fine d-inline\">\u00a0<\/small>\u00bb durant cette ann\u00e9e 2026. <br class=\"autobr\" \/><br \/>\nSurnomm\u00e9 \u00ab<small class=\"fine d-inline\">\u00a0<\/small>l&rsquo;enfant terrible du Pacifique<small class=\"fine d-inline\">\u00a0<\/small>\u00bb, ce ph\u00e9nom\u00e8ne climatique naturel\u00a0(\u2026)<\/p>\n<p>                    <a target=\"_blank\" href=\"https:\/\/reporterre.net\/Chaleur-secheresses-pluies-El-Nino-pourrait-revenir-en-2026?utm_source=RSS&amp;utm_medium=RSS\">Lire la suite<\/a><\/p>\n<p>                    &#8211;<br \/>\n                        <a target=\"_blank\" href=\"https:\/\/reporterre.net\/Autres-infos\" rel=\"directory\">Info<\/a><\/p>\n<p>                    \/<br \/>\n                        <a target=\"_blank\" href=\"https:\/\/reporterre.net\/Climat-18\" rel=\"tag\">Climat <\/a><br \/>\n<br \/><br \/>\n<br \/><a href=\"https:\/\/reporterre.net\/Chaleur-secheresses-pluies-El-Nino-pourrait-revenir-en-2026\" target=\"_blank\"\">Source link <\/a><\/p>\n","protected":false},"excerpt":{"rendered":"<p>Le ph\u00e9nom\u00e8ne climatique El Ni\u00f1o pourrait revenir durant l&rsquo;ann\u00e9e 2026, pr\u00e9vient l&rsquo;Organisation m\u00e9t\u00e9orologique mondiale. Cons\u00e9quences de cet \u00ab\u00a0enfant terrible du Pacifique\u00a0\u00bb\u00a0: les temp\u00e9ratures pourraient bondir. Trois ans plus tard, il&hellip; <\/p>\n","protected":false},"author":1,"featured_media":0,"comment_status":"open","ping_status":"open","sticky":false,"template":"","format":"standard","meta":{"footnotes":""},"categories":[1],"tags":[],"class_list":["post-24819","post","type-post","status-publish","format-standard","hentry","category-non-classe"],"_links":{"self":[{"href":"https:\/\/monde25.info\/index.php\/wp-json\/wp\/v2\/posts\/24819","targetHints":{"allow":["GET"]}}],"collection":[{"href":"https:\/\/monde25.info\/index.php\/wp-json\/wp\/v2\/posts"}],"about":[{"href":"https:\/\/monde25.info\/index.php\/wp-json\/wp\/v2\/types\/post"}],"author":[{"embeddable":true,"href":"https:\/\/monde25.info\/index.php\/wp-json\/wp\/v2\/users\/1"}],"replies":[{"embeddable":true,"href":"https:\/\/monde25.info\/index.php\/wp-json\/wp\/v2\/comments?post=24819"}],"version-history":[{"count":0,"href":"https:\/\/monde25.info\/index.php\/wp-json\/wp\/v2\/posts\/24819\/revisions"}],"wp:attachment":[{"href":"https:\/\/monde25.info\/index.php\/wp-json\/wp\/v2\/media?parent=24819"}],"wp:term":[{"taxonomy":"category","embeddable":true,"href":"https:\/\/monde25.info\/index.php\/wp-json\/wp\/v2\/categories?post=24819"},{"taxonomy":"post_tag","embeddable":true,"href":"https:\/\/monde25.info\/index.php\/wp-json\/wp\/v2\/tags?post=24819"}],"curies":[{"name":"wp","href":"https:\/\/api.w.org\/{rel}","templated":true}]}}