{"id":24820,"date":"2026-03-04T19:19:45","date_gmt":"2026-03-04T18:19:45","guid":{"rendered":"https:\/\/monde25.info\/index.php\/2026\/03\/04\/emmanuel-macron-de-nez-rouge-a-neron\/"},"modified":"2026-03-04T19:19:45","modified_gmt":"2026-03-04T18:19:45","slug":"emmanuel-macron-de-nez-rouge-a-neron","status":"publish","type":"post","link":"https:\/\/monde25.info\/index.php\/2026\/03\/04\/emmanuel-macron-de-nez-rouge-a-neron\/","title":{"rendered":"Emmanuel Macron\u00a0: de nez rouge \u00e0 N\u00e9ron ?"},"content":{"rendered":"<p> <br \/>\n<\/p>\n<div>\n<p>Tant qu\u2019il se contentait d\u2019\u00eatre l\u2019invit\u00e9 vedette permanent du \u00ab <em>d\u00eener<\/em> \u00bb (1) international o\u00f9 les puissants d\u00e9cident de l\u2019avenir du monde sans jamais demander leur avis aux peuples, Emmanuel Macron portait-il de fait le nez rouge du clown de service dans le grand cirque de la g\u00e9opolitique ?<\/p>\n<p><img decoding=\"async\" data-entity-uuid=\"9ec518b0-1b17-4fff-ac4a-385ecdcaedb6\" data-entity-type=\"file\" alt=\"image\" width=\"648\" height=\"389\" class=\"align-center lazyload\" loading=\"lazy\" src=\"https:\/\/www.francesoir.fr\/sites\/default\/files\/inline-images\/FS012026%20-%202026-03-04T184219.945.png\"\/><\/p>\n<p>Ces derniers jours, il aurait franchi un cap suppl\u00e9mentaire : <a target=\"_blank\" href=\"https:\/\/x.com\/EmmanuelMacron\/status\/2028912992507637983?s=20\">troisi\u00e8me prise de parole<\/a> en quelques jours seulement. Lundi, depuis l\u2019\u00cele Longue, il annonce l\u2019augmentation de notre arsenal nucl\u00e9aire. Hier soir, veille du mercredi (jour habituel de ces grands raouts internationaux qu\u2019il affectionne tant), il s\u2019adresse de nouveau aux Fran\u00e7ais depuis l\u2019\u00c9lys\u00e9e sur la situation en Iran\u2026 pour ne rien dire de r\u00e9ellement diff\u00e9rent, ne ratant ainsi aucune occasion de se mettre en sc\u00e8ne.<\/p>\n<p>Et le nez rouge vient de se muer en N\u00e9ron.<\/p>\n<p>En effet, la l\u00e9gende pr\u00eate \u00e0 l\u2019empereur romain du Ier si\u00e8cle apr\u00e8s J\u00e9sus-Christ, rendu compl\u00e8tement fou et d\u00e9magogue par l\u2019exercice absolu du pouvoir, accus\u00e9 d\u2019avoir fait br\u00fbler Rome pour la reconstruire \u00e0 son go\u00fbt, et, selon d\u2019autres historiens, pour ne surtout pas renoncer \u00e0 un tr\u00f4ne devenu ill\u00e9gitime. Ce n\u2019est plus une image : c\u2019est un danger mortel pour la France et pour l\u2019humanit\u00e9.<\/p>\n<p>Les <a target=\"_blank\" href=\"https:\/\/edition.francesoir.fr\/politique-france\/les-francais-face-une-crise-multidimensionnelle-en-fevrier-2026-sondage-france\">derniers sondages MIS Group pour France-Soir\/BonSens.org de f\u00e9vrier 2026<\/a> sont sans appel :<br \/>73 % des Fran\u00e7ais jugent Emmanuel Macron \u00ab <em>mauvais pr\u00e9sident <\/em>\u00bb,<br \/>58 % exigent sa d\u00e9mission (dont 41 % \u00ab <em>au plus vite <\/em>\u00bb),<br \/>78 % estiment qu\u2019il n\u2019agit pas dans l\u2019int\u00e9r\u00eat de la population,<br \/>65 % ont honte de leur pr\u00e9sident.<\/p>\n<p>Ce rejet massif est nourri par le d\u00e9classement \u00e9vident de la France sur la sc\u00e8ne internationale : influence perdue en Afrique, diplomatie r\u00e9duite au r\u00f4le de suppl\u00e9tif des aventures am\u00e9ricano-isra\u00e9liennes, \u00e9conomie exsangue et image de vassalisation. Jamais un chef d\u2019\u00c9tat de la Ve R\u00e9publique n\u2019avait \u00e9t\u00e9 rejet\u00e9 \u00e0 ce point. Les Fran\u00e7ais ne disent plus \u00ab <em>il nous ment<\/em> \u00bb. Ils disent, massivement : <strong>il n\u2019est plus l\u00e9gitime<\/strong>.<\/p>\n<p>Et lundi, depuis l\u2019\u00cele Longue, le regard qui semblait habit\u00e9 par cette \u00ab\u00a0folie\u00a0\u00bb qui ne le quitte plus, il a franchi le Rubicon :\u00ab <em>J\u2019ai d\u00e9cid\u00e9 d\u2019augmenter le nombre de t\u00eates nucl\u00e9aires de notre arsenal. Pour \u00eatre libre, il faut \u00eatre craint. [\u2026] En ma qualit\u00e9 de Pr\u00e9sident de la R\u00e9publique, je n\u2019h\u00e9siterai jamais \u00e0 prendre les d\u00e9cisions qui seraient indispensables \u00e0 la protection de nos int\u00e9r\u00eats vitaux<\/em>. \u00bb<\/p>\n<p>Phrase gla\u00e7ante.<\/p>\n<p>L\u2019homme qui mon\u00e9tise les dividendes du gaullisme sans en avoir jamais pay\u00e9 le prix se prend d\u00e9sormais pour le nouveau ma\u00eetre de l\u2019Apocalypse.<\/p>\n<p>Or, <a target=\"_blank\" href=\"https:\/\/link.springer.com\/article\/10.1186\/s13104-025-07351-8\">une \u00e9tude scientifique publi\u00e9e en juillet 2025 dans BMC Research Notes<\/a> vient de <a target=\"_blank\" href=\"ttps:\/\/www.francesoir.fr\/politique-france-societe-science-tech\/la-sante-des-dirigeants-des-etats-nucleaires-et-les\">d\u00e9montrer que, sur 51 dirigeants d\u00e9c\u00e9d\u00e9s des neuf \u00c9tats nucl\u00e9aires<\/a>, <strong>45 % pr\u00e9sentaient des pathologies graves ayant alt\u00e9r\u00e9 leur capacit\u00e9 \u00e0 gouverner<\/strong> : maladies cardiovasculaires, d\u00e9pressions s\u00e9v\u00e8res, troubles de la personnalit\u00e9, addictions, et surtout d\u00e9clin cognitif. 17 % sont morts en fonction. 38 % ont quitt\u00e9 le pouvoir pour des raisons de sant\u00e9 qui avaient d\u00e9j\u00e0 compromis leur jugement.<\/p>\n<p>Dans le m\u00eame temps, malgr\u00e9 ses engagements solennels de campagne en 2017 et 2022 (\u00ab <em>je rendrai publique sans exception et sans h\u00e9sitation toute information susceptible d\u2019avoir des cons\u00e9quences sur ma capacit\u00e9 \u00e0 diriger le pays<\/em> \u00bb),<a target=\"_blank\" href=\"https:\/\/www.francesoir.fr\/politique-france-societe-justice-sante\/macron-sous-le-scalpel-l-elysee-menace-france-soir-pour\"> Emmanuel Macron n\u2019a publi\u00e9 aucun bulletin de sant\u00e9 officiel depuis d\u00e9cembre 2020<\/a>.<\/p>\n<p>Pire : quand <a target=\"_blank\" href=\"https:\/\/www.francesoir.fr\/politique-france\/emmanuel-macron-est-il-apte-le-dr-perrochon-retrouve-il-est-somme-par-voie-d\"><em>France-Soir<\/em> a simplement exig\u00e9<\/a>, par voie d\u2019huissier, que <a target=\"_blank\" href=\"https:\/\/www.francesoir.fr\/politique-france-societe-justice-sante\/macron-sous-le-scalpel-l-elysee-menace-france-soir-pour\"><strong>Jean-Christophe Perrochon , m\u00e9decin de la pr\u00e9sidence<\/strong><\/a><strong>, honore cette promesse<\/strong>, afin de faire savoir aux Fran\u00e7ais si Emmanuel Macron \u00e9tait apte, l\u2019\u00c9lys\u00e9e a r\u00e9pondu par des menaces de poursuites judiciaires.<\/p>\n<p>Un pr\u00e9sident dont on ignore tout de l\u2019\u00e9tat physique et mental d\u00e9tient seul le code de l\u2019arme nucl\u00e9aire. N\u2019est-ce pas de la folie pure\u00a0? C\u2019est exactement pour cela que la Constitution de 1958 est devenue une aberration d\u00e9mocratique : 97 % des Fran\u00e7ais ont moins de 90 ans. Autrement dit, 97 % d\u2019entre nous subissons une Constitution que nous n\u2019avons jamais approuv\u00e9e.<\/p>\n<p>Nos politiciens majeurs, tous partis confondus et dirigeants actuels en t\u00eate, tous affirment haut et fort que la France est une d\u00e9mocratie. Et bien qu&rsquo;ils le prouvent\u00a0! Qu&rsquo;ils soumettent \u00e0 l&rsquo;approbation du peuple de France, la l\u00e9gitimit\u00e9 du texte normatif qui, directement ou indirectement, r\u00e9git la totalit\u00e9 de la vie des Fran\u00e7ais\u00a0: la Constitution du 4 octobre 1958.<\/p>\n<p>De Gaulle lui-m\u00eame, apr\u00e8s avoir dot\u00e9 la France de la bombe, n\u2019a pas os\u00e9 graver dans le marbre qu\u2019un seul homme \u2013 f\u00fbt-il le pr\u00e9sident \u2013 <strong>pouvait d\u00e9cider seul de l\u2019apocalypse sans en r\u00e9f\u00e9rer au peuple qui la subirait en retour.<\/strong><\/p>\n<p>Aujourd\u2019hui, face \u00e0 un N\u00e9ron du XXIe si\u00e8cle qui multiplie les discours grandiloquents au moment pr\u00e9cis o\u00f9 Isra\u00ebl et les \u00c9tats-Unis bombardent l\u2019Iran au pr\u00e9texte (encore une fois\u00a0?) d\u2019une \u00ab <em>menace nucl\u00e9aire<\/em> \u00bb, la question n\u2019est plus politique. Elle est existentielle.<\/p>\n<blockquote>\n<p><strong>La seule r\u00e9ponse digne d\u2019un peuple souverain est claire : r\u00e9f\u00e9rendum.<\/strong><br \/>R\u00e9f\u00e9rendum sur la Constitution de 1958.<br \/>R\u00e9f\u00e9rendum sur qui d\u00e9cide, en dernier recours, de l\u2019usage de l\u2019arme nucl\u00e9aire.<br \/>R\u00e9f\u00e9rendum sur la souverainet\u00e9 retrouv\u00e9e.<\/p>\n<\/blockquote>\n<p>Le peuple fran\u00e7ais n\u2019est pas un pion sur l\u2019\u00e9chiquier des puissants.<\/p>\n<p>Il est le souverain. Et quand le souverain se r\u00e9veille, aucun empereur, f\u00fbt-il maquill\u00e9 en Jupiter et accro au micro, ne lui r\u00e9siste.<\/p>\n<figure role=\"group\" class=\"caption caption-img align-center\">\n<img decoding=\"async\" alt=\"Image de synth\u00e8se\" data-entity-type=\"file\" data-entity-uuid=\"ad1f4bb6-af2f-4119-8f12-5453cfd3ce1b\" height=\"413\" width=\"688\" loading=\"lazy\" class=\"lazyload\" src=\"https:\/\/www.francesoir.fr\/sites\/default\/files\/inline-images\/FS012026%20-%202026-03-04T184647.722.png\"\/><figcaption><em>image d&rsquo;illustration<\/em><\/figcaption><\/figure>\n<p>(1) Un observateur averti \u00e0 la Cour me fit remarquer que le mercredi soir \u00e9tait le jour du \u00ab\u00a0d\u00eener de cons\u00a0\u00bb.<\/p>\n<p>\u00a0<\/p>\n<\/div>\n<p><script>(function(d, s, id) {  var js, fjs = d.getElementsByTagName(s)[0];  if (d.getElementById(id)) return;  js = d.createElement(s); js.id = id;  js.src = \"\/\/connect.facebook.net\/fr_FR\/sdk.js#xfbml=1&version=v2.3\";  fjs.parentNode.insertBefore(js, fjs);}(document, \"script\", \"facebook-jssdk\"));<\/script><br \/>\n<br \/><br \/>\n<br \/><a href=\"https:\/\/www.francesoir.fr\/editos\/emmanuel-macron-de-nez-rouge-neron\" target=\"_blank\"\">Source link <\/a><\/p>\n","protected":false},"excerpt":{"rendered":"<p>Tant qu\u2019il se contentait d\u2019\u00eatre l\u2019invit\u00e9 vedette permanent du \u00ab d\u00eener \u00bb (1) international o\u00f9 les puissants d\u00e9cident de l\u2019avenir du monde sans jamais demander leur avis aux peuples, Emmanuel&hellip; <\/p>\n","protected":false},"author":1,"featured_media":24821,"comment_status":"open","ping_status":"open","sticky":false,"template":"","format":"standard","meta":{"footnotes":""},"categories":[1],"tags":[],"class_list":["post-24820","post","type-post","status-publish","format-standard","has-post-thumbnail","hentry","category-non-classe"],"_links":{"self":[{"href":"https:\/\/monde25.info\/index.php\/wp-json\/wp\/v2\/posts\/24820","targetHints":{"allow":["GET"]}}],"collection":[{"href":"https:\/\/monde25.info\/index.php\/wp-json\/wp\/v2\/posts"}],"about":[{"href":"https:\/\/monde25.info\/index.php\/wp-json\/wp\/v2\/types\/post"}],"author":[{"embeddable":true,"href":"https:\/\/monde25.info\/index.php\/wp-json\/wp\/v2\/users\/1"}],"replies":[{"embeddable":true,"href":"https:\/\/monde25.info\/index.php\/wp-json\/wp\/v2\/comments?post=24820"}],"version-history":[{"count":0,"href":"https:\/\/monde25.info\/index.php\/wp-json\/wp\/v2\/posts\/24820\/revisions"}],"wp:featuredmedia":[{"embeddable":true,"href":"https:\/\/monde25.info\/index.php\/wp-json\/wp\/v2\/media\/24821"}],"wp:attachment":[{"href":"https:\/\/monde25.info\/index.php\/wp-json\/wp\/v2\/media?parent=24820"}],"wp:term":[{"taxonomy":"category","embeddable":true,"href":"https:\/\/monde25.info\/index.php\/wp-json\/wp\/v2\/categories?post=24820"},{"taxonomy":"post_tag","embeddable":true,"href":"https:\/\/monde25.info\/index.php\/wp-json\/wp\/v2\/tags?post=24820"}],"curies":[{"name":"wp","href":"https:\/\/api.w.org\/{rel}","templated":true}]}}