{"id":24824,"date":"2026-03-04T22:37:35","date_gmt":"2026-03-04T21:37:35","guid":{"rendered":"https:\/\/monde25.info\/index.php\/2026\/03\/04\/decision-de-justice-sur-les-pesticides-letat-fait-la-sourde-oreille\/"},"modified":"2026-03-04T22:37:35","modified_gmt":"2026-03-04T21:37:35","slug":"decision-de-justice-sur-les-pesticides-letat-fait-la-sourde-oreille","status":"publish","type":"post","link":"https:\/\/monde25.info\/index.php\/2026\/03\/04\/decision-de-justice-sur-les-pesticides-letat-fait-la-sourde-oreille\/","title":{"rendered":"D\u00e9cision de justice sur les pesticides\u00a0: l&#039;\u00c9tat fait la sourde oreille"},"content":{"rendered":"<p> <br \/>\n<br \/><img loading=\"lazy\" decoding=\"async\" src=\"https:\/\/reporterre.net\/local\/cache-vignettes\/L700xH467\/pesticides_application_02-e6646.jpg?1772640595\" class=\"spip_logo\" width=\"700\" height=\"467\" alt=\"\" \/><\/p>\n<p>Le 3\u00a0septembre 2025, la cour administrative d&rsquo;appel avait confirm\u00e9 la responsabilit\u00e9 de l&rsquo;\u00c9tat dans le pr\u00e9judice \u00e9cologique caus\u00e9 par les pesticides et lui avait enjoint de transmettre, dans un d\u00e9lai de six\u00a0mois, un calendrier de r\u00e9examen des autorisations de mise sur le march\u00e9 (<span class=\"caps\">AMM<\/span>) qui ne tiennent pas compte des connaissances scientifiques actuelles. <br class=\"autobr\" \/><br \/>\nL&rsquo;\u00e9ch\u00e9ance avait \u00e9t\u00e9 fix\u00e9e au 3\u00a0mars 2026. Las, l&rsquo;\u00c9tat, qui s&rsquo;\u00e9tait dispens\u00e9 d&rsquo;audience, a visiblement d\u00e9cid\u00e9 d&rsquo;ignorer cette injonction.\u00a0(\u2026)<\/p>\n<p>                    <a target=\"_blank\" href=\"https:\/\/reporterre.net\/Decision-de-justice-sur-les-pesticides-l-Etat-fait-la-sourde-oreille?utm_source=RSS&amp;utm_medium=RSS\">Lire la suite<\/a><\/p>\n<p>                    &#8211;<br \/>\n                        <a target=\"_blank\" href=\"https:\/\/reporterre.net\/Breves-20\" rel=\"directory\">En bref<\/a><\/p>\n<p>                    \/<br \/>\n                        <a target=\"_blank\" href=\"https:\/\/reporterre.net\/Agriculture\" rel=\"tag\">Agriculture<\/a><br \/>\n<br \/><br \/>\n<br \/><a href=\"https:\/\/reporterre.net\/Decision-de-justice-sur-les-pesticides-l-Etat-fait-la-sourde-oreille\" target=\"_blank\"\">Source link <\/a><\/p>\n","protected":false},"excerpt":{"rendered":"<p>Le 3\u00a0septembre 2025, la cour administrative d&rsquo;appel avait confirm\u00e9 la responsabilit\u00e9 de l&rsquo;\u00c9tat dans le pr\u00e9judice \u00e9cologique caus\u00e9 par les pesticides et lui avait enjoint de transmettre, dans un d\u00e9lai&hellip; <\/p>\n","protected":false},"author":1,"featured_media":0,"comment_status":"open","ping_status":"open","sticky":false,"template":"","format":"standard","meta":{"footnotes":""},"categories":[1],"tags":[],"class_list":["post-24824","post","type-post","status-publish","format-standard","hentry","category-non-classe"],"_links":{"self":[{"href":"https:\/\/monde25.info\/index.php\/wp-json\/wp\/v2\/posts\/24824","targetHints":{"allow":["GET"]}}],"collection":[{"href":"https:\/\/monde25.info\/index.php\/wp-json\/wp\/v2\/posts"}],"about":[{"href":"https:\/\/monde25.info\/index.php\/wp-json\/wp\/v2\/types\/post"}],"author":[{"embeddable":true,"href":"https:\/\/monde25.info\/index.php\/wp-json\/wp\/v2\/users\/1"}],"replies":[{"embeddable":true,"href":"https:\/\/monde25.info\/index.php\/wp-json\/wp\/v2\/comments?post=24824"}],"version-history":[{"count":0,"href":"https:\/\/monde25.info\/index.php\/wp-json\/wp\/v2\/posts\/24824\/revisions"}],"wp:attachment":[{"href":"https:\/\/monde25.info\/index.php\/wp-json\/wp\/v2\/media?parent=24824"}],"wp:term":[{"taxonomy":"category","embeddable":true,"href":"https:\/\/monde25.info\/index.php\/wp-json\/wp\/v2\/categories?post=24824"},{"taxonomy":"post_tag","embeddable":true,"href":"https:\/\/monde25.info\/index.php\/wp-json\/wp\/v2\/tags?post=24824"}],"curies":[{"name":"wp","href":"https:\/\/api.w.org\/{rel}","templated":true}]}}