{"id":24825,"date":"2026-03-04T23:43:39","date_gmt":"2026-03-04T22:43:39","guid":{"rendered":"https:\/\/monde25.info\/index.php\/2026\/03\/04\/avant-les-municipales-la-presse-mainstream-se-lamente-et-deplore-etre-le-bouc-emissaire-de-toutes-les-coleres\/"},"modified":"2026-03-04T23:43:39","modified_gmt":"2026-03-04T22:43:39","slug":"avant-les-municipales-la-presse-mainstream-se-lamente-et-deplore-etre-le-bouc-emissaire-de-toutes-les-coleres","status":"publish","type":"post","link":"https:\/\/monde25.info\/index.php\/2026\/03\/04\/avant-les-municipales-la-presse-mainstream-se-lamente-et-deplore-etre-le-bouc-emissaire-de-toutes-les-coleres\/","title":{"rendered":"Avant les municipales, La presse mainstream se lamente et d\u00e9plore \u00eatre le \u00ab\u00a0bouc \u00e9missaire\u00a0\u00bb de \u00ab\u00a0toutes les col\u00e8res\u00a0\u00bb"},"content":{"rendered":"<p> <br \/>\n<\/p>\n<div>\n<p>Humeur<\/p>\n<p>La presse mainstream se lamente comme un enfant g\u00e2t\u00e9&#8230;<\/p>\n<p>Cette \u00ab\u00a0grande presse\u00a0\u00bb des oligarques, celle qui entend fa\u00e7onner notre vie politique, celle qui a mis Macron au pouvoir et qui veut peser encore et encore, semble bien malmen\u00e9e. Les attaques fusent, verbales, voire physiques, et le cyberharc\u00e8lement est d\u00e9sormais rentr\u00e9 dans les m\u0153urs, plus personne n&rsquo;est dupe, les temps changent&#8230;<\/p>\n<p>En cette p\u00e9riode \u00e9lectorale pr\u00e9municipales, de nombreux journaux ont d\u00e9nonc\u00e9, dans une tribune commune publi\u00e9e ce mercredi, la \u00ab\u00a0polarisation du d\u00e9bat public\u00a0\u00bb, qui fait de la presse le \u00ab\u00a0bouc \u00e9missaire\u00a0\u00bb de \u00ab\u00a0toutes les col\u00e8res\u00a0\u00bb&#8230;. et pour cause !<\/p>\n<p>\u00ab\u00a0\u00c0 quelques jours des \u00e9lections municipales (15 et 22 mars, ndlr), nous demandons \u00e0 chaque candidat, responsable syndical ou associatif un engagement clair : d\u00e9fendre publiquement la libert\u00e9 d&rsquo;informer et de condamner toute forme de pression sur les journalistes\u00a0\u00bb, \u00e9crivent les membres de l&rsquo;Apig (Alliance de la presse d&rsquo;information g\u00e9n\u00e9rale), organisme collectif qui regroupe pr\u00e8s de 300 quotidiens fran\u00e7ais.\u00a0<\/p>\n<p>Il est clair que la critique de ce petit monde est d\u00e9sormais interdite, et on vous l&rsquo;\u00e9crit. \u00c0 l&rsquo;image de ce qu&rsquo;il se passe avec Charles Alloncle et les pressions pour faire vaciller sa commission sur France T\u00e9l\u00e9visions, il devient impossible, voire interdit, de formuler la moindre critique, f\u00fbt telle justifi\u00e9e.<\/p>\n<p>Cette tribune commune a \u00e9t\u00e9 publi\u00e9e sur le site de nombre d&rsquo;entre eux, dont Ouest-France, Lib\u00e9ration, La Tribune ou encore La Croix. L&rsquo;oligarchie s&rsquo;\u00e9meut de ne plus \u00eatre en odeur de saintet\u00e9.<\/p>\n<p>\u00ab\u00a0Nos m\u00e9dias assistent \u00e0 une lente d\u00e9rive, \u00e0 un transfert de toutes les col\u00e8res vers un bouc \u00e9missaire : les m\u00e9dias et les professionnels de l&rsquo;information\u00a0\u00bb, poursuivent-ils, en d\u00e9plorant \u00ab\u00a0la polarisation d&rsquo;un d\u00e9bat public, aliment\u00e9e par une parole politique parfois violente et d\u00e9complex\u00e9e.\u00a0\u00bb\u00a0<\/p>\n<p>Il semble plus difficile pour cette \u00ab\u00a0grande presse\u00a0\u00bb de se remettre en cause, que de se voir en martyr.<\/p>\n<p>\u00ab\u00a0Ces derni\u00e8res semaines, la presse d&rsquo;information, de Midi Libre \u00e0 la Voix du Nord, de Lib\u00e9ration au T\u00e9l\u00e9gramme, de L&rsquo;Ardennais \u00e0 La Nouvelle R\u00e9publique, de La Montagne au r\u00e9seau ICI, a fait l&rsquo;objet d&rsquo;attaques r\u00e9currentes et croissantes\u00a0\u00bb, soulignent les journaux.\u00a0<\/p>\n<p>Mais \u00e0 qui la faute ?<\/p>\n<p>\u00ab\u00a0Ces atteintes \u00e0 la libert\u00e9 de la presse et au libre exercice du m\u00e9tier d&rsquo;informer sont d&rsquo;autant plus intol\u00e9rables qu&rsquo;elles sont parfois le fait d&rsquo;\u00e9lus de la Nation qui \u00e9cartent nos journaux de leurs collectivit\u00e9s, nous d\u00e9nigrent ou font pression sur nos r\u00e9dactions\u00a0\u00bb, insistent-ils, sans citer d&rsquo;exemple.<\/p>\n<p>Il ne faut toutefois pas oublier que ce sont les m\u00eames qui nous avaient vant\u00e9 les m\u00e9rites du Mozart de la finance\u2026 bien \u00e9videmment au d\u00e9triment de certains qui aujourd&rsquo;hui ont la m\u00e9moire qui revient.<\/p>\n<p>Fin f\u00e9vrier, LFI et son leader, Jean-Luc M\u00e9lenchon, ont \u00e9t\u00e9 critiqu\u00e9s par les syndicats de journalistes et RSF (Reporters sans fronti\u00e8res) pour avoir voulu choisir les m\u00e9dias qui suivent leurs conf\u00e9rences de presse. Rien de nouveau en fait\u2026 ne rentre pas non plus qui veut \u00e0 l&rsquo;\u00c9lys\u00e9e pour assister \u00e0 la sortie du conseil des ministres.<\/p>\n<p>Mais, le probl\u00e8me ne serait-il pas plut\u00f4t ailleurs\u00a0? Dans une mont\u00e9e en puissance des r\u00e9seaux sociaux et particuli\u00e8rement de X, ainsi que des m\u00e9dias dits alternatifs. Ceux-l\u00e0 m\u00eame qui rendent plus difficiles les manipulations du pouvoir.\u00a0<\/p>\n<p>Il semblerait d&rsquo;ailleurs que ce soient ceux-l\u00e0 que l&rsquo;on doive faire taire, \u00e0 en croire l&rsquo;acharnement qui leur est port\u00e9 par les plus hautes sph\u00e8res.<\/p>\n<\/div>\n<p><script>(function(d, s, id) {  var js, fjs = d.getElementsByTagName(s)[0];  if (d.getElementById(id)) return;  js = d.createElement(s); js.id = id;  js.src = \"\/\/connect.facebook.net\/fr_FR\/sdk.js#xfbml=1&version=v2.3\";  fjs.parentNode.insertBefore(js, fjs);}(document, \"script\", \"facebook-jssdk\"));<\/script><br \/>\n<br \/><br \/>\n<br \/><a href=\"https:\/\/www.francesoir.fr\/culture-medias\/avant-les-municipales-la-presse-mainstream-chouine-et-deplore-etre-le-bouc-emissaire\" target=\"_blank\"\">Source link <\/a><\/p>\n","protected":false},"excerpt":{"rendered":"<p>Humeur La presse mainstream se lamente comme un enfant g\u00e2t\u00e9&#8230; Cette \u00ab\u00a0grande presse\u00a0\u00bb des oligarques, celle qui entend fa\u00e7onner notre vie politique, celle qui a mis Macron au pouvoir et&hellip; <\/p>\n","protected":false},"author":1,"featured_media":24826,"comment_status":"open","ping_status":"open","sticky":false,"template":"","format":"standard","meta":{"footnotes":""},"categories":[1],"tags":[],"class_list":["post-24825","post","type-post","status-publish","format-standard","has-post-thumbnail","hentry","category-non-classe"],"_links":{"self":[{"href":"https:\/\/monde25.info\/index.php\/wp-json\/wp\/v2\/posts\/24825","targetHints":{"allow":["GET"]}}],"collection":[{"href":"https:\/\/monde25.info\/index.php\/wp-json\/wp\/v2\/posts"}],"about":[{"href":"https:\/\/monde25.info\/index.php\/wp-json\/wp\/v2\/types\/post"}],"author":[{"embeddable":true,"href":"https:\/\/monde25.info\/index.php\/wp-json\/wp\/v2\/users\/1"}],"replies":[{"embeddable":true,"href":"https:\/\/monde25.info\/index.php\/wp-json\/wp\/v2\/comments?post=24825"}],"version-history":[{"count":0,"href":"https:\/\/monde25.info\/index.php\/wp-json\/wp\/v2\/posts\/24825\/revisions"}],"wp:featuredmedia":[{"embeddable":true,"href":"https:\/\/monde25.info\/index.php\/wp-json\/wp\/v2\/media\/24826"}],"wp:attachment":[{"href":"https:\/\/monde25.info\/index.php\/wp-json\/wp\/v2\/media?parent=24825"}],"wp:term":[{"taxonomy":"category","embeddable":true,"href":"https:\/\/monde25.info\/index.php\/wp-json\/wp\/v2\/categories?post=24825"},{"taxonomy":"post_tag","embeddable":true,"href":"https:\/\/monde25.info\/index.php\/wp-json\/wp\/v2\/tags?post=24825"}],"curies":[{"name":"wp","href":"https:\/\/api.w.org\/{rel}","templated":true}]}}