{"id":24839,"date":"2026-03-05T08:32:43","date_gmt":"2026-03-05T07:32:43","guid":{"rendered":"https:\/\/monde25.info\/index.php\/2026\/03\/05\/en-finir-avec-les-caricatures-sur-le-venezuela-volet-4-la-guerre-de-communication\/"},"modified":"2026-03-05T08:32:43","modified_gmt":"2026-03-05T07:32:43","slug":"en-finir-avec-les-caricatures-sur-le-venezuela-volet-4-la-guerre-de-communication","status":"publish","type":"post","link":"https:\/\/monde25.info\/index.php\/2026\/03\/05\/en-finir-avec-les-caricatures-sur-le-venezuela-volet-4-la-guerre-de-communication\/","title":{"rendered":"En finir avec les caricatures sur le Venezuela \u2013 Volet 4 : La guerre de communication"},"content":{"rendered":"<p> <br \/>\n<\/p>\n<div>\n<h4><strong>Depuis 1998, le Venezuela a connu une <a target=\"_blank\" href=\"https:\/\/mrmondialisation.org\/venezuela-caricatures-chavez\/\" target=\"_blank\" rel=\"noopener\">guerre m\u00e9diatique intense<\/a>, soutenant constamment l\u2019opposition au Chavisme et d\u00e9peignant Hugo Ch\u00e1vez ou <a target=\"_blank\" href=\"https:\/\/mrmondialisation.org\/caricatures-venezuela-maduro-premier-mandat\/\" target=\"_blank\" rel=\"noopener\">Nicol\u00e1s Maduro<\/a> comme des dictateurs sanguinaires. Des \u00e9pisodes qui ont probablement atteint leur apog\u00e9e \u00e0 la <a target=\"_blank\" href=\"https:\/\/mrmondialisation.org\/caricatures-venezuela-maduro-deuxieme-mandat\/\" target=\"_blank\" rel=\"noopener\">r\u00e9\u00e9lection de Nicol\u00e1s Maduro<\/a> dans un contexte de violences consid\u00e9rables, jusqu\u2019\u00e0 \u00eatre accus\u00e9 de crimes contre l\u2019humanit\u00e9 en 2019.<br \/><\/strong><\/h4>\n<p>Dans ce quatri\u00e8me volet d\u2019une enqu\u00eate consacr\u00e9e au Venezuela, <em>Mr Mondialisation<\/em> revient sur des accusations grave port\u00e9es \u00e0 l\u2019encontre de son gouvernement, <strong>en s\u2019appuyant sur des \u00e9l\u00e9ments concrets apport\u00e9s par deux journalistes sp\u00e9cialistes de l\u2019Am\u00e9rique latine :<\/strong> Maurice Lemoine, ancien r\u00e9dacteur en chef du<em> Monde diplomatique<\/em>, et Romain Migus, fondateur de <strong>la plateforme francophone d\u2019information sur l\u2019Am\u00e9rique Latine et les Cara\u00efbes<\/strong><em>\u00a0<a target=\"_blank\" href=\"https:\/\/www.les2rives.info\/\" target=\"_blank\" rel=\"noopener\">Les 2 Rives<\/a><\/em>.<\/p>\n<h2><strong>Intensification des mensonges<\/strong><\/h2>\n<p>En 2019, de jour en jour, <strong>la guerre m\u00e9diatique contre le Venezuela s\u2019intensifie,<\/strong> agr\u00e9ment\u00e9e par des mises en sc\u00e8ne et l\u2019instrumentalisation d\u2019\u00e9v\u00e9nements organis\u00e9s par l\u2019opposition. Cette ann\u00e9e-l\u00e0, <strong>plusieurs centrales hydro\u00e9lectriques sont ainsi sabot\u00e9es pour couper le courant et faire porter le chapeau au gouvernement.<\/strong><\/p>\n<p>Dans la m\u00eame veine, <strong>un entrep\u00f4t alimentaire et un b\u00e2timent appartenant \u00e0 l\u2019Institut v\u00e9n\u00e9zu\u00e9lien de S\u00e9curit\u00e9 sociale <a target=\"_blank\" href=\"https:\/\/www.eluniversal.com\/politica\/30266\/incendio-contra-almacenes-del-ivss-dejo-perdidas-incalculables-en-equipamiento-medico\" target=\"_blank\" rel=\"noopener\">sont incendi\u00e9s<\/a>,<\/strong> entra\u00eenant une <strong>perte consid\u00e9rable<\/strong> dans le domaine de la sant\u00e9. Toujours en 2019, les <a target=\"_blank\" href=\"https:\/\/www.kabc.com\/2019\/04\/30\/juan-guaido-declares-final-phase-of-operation-to-topple-venezuelas-maduro\" target=\"_blank\" rel=\"noopener\">tentatives de coups d\u2019\u00c9tat<\/a> et les attaques se poursuivent de plus belle. Comble de l\u2019horreur, un groupe paramilitaire sera arr\u00eat\u00e9 en possession de<a target=\"_blank\" href=\"https:\/\/www.infobae.com\/america\/venezuela\/2019\/07\/09\/arde-la-frontera-paramilitares-colombianos-amenazaron-a-la-policia-venezolana-por-amparar-a-la-guerrilla\/\" target=\"_blank\" rel=\"noopener\"> trois t\u00eates humaines<\/a> pr\u00e8s de la fronti\u00e8re colombienne.<\/p>\n<blockquote class=\"twitter-tweet\" data-width=\"550\" data-dnt=\"true\">\n<p lang=\"es\" dir=\"ltr\"><a target=\"_blank\" href=\"https:\/\/twitter.com\/hashtag\/FelizDiaDelTrabajador?src=hash&amp;ref_src=twsrc%5Etfw\">#FelizDiaDelTrabajador<\/a> a los trabajadores de <a target=\"_blank\" href=\"https:\/\/twitter.com\/hashtag\/Venezuela?src=hash&amp;ref_src=twsrc%5Etfw\">#Venezuela<\/a> que no se rinden a los EEUU y sus golpistas, y que luchan por la soberan\u00eda de su naci\u00f3n.<a target=\"_blank\" href=\"https:\/\/twitter.com\/MintPressNews?ref_src=twsrc%5Etfw\">@MintPressNews<\/a> <a target=\"_blank\" href=\"https:\/\/t.co\/sPtiUcEVLh\">pic.twitter.com\/sPtiUcEVLh<\/a><\/p>\n<p>\u2014 Carlos Latuff (@LatuffCartoons) <a target=\"_blank\" href=\"https:\/\/twitter.com\/LatuffCartoons\/status\/1123614186607718400?ref_src=twsrc%5Etfw\">May 1, 2019<\/a><\/p>\n<\/blockquote>\n<p>Des \u00e9v\u00e9nements qui seront <strong>syst\u00e9matiquement d\u00e9crits dans la presse comme des d\u00e9faillances du gouvernement Maduro,<\/strong> tant\u00f4t d\u00e9peint en dictateur, tant\u00f4t en incapable. <em>\u00ab\u2009Il y a eu des ann\u00e9es de lavage de cerveau\u2009\u00bb<\/em>, mart\u00e8le Maurice Lemoine dans une interview au <a target=\"_blank\" href=\"https:\/\/www.youtube.com\/watch?v=cv3HLXHV798\" target=\"_blank\" rel=\"noopener\">m\u00e9dia <em>Elucid<\/em><\/a><em>.<\/em> Il poursuit\u00a0: <em>\u00ab\u2009cela ne me d\u00e9range pas qu\u2019on critique le Venezuela et Maduro\u2009\u00bb<\/em>, mais il regrette un clair manque de pluralisme, notant qu\u2019il n\u2019a vu personne <em>\u00ab\u2009sur tous les plateaux de t\u00e9l\u00e9vision, d\u00e9fendre le Venezuela\u2009\u00bb<\/em>, pas m\u00eame timidement.<\/p>\n<h2><strong>Un r\u00f4le crucial des ONG<\/strong><\/h2>\n<p>Mais si <strong>l\u2019opinion a \u00e9t\u00e9 aussi perm\u00e9able \u00e0 ce r\u00e9cit sans nuance,<\/strong> c\u2019est \u00e9galement parce que ce dernier a b\u00e9n\u00e9fici\u00e9 d\u2019un <strong>soutien consid\u00e9rable de la part de certaines ONG<\/strong> qui ont bien souvent d\u00e9nonc\u00e9 le Venezuela comme une dictature sanguinaire.<\/p>\n<p>Pourtant, Maurice Lemoine souligne que <em>\u00ab\u2009tous ces grands organismes n\u2019enqu\u00eatent pas par eux-m\u00eames\u2009; ils s\u2019appuient sur des ONG locales\u2009\u00bb.<\/em> Il explique ainsi qu\u2019aux alentours de 2019, l\u2019un des principaux pourvoyeurs d\u2019informations dans le domaine est<em> \u00ab\u2009le m\u00e9dia num\u00e9rique\u00a0Runrun.es\u2009\u00bb<\/em>, <strong>site proche de la droite v\u00e9n\u00e9zu\u00e9lienne, et notamment dirig\u00e9e par Nelson Bocaranda.<\/strong> Cet adversaire historique du chavisme aurait, <a target=\"_blank\" href=\"https:\/\/wikileaks.org\/plusd\/cables\/09CARACAS1485_a.html\" target=\"_blank\" rel=\"noopener\">d\u2019apr\u00e8s WikiLeaks<\/a>, travaill\u00e9 pour le compte de l\u2019ambassade am\u00e9ricaine. Or, c\u2019est ce site, en collaboration avec <em>\u00ab\u2009Mi Convive\u2009\u00bb<\/em>, <em>\u00ab\u2009une autre organisation li\u00e9e \u00e0 l\u2019opposition\u2009\u00bb<\/em>, qui a <strong>cr\u00e9\u00e9 un <em>\u00ab\u2009compteur de morts\u2009\u00bb<\/em> \u00e0 Caracas.<\/strong><\/p>\n<figure id=\"attachment_1468242\" aria-describedby=\"caption-attachment-1468242\" style=\"width: 1024px\" class=\"wp-caption aligncenter\"><img fetchpriority=\"high\" decoding=\"async\" class=\"wp-image-1468242\" src=\"https:\/\/mrmondialisation.org\/wp-content\/uploads\/2026\/02\/assange.jpg\" alt=\"\" width=\"1024\" height=\"577\"\/><figcaption id=\"caption-attachment-1468242\" class=\"wp-caption-text\">Julian Assange, fondateur de WikiLeaks \u2013 <a target=\"_blank\" href=\"https:\/\/www.flickr.com\/photos\/55361146@N08\/9260194206\" target=\"_blank\" rel=\"noopener\">Flickr<\/a><\/figcaption><\/figure>\n<p>Maurice Lemoine insiste et remarque que <strong>certains rapports, comme celui bien connu d\u2019Amnesty International en 2019,<\/strong> qui \u00e9voquait des <em>\u00ab\u2009crimes contre l\u2019humanit\u00e9\u2009\u00bb<\/em>, <strong>sont<\/strong> <strong><em>\u00ab\u2009<a target=\"_blank\" href=\"https:\/\/www.medelu.org\/Bonnes-et-mauvaises-victimes-au\" target=\"_blank\" rel=\"noopener\">biais\u00e9s et partisans\u2009<\/a>\u00bb.<\/em><\/strong> Celui-ci se fondait en effet sur la section v\u00e9n\u00e9zu\u00e9lienne de l\u2019ONG, dirig\u00e9e par Marcos G\u00f3mez, <em>\u00ab\u2009appartenant sociologiquement \u00e0 une classe moyenne\u2009\u00bb<\/em> peu en ad\u00e9quation avec les int\u00e9r\u00eats des pauvres dont le chavisme a <em>\u00ab\u2009fait sa priorit\u00e9\u2009\u00bb<\/em>. Le journaliste ajoutant que <em>\u00ab\u2009celui-ci a implicitement et explicitement pris parti pour l\u2019opposition\u2009\u00bb<\/em>.<strong> Il d\u00e9peignait, en particulier, le Venezuela des ann\u00e9es\u00a070-80 comme une <em>\u00ab\u2009<a target=\"_blank\" href=\"https:\/\/www.medelu.org\/Bonnes-et-mauvaises-victimes-au#nb4\" target=\"_blank\" rel=\"noopener\">Suisse sud-am\u00e9ricaine<\/a>\u2009\u00bb<\/em>, alors que le pays connaissait d\u00e9j\u00e0 de multiples violences \u00e0 l\u2019\u00e9poque.<\/strong><\/p>\n<h2><strong>Des financements probl\u00e9matiques<\/strong><\/h2>\n<p>Le r\u00e9dacteur de <em>\u00ab\u2009M\u00e9moire des luttes\u2009\u00bb<\/em> cite \u00e9galement d\u2019autres structures sur lesquelles s\u2019appuient les m\u00e9dias occidentaux, comme Provea, Foro Penal, ou l\u2019Observatoire v\u00e9n\u00e9zu\u00e9lien de la violence, qui sont toutes <em>\u00ab\u2009financ\u00e9es de l\u2019ext\u00e9rieur, par des acteurs int\u00e9ress\u00e9s et cul et chemise avec l\u2019opposition\u2009\u00bb.<\/em> De son c\u00f4t\u00e9, Romain Migus, confirme ces affirmations, assurant que <strong><em>\u00ab\u2009la plupart des ONG sont financ\u00e9es par des personnes hostiles au Venezuela.\u2009\u00bb<\/em><\/strong><\/p>\n<p>Provea, par exemple, recevait des <em>\u00ab<a target=\"_blank\" href=\"https:\/\/www.medelu.org\/Dans-les-entrailles-de-l-USAID\" target=\"_blank\" rel=\"noopener\">\u2009financements de l\u2019US AID<\/a>\u2009\u00bb<\/em>, une organisation tr\u00e8s li\u00e9e au gouvernement am\u00e9ricain, et <a target=\"_blank\" href=\"https:\/\/www.radiofrance.fr\/franceinter\/podcasts\/regarde-le-monde\/regarde-le-monde-du-mardi-07-octobre-2025-1432940\" target=\"_blank\" rel=\"noopener\">ironiquement ferm\u00e9e<\/a> en 2025 par Donald Trump, mais aussi de \u00ab<em>\u2009l\u2019Union europ\u00e9enne, l\u2019ambassade britannique ou encore la Fondation Ford<\/em>\u2009\u00bb. Par ailleurs, il pointe \u00e9galement le r\u00f4le de la <em>\u00ab\u2009Fondation Nationale pour la d\u00e9mocratie\u2009\u00bb<\/em> (NED), une institution am\u00e9ricaine bien connue pour son ing\u00e9rence \u00e0 travers le monde.<\/p>\n<h2><strong>Quand les ONG suppl\u00e9ent la CIA<\/strong><\/h2>\n<p>\u00c0 propos de la NED, Maurice Lemoine rappelle qu\u2019Allen Weinstein, qui fut son premier pr\u00e9sident, d\u00e9clarait <strong><a target=\"_blank\" href=\"https:\/\/www.monde-diplomatique.fr\/2007\/07\/CALVO_OSPINA\/14911\" target=\"_blank\" rel=\"noopener\">dans les ann\u00e9es\u00a090<\/a> qu\u2019une <em>\u00ab\u2009grande partie de ce que nous faisons aujourd\u2019hui, la CIA le faisait clandestinement il y a vingt-cinq ans\u2009\u00bb<\/em>.<\/strong> Difficile d\u2019\u00eatre plus explicite.<\/p>\n<div class=\"td-a-rec td-a-rec-id-content_inline  tdi_1 td_block_template_1\">\n<center><a target=\"_blank\" href=\"https:\/\/fr.tipeee.com\/mr-mondialisation\" class=\"tipeee-project-small\">Je m&rsquo;abonne \u00e0 Mr Mondialisation<\/a>&#13;<br \/>\n<\/center>&amp;nbsp<\/div>\n<p><iframe loading=\"lazy\" title=\"AIDE HUMANITAIRE : L&#039;ENVERS DU D\u00c9COR, avec Sarah KERBOAS, anthropologue au Cambodge\" width=\"1110\" height=\"624\" src=\"https:\/\/www.youtube.com\/embed\/iSWldQ-qGt8?feature=oembed\" frameborder=\"0\" allow=\"accelerometer; autoplay; clipboard-write; encrypted-media; gyroscope; picture-in-picture; web-share\" referrerpolicy=\"strict-origin-when-cross-origin\" allowfullscreen><\/iframe><\/p>\n<p>Quant \u00e0 <strong>Human Right Watch, tr\u00e8s impliqu\u00e9e dans le d\u00e9nigrement du Venezuela,<\/strong> elle a \u00e9galement <strong><em>\u00ab\u2009re\u00e7u <a target=\"_blank\" href=\"https:\/\/www.lemonde.fr\/a-la-une\/article\/2010\/09\/08\/100-millions-de-dollarsle-don-de-george-soros-a-human-rights-watch_1408279_3208.html\" target=\"_blank\" rel=\"noopener\">100\u00a0millions de dollars<\/a> de la part du financier <a target=\"_blank\" href=\"https:\/\/mrmondialisation.org\/confession-influenceur-complotiste-repenti\/#:~:text=L%E2%80%99un%20des%20leviers%20pour%20emp%C3%AAcher%20les%20gens%20d%E2%80%99envisager%20d%E2%80%99autres%20th%C3%A9ories%20plus%20r%C3%A9alistes%2C%20c%E2%80%99est%20de%20sortir%20la%20carte%20%C2%AB%20Soros%20%C2%BB.%20Prendre%20un%20personnage%20influent%20du%20monde%20des%20riches%20et%20en%20faire%20un%20symbole%2C%20un%20ennemi%20central.\" target=\"_blank\" rel=\"noopener\">George Soros<\/a>\u2009\u00bb<\/em><\/strong> via sa fondation Open Society Foundations qui pr\u00e9tend <em>\u00ab\u2009d\u00e9fendre la d\u00e9mocratie et les droits de l\u2019Homme\u2009\u00bb<\/em> dans le monde. Mais celle-ci <strong>participe surtout \u00e0 favoriser les int\u00e9r\u00eats am\u00e9ricains sur la plan\u00e8te,<\/strong> comme lorsqu\u2019elle a contribu\u00e9 \u00e0 <a target=\"_blank\" href=\"https:\/\/www.monde-diplomatique.fr\/2019\/12\/OTASEVIC\/61096\" target=\"_blank\" rel=\"noopener\">renverser le pr\u00e9sident serbe<\/a>, Slobodan Milo\u0161evi\u0107, en 1997.<\/p>\n<blockquote>\n<p><strong><em>\u00ab [\u2026] on ne peut en aucun cas cautionner son instrumentalisation et sa manipulation pour attaquer des gouvernements de mani\u00e8re aussi brutale\u2009\u00bb.<\/em><\/strong><\/p>\n<\/blockquote>\n<p>N\u00e9anmoins, Maurice Lemoine ajoute qu\u2019en tant que <em>\u00ab\u2009militants des droits de l\u2019Homme, on doit continuer \u00e0 d\u00e9fendre cette juste cause, mais <strong>on ne peut en aucun cas cautionner son instrumentalisation et sa manipulation<\/strong> pour attaquer des gouvernements de mani\u00e8re aussi brutale\u2009\u00bb.<\/em><\/p>\n<h2><strong>M\u00eame l\u2019ONU s\u2019y met<\/strong><\/h2>\n<p>L\u2019ONU semble \u00e9galement avoir apport\u00e9 sa pierre \u00e0 l\u2019\u00e9difice, puisque <strong>Michelle Bachelet, ancienne pr\u00e9sidente du Chili, et Haut-Commissaire des Nations unies aux droits de l\u2019Homme entre 2018 et 2022,\u00a0<\/strong>a embo\u00eet\u00e9 le pas \u00e0 toutes ces ONG avec un rapport accablant. Pour autant, Maurice Lemoine d\u00e9nonce <strong><em>\u00ab\u2009une pression constante de Washington et de l\u2019Union europ\u00e9enne sur l\u2019ex-dirigeante\u2009\u00bb.<\/em><\/strong> D\u00e9but\u00a02019, elle indique dans un document officiel que les forces de l\u2019ordre v\u00e9n\u00e9zu\u00e9liennes ont caus\u00e9 <em>\u00ab\u2009au moins 205\u00a0morts\u2009\u00bb<\/em>.<\/p>\n<figure id=\"attachment_1468374\" aria-describedby=\"caption-attachment-1468374\" style=\"width: 1024px\" class=\"wp-caption aligncenter\"><img loading=\"lazy\" decoding=\"async\" class=\"wp-image-1468374 size-medium\" src=\"https:\/\/mrmondialisation.org\/wp-content\/uploads\/2026\/02\/bachelet-1024x683.jpg\" alt=\"\" width=\"1024\" height=\"683\" srcset=\"https:\/\/mrmondialisation.org\/wp-content\/uploads\/2026\/02\/bachelet-1024x683.jpg 1024w, https:\/\/mrmondialisation.org\/wp-content\/uploads\/2026\/02\/bachelet-1524x1016.jpg 1524w, https:\/\/mrmondialisation.org\/wp-content\/uploads\/2026\/02\/bachelet-768x512.jpg 768w, https:\/\/mrmondialisation.org\/wp-content\/uploads\/2026\/02\/bachelet-1536x1024.jpg 1536w, https:\/\/mrmondialisation.org\/wp-content\/uploads\/2026\/02\/bachelet-696x464.jpg 696w, https:\/\/mrmondialisation.org\/wp-content\/uploads\/2026\/02\/bachelet-1068x712.jpg 1068w, https:\/\/mrmondialisation.org\/wp-content\/uploads\/2026\/02\/bachelet-630x420.jpg 630w, https:\/\/mrmondialisation.org\/wp-content\/uploads\/2026\/02\/bachelet.jpg 2047w\" sizes=\"auto, (max-width: 1024px) 100vw, 1024px\"\/><figcaption id=\"caption-attachment-1468374\" class=\"wp-caption-text\">Michelle Bachelet en 2012 \u2013 <a target=\"_blank\" href=\"https:\/\/www.flickr.com\/photos\/unwomen\/6812184621\" target=\"_blank\" rel=\"noopener\">Flickr<\/a><\/figcaption><\/figure>\n<p>Pourtant, apr\u00e8s sa visite au Venezuela trois mois plus tard (autoris\u00e9e par Nicol\u00e1s Maduro, ce qui serait curieux pour un r\u00e9gime dictatorial), elle fait un nouveau rapport <a target=\"_blank\" href=\"https:\/\/www.medelu.org\/Venezuela-aux-sources-de-la-desinformation\" target=\"_blank\" rel=\"noopener\">faisant \u00e9tat<\/a> de <em>\u00ab\u20095287\u00a0morts\u2009\u00bb.<\/em> <strong>Un dossier qui reste flou, puisqu\u2019il parle au conditionnel en disant\u00a0que <em>\u00ab\u2009beaucoup\u00a0de ces morts violentes\u00a0pourraient\u00a0constituer des ex\u00e9cutions extrajudiciaires\u2009\u00bb.<\/em><\/strong><\/p>\n<p>Dans la foul\u00e9e, le gouvernement v\u00e9n\u00e9zu\u00e9lien s\u2019est frontalement oppos\u00e9 \u00e0 ce texte, sans toutefois absoudre l\u2019ensemble de ses policiers, <strong>admettant l\u2019existence de <em>\u00ab\u2009292\u00a0affaires survenues entre 2017 et 2019, dans lesquels 388\u00a0agents de FAES ont \u00e9t\u00e9 impliqu\u00e9s pour homicide, traitement cruel et violation de domicile\u2009\u00bb.<\/em><\/strong><\/p>\n<p>Maurice Lemoine note cependant que, dans un contexte <em>\u00ab\u2009d\u2019ins\u00e9curit\u00e9 hors norme\u2009\u00bb<\/em> aggrav\u00e9 par <em>\u00ab\u2009l\u2019implantation de groupes criminels et\/ou paramilitaires lourdement arm\u00e9s\u2009\u00bb,<\/em> il y a n\u00e9cessairement des <em>\u00ab\u2009bavures\u2009\u00bb,<\/em> d\u2019autant que la puissance des affrontements a <em>\u00ab\u2009la caract\u00e9ristique d\u2019une guerre\u2009\u00bb. <\/em>Ces <em>\u00ab\u2009bavures\u2009\u00bb<\/em> ne sont pas des excuses, mais la <strong>triste illustration de ce que produisent,<\/strong> presque m\u00e9caniquement, <strong>des contextes de guerre sociale et de confrontation arm\u00e9e.<\/strong><\/p>\n<h2><strong>Les 18\u2009000\u00a0morts imaginaires du Monde<\/strong><\/h2>\n<p>Romain Migus illustre parfaitement cette guerre de l\u2019information en d\u00e9mystifiant un article du journal Le Monde qui \u00e9voque <em>\u00ab\u200918\u2009000\u00a0ex\u00e9cutions extrajudiciaires\u2009\u00bb<\/em> (voir la vid\u00e9o ci-dessous). <a target=\"_blank\" href=\"https:\/\/www.medelu.org\/Venezuela-aux-sources-de-la-desinformation\" target=\"_blank\" rel=\"noopener\">Dans l\u2019un de ses papiers<\/a>, <strong>Maurice Lemoine d\u00e9montre, lui aussi, sans peine, que le chiffre avanc\u00e9 par le m\u00e9dia de Xavier Niel et repris partout en France, ne correspond \u00e0 aucune forme de r\u00e9alit\u00e9.<\/strong> En effet, comme expliqu\u00e9 pr\u00e9c\u00e9demment, les organisations les plus farouchement oppos\u00e9es au gouvernement Maduro, elles-m\u00eames, ne proposent pas de telles donn\u00e9es.<\/p>\n<figure id=\"attachment_1541418\" aria-describedby=\"caption-attachment-1541418\" style=\"width: 1024px\" class=\"wp-caption aligncenter\"><img loading=\"lazy\" decoding=\"async\" class=\"wp-image-1541418 size-medium\" src=\"https:\/\/mrmondialisation.org\/wp-content\/uploads\/2026\/03\/31-capture-video-romainmigus-1024x657.png\" alt=\"\" width=\"1024\" height=\"657\" srcset=\"https:\/\/mrmondialisation.org\/wp-content\/uploads\/2026\/03\/31-capture-video-romainmigus-1024x657.png 1024w, https:\/\/mrmondialisation.org\/wp-content\/uploads\/2026\/03\/31-capture-video-romainmigus-768x493.png 768w, https:\/\/mrmondialisation.org\/wp-content\/uploads\/2026\/03\/31-capture-video-romainmigus-696x447.png 696w, https:\/\/mrmondialisation.org\/wp-content\/uploads\/2026\/03\/31-capture-video-romainmigus-1068x686.png 1068w, https:\/\/mrmondialisation.org\/wp-content\/uploads\/2026\/03\/31-capture-video-romainmigus-654x420.png 654w, https:\/\/mrmondialisation.org\/wp-content\/uploads\/2026\/03\/31-capture-video-romainmigus.png 1288w\" sizes=\"auto, (max-width: 1024px) 100vw, 1024px\"\/><figcaption id=\"caption-attachment-1541418\" class=\"wp-caption-text\">Aper\u00e7u censur\u00e9 \u2013 Capture d\u2019\u00e9cran de la <a target=\"_blank\" href=\"https:\/\/www.youtube.com\/watch?v=vtOsruVUkU8\" target=\"_blank\" rel=\"noopener\">vid\u00e9o explicative<\/a> de Romain Migus, \u00e0 propos des \u00ab 18000 morts \u00bb.<\/figcaption><\/figure>\n<p>Les chiffres, y compris les plus lourds, alors donn\u00e9s par l\u2019ONU, son tr\u00e8s loin des affirmations du journal fran\u00e7ais qui se revendique pourtant d\u2019un rapport de ces m\u00eames Nations Unies. <strong>Ce d\u00e9compte vient en r\u00e9alit\u00e9 de l\u2019ONG Human Right Watch, dont le responsable du secteur Am\u00e9rique latine<a target=\"_blank\" href=\"https:\/\/www.emol.com\/noticias\/Nacional\/2021\/12\/04\/1040352\/vivanco-renuncia-a-hrw.html\" target=\"_blank\" rel=\"noopener\"> entre 1994 et 2022<\/a>, Jos\u00e9 Miguel Vivanco, est un farouche opposant au Chavisme, <a target=\"_blank\" href=\"https:\/\/www.congress.gov\/117\/meeting\/house\/113919\/witnesses\/HHRG-117-FA07-Bio-MiguelVivancoJ-20210720.pdf\" target=\"_blank\" rel=\"noopener\">form\u00e9 aux \u00c9tats-Unis<\/a>.<\/strong> Celui-ci <a target=\"_blank\" href=\"https:\/\/www.commondreams.org\/newswire\/2008\/12\/17\/more-100-latin-america-experts-question-human-rights-watchs-venezuela-report\" target=\"_blank\" rel=\"noopener\">disait<\/a> d\u2019ailleurs\u00a0: <em>\u00ab\u2009nous avons fait ce rapport parce que nous voulions d\u00e9montrer au monde que le Venezuela n\u2019est un mod\u00e8le pour personne\u2009\u00bb.<\/em><\/p>\n<p>D\u2019apr\u00e8s Maurice Lemoine,<strong> l\u2019enqu\u00eate est <em>\u00ab\u2009faite d\u2019extrapolations\u2009\u00bb<\/em> et de <em>\u00ab\u2009conditionnel\u2009\u00bb<\/em>. <\/strong>Pire, elle se repose sur l\u2019interview de <a target=\"_blank\" href=\"https:\/\/www.medelu.org\/Venezuela-aux-sources-de-la-desinformation\" target=\"_blank\" rel=\"noopener\">seulement neuf familles<\/a> de victimes. Son concurrent Amnesty International n\u2019annon\u00e7ait, quant \u00e0 lui, que 8000 d\u00e9c\u00e8s (dix mille de moins\u2009!)\u00a0<em>\u00ab\u2009dont huit ont fait l\u2019objet d\u2019un examen approfondi\u2009\u00bb.<\/em><\/p>\n<blockquote>\n<p><em><strong>\u00ab\u2009avec de telles variantes, les chiffres et ceux qui les manipulent, ont-ils encore un quelconque semblant de cr\u00e9dibilit\u00e9\u2009?\u2009\u00bb<\/strong><br \/><\/em><\/p>\n<\/blockquote>\n<p>De quoi interroger Maurice Lemoine\u00a0: <em><strong>\u00ab\u2009avec de telles variantes, les chiffres et ceux qui les manipulent, ont-ils encore un quelconque semblant de cr\u00e9dibilit\u00e9\u2009?\u2009\u00bb<\/strong><\/em> Romain Migus ajoute\u00a0qu\u2019on ne peut pas <em>\u00ab\u2009remettre en cause la bonne foi des militants de base\u2009\u00bb<\/em> de ce type d\u2019ONG, mais qu\u2019il faudrait cependant <em>\u00ab\u2009questionner les agissements de leurs directions.\u2009\u00bb<\/em><\/p>\n<h2><strong>Crime contre l\u2019humanit\u00e9\u2009?<\/strong><\/h2>\n<p>Fin 2019, la presse occidentale r\u00e9cidive et affirme que l\u2019ONU accuse cette fois-ci Nicol\u00e1s Maduro de <em>\u00ab\u2009crimes contre l\u2019humanit\u00e9\u2009\u00bb.<\/em> Romain Migus note pourtant que <strong>quelques jours avant la sortie de ce rapport, le Venezuela avait sign\u00e9 <em>\u00ab\u2009un partenariat avec le haut commissariat aux droits humains de l\u2019ONU\u2009\u00bb<\/em><\/strong>\u00a0pour un <em>\u00ab\u2009accompagnement afin d\u2019am\u00e9liorer ce qui doit \u00eatre am\u00e9lior\u00e9\u2009\u00bb.<\/em><\/p>\n<p><strong>Romain Migus remet, de fait, tr\u00e8s fortement en doute le document,<\/strong> soulignant d\u2019abord que <em>\u00ab\u2009les enqu\u00eateurs ne sont jamais all\u00e9s au Venezuela\u2009\u00bb.<\/em> Le texte parle d\u2019ailleurs l\u00e0 encore au conditionnel, estimant <strong><em>\u00ab\u2009qu\u2019il existe des motifs raisonnables pour croire qu\u2019il a \u00e9t\u00e9 commis des violations des normes internationales sur les droits humains\u2009\u00bb.<\/em><\/strong><\/p>\n<p><iframe loading=\"lazy\" title=\"L&#039;ONU accuse Nicolas Maduro de crimes contre l&#039;Humanit\u00e9...VRAIMENT ?\" width=\"1110\" height=\"624\" src=\"https:\/\/www.youtube.com\/embed\/KM834smIfGE?feature=oembed\" frameborder=\"0\" allow=\"accelerometer; autoplay; clipboard-write; encrypted-media; gyroscope; picture-in-picture; web-share\" referrerpolicy=\"strict-origin-when-cross-origin\" allowfullscreen><\/iframe><\/p>\n<p>De quoi <strong>douter du s\u00e9rieux des enqu\u00eateurs qui r\u00e9cidivent<\/strong> d\u2019ailleurs plus loin dans leur texte en assurant dans un charabia presque risible qu\u2019il existe <em>\u00ab\u2009des motifs raisonnables\u2009\u00bb<\/em> de croire en leurs conclusions lorsque <strong><em>\u00ab\u2009les informations factuelles recueillies satisfont un observateur prudent et objectif que l\u2019incident s\u2019est produit tel que d\u00e9crit avec un degr\u00e9 raisonnable de certitude.\u2009\u00bb<\/em><\/strong><\/p>\n<h2><strong>Un niveau de preuves extr\u00eamement douteux<\/strong><\/h2>\n<p>Mais le texte ne s\u2019arr\u00eate pas l\u00e0, puisqu\u2019il admet lui-m\u00eame que <em><strong>\u00ab\u2009le niveau de preuve requis ne donne pas lieu \u00e0 la d\u00e9termination de la responsabilit\u00e9 p\u00e9nale.<\/strong> Il appartient aux autorit\u00e9s p\u00e9nales comp\u00e9tentes d\u2019enqu\u00eater sur les faits et les comportements document\u00e9s dans le rapport\u2009\u00bb.<\/em> En d\u2019autres termes,<strong> cette investigation,<\/strong> qui affirme que Nicol\u00e1s Maduro aurait commis des crimes contre l\u2019humanit\u00e9, <strong>commande elle-m\u00eame \u00e0 ce qu\u2019une deuxi\u00e8me enqu\u00eate soit organis\u00e9e pour v\u00e9rifier ses conclusions.<\/strong><\/p>\n<p><em>\u00ab\u2009Une m\u00e9thodologie plus que douteuse\u2009\u00bb,<\/em> commente Romain Migus. D\u2019autant que le texte ajoute que <em><strong>\u00ab\u2009les informations qui sont pr\u00e9sent\u00e9es ici sont pour la plupart inf\u00e9rieures<\/strong> \u00e0 celles qui sont n\u00e9cessaires pour obtenir une condamnation p\u00e9nale\u2009\u00bb.<\/em><\/p>\n<h2><strong>Des sources souvent partisanes<\/strong><\/h2>\n<p>Le journaliste explique en outre que cette enqu\u00eate s\u2019est fond\u00e9e sur des r\u00e9unions en ligne et surtout sur une <strong><em>\u00ab\u2009compilation d\u2019articles de presse\u2009\u00bb<\/em> d\u2019opposition et de rapports des ONG pr\u00e9c\u00e9demment cit\u00e9es.<\/strong> Il note aussi, dans ce document, l\u2019omnipr\u00e9sence de <a target=\"_blank\" href=\"https:\/\/www.rtl.fr\/actu\/international\/venezuela-l-ex-chef-du-renseignement-etait-une-taupe-de-la-cia-accuse-maduro-7797605084\" target=\"_blank\" rel=\"noopener\">Christopher Figuera<\/a>, ancien <em>\u00ab\u2009directeur du renseignement v\u00e9n\u00e9zu\u00e9lien\u2009\u00bb<\/em> qui a <strong><em>\u00ab\u2009particip\u00e9 activement \u00e0 une tentative de coup d\u2019\u00c9tat en 2019\u2009\u00bb<\/em><\/strong> et qui, apr\u00e8s son \u00e9chec,<strong><em> \u00ab\u2009a fui aux \u00c9tats-Unis\u2009\u00bb.<\/em><\/strong><\/p>\n<p>Une source majeure pourtant<strong> loin d\u2019\u00eatre neutre,<\/strong> comme l\u2019admet le dossier lui-m\u00eame : <em><strong>\u00ab\u2009la mission est consciente de son r\u00f4le<\/strong> reconnu dans la tentative de coup d\u2019\u00c9tat d\u2019avril 2019 et de son intention exprim\u00e9e d\u2019impliquer le pr\u00e9sident Maduro dans la perp\u00e9tuation de crimes graves\u2009\u00bb.<\/em><\/p>\n<h2><strong>Des \u00e9l\u00e9ments probl\u00e9matiques, mais condamn\u00e9s<\/strong><\/h2>\n<p>Romain Migus admet qu\u2019il y a bien eu des <strong>comportements probl\u00e9matiques parmi les forces de l\u2019ordre v\u00e9n\u00e9zu\u00e9liennes.<\/strong> Mais il souligne cependant qu\u2019il y a aussi eu <strong>de nombreuses sanctions par la justice.<\/strong> Ainsi, en 2019, <em>\u00ab\u2009167\u00a0policiers ont \u00e9t\u00e9 condamn\u00e9s pour des manquements aux droits de l\u2019Homme\u2009\u00bb et \u00ab\u2009436 pour homicide\u2009\u00bb.<\/em><\/p>\n<p>De quoi relativiser le narratif d\u2019une violence d\u2019\u00c9tat totalement impunie, comme le soutiennent certains m\u00e9dias. Mais <strong>ces condamnations<\/strong> \u2013 sur un fond de milliers d\u2019ex\u00e9cutions pr\u00e9sum\u00e9es \u2013 <strong>rappellent que la justice doit aller plus loin pour restaurer la confiance.<\/strong> A-t-on vu pareil d\u00e9marche dans une dictature classique ? Non, mais l\u2019autoritarisme v\u00e9n\u00e9zu\u00e9lien n\u2019en est pas moins r\u00e9el.<\/p>\n<h2><strong>Un manque criant de nuances<\/strong><\/h2>\n<p>Comme Comme cette enqu\u00eate l\u2019a montr\u00e9, le Venezuela n\u2019est <strong>ni un paradis ni un mod\u00e8le \u00e0 suivre aveugl\u00e9ment.<\/strong> Des exactions polici\u00e8res av\u00e9r\u00e9es \u2013 et condamn\u00e9es en partie \u2013 coexistent avec une <strong>ins\u00e9curit\u00e9 end\u00e9mique et une corruption persistante. <\/strong><\/p>\n<p>Mais <strong>l\u2019acharnement de certains m\u00e9dias occidentaux et ONG \u00e0 isoler ces faits du contexte<\/strong> \u2013 sanctions \u00e9conomiques \u00e9touffantes, coups d\u2019\u00c9tat avort\u00e9s, violences paramilitaires \u2013 <strong>pose l\u00e9gitimement question sur leur objectivit\u00e9.<\/strong> Juger un pays en crise comme une d\u00e9mocratie europ\u00e9enne classique rel\u00e8ve d\u2019une forme d\u2019aveuglement.<\/p>\n<p><iframe loading=\"lazy\" title=\"Gilets jaunes : comment Macron avait ORGANIS\u00c9 le chaos | Documentaire | OFF\" width=\"1110\" height=\"624\" src=\"https:\/\/www.youtube.com\/embed\/uw0uU7e9hbQ?feature=oembed\" frameborder=\"0\" allow=\"accelerometer; autoplay; clipboard-write; encrypted-media; gyroscope; picture-in-picture; web-share\" referrerpolicy=\"strict-origin-when-cross-origin\" allowfullscreen><\/iframe><\/p>\n<p>D\u2019autant plus, qu\u2019apr\u00e8s avoir constat\u00e9 la r\u00e9ponse r\u00e9pressive du gouvernement Macron \u00e0 <a target=\"_blank\" href=\"https:\/\/www.monde-diplomatique.fr\/mav\/182\/ROBERT\/64483\" target=\"_blank\" rel=\"noopener\">la crise des Gilets Jaunes<\/a>,<strong> il aurait \u00e9t\u00e9 int\u00e9ressant d\u2019observer comment le \u00ab\u2009pays des droits de l\u2019Homme\u2009\u00bb aurait r\u00e9agi face \u00e0 tout ce qu\u2019a pu subir la nation sud-am\u00e9ricaine.<\/strong> Il est d\u2019ailleurs amusant de voir que, toute proportion gard\u00e9e,<strong> les m\u00eames m\u00e9dias vilipendant le Venezuela n\u2019ont pas eu une indignation similaire envers des comportements abusifs dans l\u2019hexagone.<\/strong> Un deux poids, deux mesures, pourtant aussi pr\u00e9visible qu\u2019\u00e9loquent.<\/p>\n<p><span style=\"font-size: large;\"><b>\u2192 Enqu\u00eate \u00e0 suivre dans le cinqui\u00e8me volet, \u00e0 partir du jeudi 12 mars 2026.<\/b><\/span><\/p>\n<p style=\"text-align: right;\"><i>\u2013<\/i><strong><em>\u00a0Simon Verdi\u00e8re<\/em><\/strong><\/p>\n<hr\/>\n<p>Photo de couverture \u2013 Montage Mr Mondialisation<\/p>\n<div class=\"td-a-rec td-a-rec-id-content_bottom  tdi_2 td_block_template_1\">\n<span class=\"td-adspot-title\">&#8211; Cet article gratuit, ind\u00e9pendant et sans IA existe gr\u00e2ce aux abonn\u00e9s &#8211;<\/span><\/p>\n<div class=\"td-all-devices\">\n    <a target=\"_blank\" href=\"https:\/\/mrmondialisation.org\/donation\/\" title=\"Faire_un_don\"><img decoding=\"async\" class=\"donationArticle\" src=\"https:\/\/mrmondialisation.org\/wp-content\/uploads\/2022\/12\/220405-flikalicious-final.jpg\" alt=\"Donation\"\/><\/a>\n<\/div>\n<\/div><\/div>\n<p><script async src=\"\/\/platform.twitter.com\/widgets.js\" charset=\"utf-8\"><\/script><br \/>\n<br \/><br \/>\n<br \/><a href=\"https:\/\/mrmondialisation.org\/caricatures-venezuela-guerre-communication\/\" target=\"_blank\"\">Source link <\/a><\/p>\n","protected":false},"excerpt":{"rendered":"<p>Depuis 1998, le Venezuela a connu une guerre m\u00e9diatique intense, soutenant constamment l\u2019opposition au Chavisme et d\u00e9peignant Hugo Ch\u00e1vez ou Nicol\u00e1s Maduro comme des dictateurs sanguinaires. Des \u00e9pisodes qui ont&hellip; <\/p>\n","protected":false},"author":1,"featured_media":24840,"comment_status":"open","ping_status":"open","sticky":false,"template":"","format":"standard","meta":{"footnotes":""},"categories":[1],"tags":[],"class_list":["post-24839","post","type-post","status-publish","format-standard","has-post-thumbnail","hentry","category-non-classe"],"_links":{"self":[{"href":"https:\/\/monde25.info\/index.php\/wp-json\/wp\/v2\/posts\/24839","targetHints":{"allow":["GET"]}}],"collection":[{"href":"https:\/\/monde25.info\/index.php\/wp-json\/wp\/v2\/posts"}],"about":[{"href":"https:\/\/monde25.info\/index.php\/wp-json\/wp\/v2\/types\/post"}],"author":[{"embeddable":true,"href":"https:\/\/monde25.info\/index.php\/wp-json\/wp\/v2\/users\/1"}],"replies":[{"embeddable":true,"href":"https:\/\/monde25.info\/index.php\/wp-json\/wp\/v2\/comments?post=24839"}],"version-history":[{"count":0,"href":"https:\/\/monde25.info\/index.php\/wp-json\/wp\/v2\/posts\/24839\/revisions"}],"wp:featuredmedia":[{"embeddable":true,"href":"https:\/\/monde25.info\/index.php\/wp-json\/wp\/v2\/media\/24840"}],"wp:attachment":[{"href":"https:\/\/monde25.info\/index.php\/wp-json\/wp\/v2\/media?parent=24839"}],"wp:term":[{"taxonomy":"category","embeddable":true,"href":"https:\/\/monde25.info\/index.php\/wp-json\/wp\/v2\/categories?post=24839"},{"taxonomy":"post_tag","embeddable":true,"href":"https:\/\/monde25.info\/index.php\/wp-json\/wp\/v2\/tags?post=24839"}],"curies":[{"name":"wp","href":"https:\/\/api.w.org\/{rel}","templated":true}]}}