{"id":24841,"date":"2026-03-05T09:05:28","date_gmt":"2026-03-05T08:05:28","guid":{"rendered":"https:\/\/monde25.info\/index.php\/2026\/03\/05\/prix-de-lessence-bercy-recoit-jeudi-les-distributeurs-pour-sassurer-de-hausses-moderees\/"},"modified":"2026-03-05T09:05:28","modified_gmt":"2026-03-05T08:05:28","slug":"prix-de-lessence-bercy-recoit-jeudi-les-distributeurs-pour-sassurer-de-hausses-moderees","status":"publish","type":"post","link":"https:\/\/monde25.info\/index.php\/2026\/03\/05\/prix-de-lessence-bercy-recoit-jeudi-les-distributeurs-pour-sassurer-de-hausses-moderees\/","title":{"rendered":"Prix de l&rsquo;essence : Bercy re\u00e7oit jeudi les distributeurs pour \u00ab\u00a0s&rsquo;assurer\u00a0\u00bb de hausses mod\u00e9r\u00e9es"},"content":{"rendered":"<p> <br \/>\n<\/p>\n<div>\n<p>Le minist\u00e8re de l&rsquo;\u00c9conomie re\u00e7oit jeudi les distributeurs de carburant pour \u00ab\u00a0s&rsquo;assurer\u00a0\u00bb qu&rsquo;ils ne pratiqueront pas de hausses exag\u00e9r\u00e9es des prix, par rapport \u00e0 celle des cours du p\u00e9trole, a-t-il annonc\u00e9 mercredi.<\/p>\n<p>\u00ab\u00a0Roland Lescure, Serge Papin et Maud Bregeon recevront ce jeudi 5 mars \u00e0 11h les distributeurs de carburant \u00e0 Bercy pour \u00e9changer avec eux sur la situation et s&rsquo;assurer que l&rsquo;\u00e9volution des prix \u00e0 la pompe correspond \u00e0 l&rsquo;\u00e9volution des prix du baril de p\u00e9trole actuellement observ\u00e9e\u00a0\u00bb, a indiqu\u00e9 Bercy, au sujet de cette r\u00e9union avec le ministre de l&rsquo;\u00c9conomie, celui du Commerce et celle d\u00e9l\u00e9gu\u00e9e \u00e0 l&rsquo;\u00c9nergie.<\/p>\n<p>La liste des distributeurs invit\u00e9s n&rsquo;a pas \u00e9t\u00e9 pr\u00e9cis\u00e9e.<\/p>\n<p>Le minist\u00e8re a pr\u00e9cis\u00e9 dans un message \u00e0 la presse qu&rsquo;il suivait de tr\u00e8s pr\u00e8s l&rsquo;\u00e9volution des prix \u00e0 la pompe.<\/p>\n<p>\u00ab\u00a0Roland Lescure a demand\u00e9 \u00e0 la DGCCRF [Direction g\u00e9n\u00e9rale de la concurrence, de la consommation et de la r\u00e9pression des fraudes] de mener les contr\u00f4les et un suivi actif afin de s&rsquo;assurer que la hausse des prix \u00e0 la pompe soit proportionn\u00e9e avec l&rsquo;augmentation r\u00e9elle des prix du baril de p\u00e9trole\u00a0\u00bb, a-t-il \u00e9crit.<\/p>\n<p>\u00ab\u00a0Ces contr\u00f4les sont men\u00e9s au quotidien et sont effectu\u00e9s \u00e0 distance gr\u00e2ce aux remont\u00e9es journali\u00e8res\u00a0\u00bb, a ajout\u00e9 Bercy.<\/p>\n<p>L&#8217;embrasement au Moyen-Orient, apr\u00e8s les attaques men\u00e9es par les \u00c9tats-Unis et Isra\u00ebl contre l&rsquo;Iran, a fait craindre un regain d&rsquo;inflation g\u00e9n\u00e9ralis\u00e9, qui commencerait par les prix de l&rsquo;\u00e9nergie.<\/p>\n<p>Mercredi matin sur <em>Franceinfo<\/em>, M. Lescure estimait que la hausse du prix de l&rsquo;essence \u00e9tait \u00ab\u00a0de quelques centimes actuellement\u00a0\u00bb, et \u00ab\u00a0normale compte tenu de la hausse du prix du p\u00e9trole\u00a0\u00bb.<\/p>\n<p>Il a appel\u00e9 \u00e0 \u00ab\u00a0garder son sang-froid\u00a0\u00bb car d&rsquo;apr\u00e8s lui, \u00ab\u00a0il n&rsquo;y aura pas de p\u00e9nurie nationale\u00a0\u00bb.<\/p>\n<\/div>\n<p><script>(function(d, s, id) {  var js, fjs = d.getElementsByTagName(s)[0];  if (d.getElementById(id)) return;  js = d.createElement(s); js.id = id;  js.src = \"\/\/connect.facebook.net\/fr_FR\/sdk.js#xfbml=1&version=v2.3\";  fjs.parentNode.insertBefore(js, fjs);}(document, \"script\", \"facebook-jssdk\"));<\/script><br \/>\n<br \/><br \/>\n<br \/><a href=\"https:\/\/www.francesoir.fr\/societe-economie\/prix-de-l-essence-bercy-recoit-jeudi-les-distributeurs-pour-s-assurer-de-hausses\" target=\"_blank\"\">Source link <\/a><\/p>\n","protected":false},"excerpt":{"rendered":"<p>Le minist\u00e8re de l&rsquo;\u00c9conomie re\u00e7oit jeudi les distributeurs de carburant pour \u00ab\u00a0s&rsquo;assurer\u00a0\u00bb qu&rsquo;ils ne pratiqueront pas de hausses exag\u00e9r\u00e9es des prix, par rapport \u00e0 celle des cours du p\u00e9trole, a-t-il&hellip; <\/p>\n","protected":false},"author":1,"featured_media":24842,"comment_status":"open","ping_status":"open","sticky":false,"template":"","format":"standard","meta":{"footnotes":""},"categories":[1],"tags":[],"class_list":["post-24841","post","type-post","status-publish","format-standard","has-post-thumbnail","hentry","category-non-classe"],"_links":{"self":[{"href":"https:\/\/monde25.info\/index.php\/wp-json\/wp\/v2\/posts\/24841","targetHints":{"allow":["GET"]}}],"collection":[{"href":"https:\/\/monde25.info\/index.php\/wp-json\/wp\/v2\/posts"}],"about":[{"href":"https:\/\/monde25.info\/index.php\/wp-json\/wp\/v2\/types\/post"}],"author":[{"embeddable":true,"href":"https:\/\/monde25.info\/index.php\/wp-json\/wp\/v2\/users\/1"}],"replies":[{"embeddable":true,"href":"https:\/\/monde25.info\/index.php\/wp-json\/wp\/v2\/comments?post=24841"}],"version-history":[{"count":0,"href":"https:\/\/monde25.info\/index.php\/wp-json\/wp\/v2\/posts\/24841\/revisions"}],"wp:featuredmedia":[{"embeddable":true,"href":"https:\/\/monde25.info\/index.php\/wp-json\/wp\/v2\/media\/24842"}],"wp:attachment":[{"href":"https:\/\/monde25.info\/index.php\/wp-json\/wp\/v2\/media?parent=24841"}],"wp:term":[{"taxonomy":"category","embeddable":true,"href":"https:\/\/monde25.info\/index.php\/wp-json\/wp\/v2\/categories?post=24841"},{"taxonomy":"post_tag","embeddable":true,"href":"https:\/\/monde25.info\/index.php\/wp-json\/wp\/v2\/tags?post=24841"}],"curies":[{"name":"wp","href":"https:\/\/api.w.org\/{rel}","templated":true}]}}