{"id":24843,"date":"2026-03-05T09:38:26","date_gmt":"2026-03-05T08:38:26","guid":{"rendered":"https:\/\/monde25.info\/index.php\/2026\/03\/05\/dix-etats-europeens-elaborent-des-plans-devacuation-en-cas-de-crise-rt-en-francais\/"},"modified":"2026-03-05T09:38:26","modified_gmt":"2026-03-05T08:38:26","slug":"dix-etats-europeens-elaborent-des-plans-devacuation-en-cas-de-crise-rt-en-francais","status":"publish","type":"post","link":"https:\/\/monde25.info\/index.php\/2026\/03\/05\/dix-etats-europeens-elaborent-des-plans-devacuation-en-cas-de-crise-rt-en-francais\/","title":{"rendered":"dix \u00c9tats europ\u00e9ens \u00e9laborent des plans d\u2019\u00e9vacuation en cas de crise \u2014 RT en fran\u00e7ais"},"content":{"rendered":"<p> <br \/>\n<br \/><img decoding=\"async\" src=\"https:\/\/mf.b37mrtl.ru\/french\/images\/2026.03\/thumbnail\/69a9339687f3ec120536c0fe.jpg\" \/><\/p>\n<div>\n<p class=\"text__summary\">\n                                        Face aux risques de crises majeures ou d\u2019escalade militaire en Europe, de nombreux pays europ\u00e9ens du Nord ont d\u00e9cid\u00e9 d\u2019anticiper les mouvements de population. Dix \u00c9tats travaillent d\u00e9sormais \u00e0 des dispositifs communs afin d\u2019organiser, si n\u00e9cessaire, l\u2019\u00e9vacuation de civils vers les territoires voisins et d\u2019assurer leur prise en charge.\n                                    <\/p>\n<p>Dix \u00c9tats d\u2019Europe du Nord ont d\u00e9cid\u00e9 d\u2019\u00e9laborer ensemble des plans destin\u00e9s \u00e0 organiser l\u2019\u00e9vacuation de civils au-del\u00e0 des fronti\u00e8res nationales en cas de crise majeure ou de conflit arm\u00e9 dans la r\u00e9gion, <a target=\"_blank\" href=\"https:\/\/www.reuters.com\/world\/northern-european-nations-agree-draw-up-joint-evacuation-plans-event-crisis-or-2026-03-04\/\" target=\"_blank\" rel=\"noopener noreferrer\">rapporte Reuters<\/a>, citant des sources su\u00e9doises. L\u2019initiative viserait \u00e0 renforcer la pr\u00e9paration collective face \u00e0 des situations d\u2019urgence susceptibles d\u2019affecter la s\u00e9curit\u00e9 du continent.<\/p>\n<p>Les pays concern\u00e9s sont l\u2019Allemagne et la Pologne, ainsi que plusieurs membres de l\u2019OTAN situ\u00e9s dans le nord de l\u2019Europe : l\u2019Estonie, la Lettonie, la Lituanie, la Su\u00e8de, la Norv\u00e8ge, la Finlande, l\u2019Islande et le Danemark. Ensemble, ils comptent mettre en place des m\u00e9canismes communs permettant d\u2019organiser efficacement des d\u00e9placements de population si une crise l\u2019exige.<\/p>\n<p>Les plans envisag\u00e9s doivent couvrir diff\u00e9rents aspects pratiques, notamment les moyens de transport, l\u2019organisation des contr\u00f4les aux fronti\u00e8res, la cr\u00e9ation de corridors de d\u00e9placement et la coordination entre autorit\u00e9s nationales. L\u2019objectif est d\u2019assurer que, dans une situation d\u2019urgence, les mouvements de civils puissent \u00eatre\u00a0effectu\u00e9s rapidement et de mani\u00e8re structur\u00e9e.<\/p>\n<p>Selon le minist\u00e8re su\u00e9dois de la D\u00e9fense, \u00ab\u00a0l\u2019exp\u00e9rience r\u00e9cente du conflit en Ukraine\u00a0\u00bb a montr\u00e9 que les d\u00e9placements temporaires de population pourraient \u00ab\u00a0contribuer \u00e0 maintenir la capacit\u00e9 de d\u00e9fense d\u2019un pays tout en prot\u00e9geant les civils\u00a0\u00bb.<\/p>\n<p>Outre la logistique des transports et des itin\u00e9raires, les discussions portent \u00e9galement sur les modalit\u00e9s d\u2019accueil et d\u2019enregistrement des personnes \u00e9vacu\u00e9es. Une attention particuli\u00e8re devrait \u00eatre accord\u00e9e aux groupes les plus vuln\u00e9rables afin de garantir leur protection pendant les op\u00e9rations d\u2019\u00e9vacuation.<\/p>\n<p>Pour Stockholm, l\u2019accord vise avant tout \u00e0 am\u00e9liorer la protection des populations civiles face aux crises majeures. Dans le sc\u00e9nario le plus grave, celui d\u2019un conflit arm\u00e9, ces m\u00e9canismes devraient permettre aux pays partenaires d\u2019agir de mani\u00e8re coordonn\u00e9e et d\u2019apporter une r\u00e9ponse rapide aux d\u00e9placements de population.<\/p>\n<\/div>\n<p><br \/>\n<br \/><a href=\"https:\/\/francais.rt.com\/international\/131226-folie-guerre-dix-etats-europeens-elaborent-des-plans-d-evacuation-en-cas-de-crise\" target=\"_blank\"\">Source link <\/a><\/p>\n","protected":false},"excerpt":{"rendered":"<p>Face aux risques de crises majeures ou d\u2019escalade militaire en Europe, de nombreux pays europ\u00e9ens du Nord ont d\u00e9cid\u00e9 d\u2019anticiper les mouvements de population. Dix \u00c9tats travaillent d\u00e9sormais \u00e0 des&hellip; <\/p>\n","protected":false},"author":1,"featured_media":24844,"comment_status":"open","ping_status":"open","sticky":false,"template":"","format":"standard","meta":{"footnotes":""},"categories":[1],"tags":[],"class_list":["post-24843","post","type-post","status-publish","format-standard","has-post-thumbnail","hentry","category-non-classe"],"_links":{"self":[{"href":"https:\/\/monde25.info\/index.php\/wp-json\/wp\/v2\/posts\/24843","targetHints":{"allow":["GET"]}}],"collection":[{"href":"https:\/\/monde25.info\/index.php\/wp-json\/wp\/v2\/posts"}],"about":[{"href":"https:\/\/monde25.info\/index.php\/wp-json\/wp\/v2\/types\/post"}],"author":[{"embeddable":true,"href":"https:\/\/monde25.info\/index.php\/wp-json\/wp\/v2\/users\/1"}],"replies":[{"embeddable":true,"href":"https:\/\/monde25.info\/index.php\/wp-json\/wp\/v2\/comments?post=24843"}],"version-history":[{"count":0,"href":"https:\/\/monde25.info\/index.php\/wp-json\/wp\/v2\/posts\/24843\/revisions"}],"wp:featuredmedia":[{"embeddable":true,"href":"https:\/\/monde25.info\/index.php\/wp-json\/wp\/v2\/media\/24844"}],"wp:attachment":[{"href":"https:\/\/monde25.info\/index.php\/wp-json\/wp\/v2\/media?parent=24843"}],"wp:term":[{"taxonomy":"category","embeddable":true,"href":"https:\/\/monde25.info\/index.php\/wp-json\/wp\/v2\/categories?post=24843"},{"taxonomy":"post_tag","embeddable":true,"href":"https:\/\/monde25.info\/index.php\/wp-json\/wp\/v2\/tags?post=24843"}],"curies":[{"name":"wp","href":"https:\/\/api.w.org\/{rel}","templated":true}]}}