{"id":24847,"date":"2026-03-05T11:16:49","date_gmt":"2026-03-05T10:16:49","guid":{"rendered":"https:\/\/monde25.info\/index.php\/2026\/03\/05\/guerre-en-iran-la-crainte-dune-penurie-alimentaire\/"},"modified":"2026-03-05T11:16:49","modified_gmt":"2026-03-05T10:16:49","slug":"guerre-en-iran-la-crainte-dune-penurie-alimentaire","status":"publish","type":"post","link":"https:\/\/monde25.info\/index.php\/2026\/03\/05\/guerre-en-iran-la-crainte-dune-penurie-alimentaire\/","title":{"rendered":"Guerre en Iran\u00a0: la crainte d&#039;une p\u00e9nurie alimentaire"},"content":{"rendered":"<p> <br \/>\n<br \/><img loading=\"lazy\" decoding=\"async\" src=\"https:\/\/reporterre.net\/local\/cache-vignettes\/L700xH467\/afp__20260302__2264411300__v2__highres__usandisraelwagewaragainstiran_1_-3e8b8.jpg?1772697407\" class=\"spip_logo\" width=\"700\" height=\"467\" alt=\"\" \/><\/p>\n<p>Priorit\u00e9 \u00e0 la population. Le gouvernement iranien a annonc\u00e9 le 3\u00a0mars l&rsquo;interdiction d&rsquo;exporter des produits alimentaires et agricoles, rapporte l&rsquo;Agence France-Presse, en raison du conflit en cours avec Isra\u00ebl et les \u00c9tats-Unis. Ces derniers ont lanc\u00e9 le 28\u00a0f\u00e9vrier des bombardements sur l&rsquo;Iran, dans l&rsquo;objectif de renverser le r\u00e9gime. <br class=\"autobr\" \/><br \/>\nInterdiction, donc, de faire sortir du pays de la nourriture. \u00c0 T\u00e9h\u00e9ran, un journaliste de la <span class=\"caps\">BBC<\/span> constate que les habitants font d\u00e9sormais des provisions de\u00a0(\u2026)<\/p>\n<p>                    <a target=\"_blank\" href=\"https:\/\/reporterre.net\/Guerre-en-Iran-la-crainte-d-une-penurie-alimentaire?utm_source=RSS&amp;utm_medium=RSS\">Lire la suite<\/a><\/p>\n<p>                    &#8211;<br \/>\n                        <a target=\"_blank\" href=\"https:\/\/reporterre.net\/Breves-20\" rel=\"directory\">En bref<\/a><\/p>\n<p>                    \/<br \/>\n                        <a target=\"_blank\" href=\"https:\/\/reporterre.net\/International\" rel=\"tag\">Monde<\/a><br \/>\n<br \/><br \/>\n<br \/><a href=\"https:\/\/reporterre.net\/Guerre-en-Iran-la-crainte-d-une-penurie-alimentaire\" target=\"_blank\"\">Source link <\/a><\/p>\n","protected":false},"excerpt":{"rendered":"<p>Priorit\u00e9 \u00e0 la population. Le gouvernement iranien a annonc\u00e9 le 3\u00a0mars l&rsquo;interdiction d&rsquo;exporter des produits alimentaires et agricoles, rapporte l&rsquo;Agence France-Presse, en raison du conflit en cours avec Isra\u00ebl et&hellip; <\/p>\n","protected":false},"author":1,"featured_media":0,"comment_status":"open","ping_status":"open","sticky":false,"template":"","format":"standard","meta":{"footnotes":""},"categories":[1],"tags":[],"class_list":["post-24847","post","type-post","status-publish","format-standard","hentry","category-non-classe"],"_links":{"self":[{"href":"https:\/\/monde25.info\/index.php\/wp-json\/wp\/v2\/posts\/24847","targetHints":{"allow":["GET"]}}],"collection":[{"href":"https:\/\/monde25.info\/index.php\/wp-json\/wp\/v2\/posts"}],"about":[{"href":"https:\/\/monde25.info\/index.php\/wp-json\/wp\/v2\/types\/post"}],"author":[{"embeddable":true,"href":"https:\/\/monde25.info\/index.php\/wp-json\/wp\/v2\/users\/1"}],"replies":[{"embeddable":true,"href":"https:\/\/monde25.info\/index.php\/wp-json\/wp\/v2\/comments?post=24847"}],"version-history":[{"count":0,"href":"https:\/\/monde25.info\/index.php\/wp-json\/wp\/v2\/posts\/24847\/revisions"}],"wp:attachment":[{"href":"https:\/\/monde25.info\/index.php\/wp-json\/wp\/v2\/media?parent=24847"}],"wp:term":[{"taxonomy":"category","embeddable":true,"href":"https:\/\/monde25.info\/index.php\/wp-json\/wp\/v2\/categories?post=24847"},{"taxonomy":"post_tag","embeddable":true,"href":"https:\/\/monde25.info\/index.php\/wp-json\/wp\/v2\/tags?post=24847"}],"curies":[{"name":"wp","href":"https:\/\/api.w.org\/{rel}","templated":true}]}}