{"id":24854,"date":"2026-03-05T14:01:45","date_gmt":"2026-03-05T13:01:45","guid":{"rendered":"https:\/\/monde25.info\/index.php\/2026\/03\/05\/le-monde-diplomatique-mars-2026\/"},"modified":"2026-03-05T14:01:45","modified_gmt":"2026-03-05T13:01:45","slug":"le-monde-diplomatique-mars-2026","status":"publish","type":"post","link":"https:\/\/monde25.info\/index.php\/2026\/03\/05\/le-monde-diplomatique-mars-2026\/","title":{"rendered":"Le Monde Diplomatique, mars 2026"},"content":{"rendered":"<p> <br \/>\n<\/p>\n<div id=\"\">\n<p><i>Le Monde Diplomatique<\/i> donne la parole \u00e0 Francesca Albanese\u00a0:\u00a0\u00ab\u00a0Le ministre des affaires \u00e9trang\u00e8res fran\u00e7ais, M.\u00a0Jean-No\u00ebl Barrot, persiste, signe et s\u2019enferre\u00a0: la rapporteuse sp\u00e9ciale des Nations unies sur la situation dans les territoires palestiniens occup\u00e9s doit d\u00e9missionner&#8230; pour des propos qu\u2019elle n\u2019a pas tenus. Mme\u00a0Francesca Albanese r\u00e9pond dans nos colonnes \u00e0 la vaste campagne de d\u00e9nigrement dont elle est victime.<\/p>\n<p>\u00ab\u00a0Depuis\u00a0plus de deux ans, mon mandat fait l\u2019objet de pol\u00e9miques soigneusement orchestr\u00e9es, et d\u2019une virulence croissante. Le 8\u00a0f\u00e9vrier, une d\u00e9put\u00e9e fran\u00e7aise a attaqu\u00e9 ma personne sur la base de d\u00e9clarations tronqu\u00e9es me faisant dire qu\u2019Isra\u00ebl \u00ab\u00a0est l\u2019ennemi commun de l\u2019humanit\u00e9\u00a0\u00bb, alors que mon discours visait les pays qui ont arm\u00e9 Isra\u00ebl, ainsi que les m\u00e9dias et les algorithmes des r\u00e9seaux sociaux qui ont amplifi\u00e9 le discours g\u00e9nocidaire. Sans prendre soin de v\u00e9rifier la teneur exacte de mes dires ni examiner les faits, le ministre des affaires \u00e9trang\u00e8res fran\u00e7ais Jean-No\u00ebl Barrot s\u2019est aussit\u00f4t fait l\u2019\u00e9cho de ces attaques \u00e0 l\u2019\u00e9chelle internationale, condamnant comme\u00a0\u00ab\u00a0outranciers et coupables\u00a0\u00bb\u00a0des propos que je n\u2019ai jamais tenus et annon\u00e7ant que la France saisirait le Conseil des droits de l\u2019homme des Nations unies pour appeler \u00e0 ma d\u00e9mission. Ses homologues italien, allemand et tch\u00e8que lui ont embo\u00eet\u00e9 le pas, sans davantage proc\u00e9der aux v\u00e9rifications \u00e9l\u00e9mentaires qu\u2019exige leur charge. Le 19\u00a0f\u00e9vrier, le premier ministre fran\u00e7ais S\u00e9bastien Lecornu a publiquement repris la m\u00eame demande.\u00a0\u00bb<\/p>\n<p>Pour Christophe Ventura, Cuba est bien seule\u00a0:\u00a0\u00ab\u00a0Est-ce la fin de la r\u00e9volution cubaine\u00a0? Le pr\u00e9sident am\u00e9ricain Donald Trump et son secr\u00e9taire d\u2019\u00c9tat Marco Rubio semblent bien d\u00e9cid\u00e9s \u00e0 la faire advenir. En qu\u00eate d\u2019un nouveau troph\u00e9e imp\u00e9rial, ils appliquent la m\u00e9thode test\u00e9e avec succ\u00e8s contre le Venezuela, l\u2019alli\u00e9 num\u00e9ro un de La Havane et son premier soutien \u00e9conomique depuis les ann\u00e9es\u00a02000. Pour un adversaire des \u00c9tats-Unis en Am\u00e9rique latine, M.\u00a0Trump et son administration n\u2019envisagent qu\u2019un destin\u00a0: la soumission. Mais deux chemins peuvent y conduire. La premi\u00e8re voie est celle de la n\u00e9gociation \u2014 avec un pistolet sur la tempe\u00a0\u2014, qui doit aboutir \u00e0 un \u00ab\u00a0accord\u00a0\u00bb, aux conditions am\u00e9ricaines. Si cette premi\u00e8re option s\u2019av\u00e8re impraticable, la seconde s\u2019impose, comme ce fut finalement le cas \u00e0 Caracas\u00a0: l\u2019utilisation de la force brute. C\u2019est alors M.\u00a0Trump qui fixe, seul, les r\u00e8gles, donne le tempo et siffle la fin de la partie. Le locataire de la Maison Blanche dispose d\u2019un atout redoutable dans la confrontation\u00a0: son impr\u00e9visibilit\u00e9. \u00c0 tout moment, il peut changer d\u2019avis et frapper. La mise en sc\u00e8ne de son \u00ab\u00a0imperium\u00a0\u00bb est dor\u00e9navant bien huil\u00e9e, presque ritualis\u00e9e. M.\u00a0Trump a pris l\u2019habitude de partager ses humeurs du jour avec quelques journalistes. Une intervention militaire \u00e0 Cuba\u00a0?\u00a0\u00ab\u00a0Ce ne serait pas une op\u00e9ration tr\u00e8s difficile comme vous pouvez l\u2019imaginer. Mais je ne pense pas que cela sera n\u00e9cessaire\u00a0\u00bb<\/p>\n<p>Nos maires sont en campagne(Julian Mischi)\u00a0:\u00a0\u00ab\u00a0\u00c1 la suite du scrutin municipal de 2014, journalistes et universitaires se sont press\u00e9s pour observer de pr\u00e8s l\u2019exp\u00e9rience de d\u00e9mocratie locale \u00e0 l\u2019\u0153uvre \u00e0 Saillans, un bourg de 1\u00a0300\u00a0habitants situ\u00e9 au pied du Vercors. Des habitants, oppos\u00e9s aux \u00e9lus sortants \u00e0 propos de l\u2019installation d\u2019un supermarch\u00e9, avaient constitu\u00e9 une liste citoyenne et remport\u00e9 le scrutin, en promettant une gestion coll\u00e9giale et participative. Ce laboratoire politique n\u2019\u00e9merge pas n\u2019importe o\u00f9\u00a0: nous sommes dans le Diois, une partie de la Dr\u00f4me qui voit, depuis plusieurs d\u00e9cennies, l\u2019arriv\u00e9e de n\u00e9oruraux dipl\u00f4m\u00e9s, fortement impliqu\u00e9s dans la vie associative.\u00a0\u00bb<\/p>\n<p>Constantin Brissaud d\u00e9busque l\u2019invention du trou de la S\u00e9cu\u00a0:\u00a0\u00ab\u00a0Les syst\u00e8mes de protection sociale mis en place par de nombreux pays apr\u00e8s la seconde guerre mondiale appr\u00e9hendaient la sant\u00e9 comme une condition n\u00e9cessaire au bien-\u00eatre. Huit d\u00e9cennies plus tard, elle n\u2019appara\u00eet plus dans les discours publics et les m\u00e9dias que comme une \u00ab\u00a0d\u00e9pense\u00a0\u00bb comptable. Entre-temps, une sourde bataille dans les institutions internationales fut men\u00e9e \u2014 et perdue.\u00a0\u00bb<\/p>\n<p>Ars\u00e8ne Ruhlman nous emm\u00e8ne \u00e0 bord du TGV chinois\u00a0:\u00a0\u00ab\u00a0Qu\u2019est-ce que le train \u00e0 grande vitesse chinois\u00a0? Un \u00e9cosyst\u00e8me technique int\u00e9gr\u00e9 \u00e0 l\u2019\u00e9chelle vertigineuse, une prouesse d\u2019ing\u00e9nierie \u00e0 l\u2019\u00e9quilibre \u00e9conomique fragile, un puissant vecteur d\u2019int\u00e9gration r\u00e9gionale. Tout cela, sans doute, mais aussi une vitrine que la Chine aime pr\u00e9senter au monde dans le cadre de ce que la presse locale a baptis\u00e9 la \u00ab\u00a0diplomatie du TGV\u00a0\u00bb<\/p>\n<p>Tom Stevenson \u00e9voque la surench\u00e8re de M.\u00a0Bukele\u00a0:\u00a0\u00ab\u00a0Pour les droites latino-am\u00e9ricaines, le pr\u00e9sident salvadorien fait figure de mod\u00e8le en mati\u00e8re de lutte contre le crime organis\u00e9. Sa politique de la \u00ab\u00a0main de fer\u00a0\u00bb multiplie les violations des droits humains, au nom du combat antigang. Elle inspire d\u2019autres \u00c9tats comme l\u2019\u00c9quateur. Et enchante Washington, qui expulse ses migrants encombrants vers les prisons du pays centre-am\u00e9ricain.\u00a0\u00bb<\/p>\n<p>Dans les vergers de Californie, des enfants triment et tremblent (Robert Lopez)\u00a0:\u00a0\u00ab\u00a0epuis des d\u00e9cennies, des enfants n\u00e9s aux \u00c9tats-Unis ramassent les fruits en Californie aux c\u00f4t\u00e9s de leurs parents immigr\u00e9s. Les luttes syndicales des ann\u00e9es 1960 et 1970 leur ont permis d\u2019acqu\u00e9rir certains droits. Mais pas assez pour vivre correctement, prot\u00e9g\u00e9s des accidents du travail et des pesticides. \u00c0 cela, la police de l\u2019immigration ajoute \u00e0 pr\u00e9sent la peur de l\u2019expulsion de leurs proches.\u00a0\u00bb.<\/p>\n<p>Pour Eva Tapiero, la col\u00e8re rurale couve au Maroc\u00a0:\u00a0\u00ab\u00a0Partenaire choy\u00e9 de l\u2019Union europ\u00e9enne, le royaume a connu plusieurs contestations au cours des derni\u00e8res ann\u00e9es, dont celle de la \u00ab\u00a0Gen Z\u00a0212\u00a0\u00bb, sigle choisi par la jeunesse en r\u00e9volte contre les in\u00e9galit\u00e9s et la corruption. Les revendications qu\u2019elle formule font \u00e9cho \u00e0 celles des travailleurs agricoles, qui ne b\u00e9n\u00e9ficient que tr\u00e8s peu de la manne des exportations de fruits et de l\u00e9gumes.\u00a0\u00bb<\/p>\n<p>Bernard Hourcade demande quelle rel\u00e8ve pour l\u2019ran\u00a0:\u00a0\u00ab\u00a0Depuis\u00a0le d\u00e9but de l\u2019ann\u00e9e, les \u00c9tats-Unis ont souffl\u00e9 alternativement le chaud et le froid sur l\u2019Iran. D\u2019un c\u00f4t\u00e9, l\u2019administration am\u00e9ricaine a d\u00e9ploy\u00e9 une imposante armada a\u00e9ronavale dans les eaux du golfe Persique et dans ses bases de la r\u00e9gion. Pour de nombreux observateurs, il ne fait aucun doute qu\u2019une telle concentration d\u2019avions et de navires de guerre, dont deux porte-avions, ne peut qu\u2019\u00eatre le pr\u00e9lude \u00e0 une attaque d\u2019envergure, f\u00fbt-elle limit\u00e9e dans le temps. De l\u2019autre, Washington et T\u00e9h\u00e9ran ont accept\u00e9 de reprendre les n\u00e9gociations au sujet du programme nucl\u00e9aire iranien, mais il s\u2019agit, derri\u00e8re cette question strat\u00e9gique, d\u2019une tentative de r\u00e9gler le contentieux politique global qui oppose l\u2019Iran et les \u00c9tats-Unis depuis la prise en otage des diplomates am\u00e9ricains en 1979. S\u2019il est difficile de pr\u00e9voir quelles seraient les cons\u00e9quences d\u2019une op\u00e9ration militaire, notamment en ce qui concerne la survie du r\u00e9gime iranien, une \u00e9ventuelle, longue et difficile \u00ab\u00a0normalisation\u00a0\u00bb Iran &#8211; \u00c9tats-Unis serait une nouvelle r\u00e9volution pour les Iraniens, car elle saperait les fondements id\u00e9ologiques de la R\u00e9publique islamique.<\/p>\n<p>La r\u00e9volution iranienne de 1979 fut marqu\u00e9e par l\u2019irruption de l\u2019islam populaire comme force politique. Depuis lors, on a surtout regard\u00e9 la R\u00e9publique islamique au prisme de l\u2019islam r\u00e9volutionnaire et r\u00e9guli\u00e8rement pr\u00e9dit sa chute imminente en occultant les forces et id\u00e9es politiques d\u2019ind\u00e9pendance, de libert\u00e9, de respect des droits humains et de justice sociale qui avaient abouti au renversement d\u2019une monarchie despotique et inf\u00e9od\u00e9e aux \u00c9tats-Unis. Ces forces n\u2019ont jamais disparu, tandis que le r\u00e9gime s\u2019enfermait dans le despotisme et la corruption et que la soci\u00e9t\u00e9 continuait de se transformer et, souvent, de se r\u00e9volter.\u00a0\u00bb<\/p>\n<p>Fanny Pigeaud estime que Washington veut d\u00e9loger P\u00e9kin du Congo\u00a0:\u00a0\u00ab\u00a0Premier producteur mondial de cobalt et deuxi\u00e8me de cuivre, la R\u00e9publique d\u00e9mocratique du Congo est devenue l\u2019un des principaux th\u00e9\u00e2tres de l\u2019offensive am\u00e9ricaine pour s\u00e9curiser l\u2019acc\u00e8s aux ressources strat\u00e9giques, sur fond de rivalit\u00e9 croissante avec la Chine. Soutenus par la Maison Blanche, les investisseurs cherchent \u00e0 s\u2019implanter dans un pays toujours en proie \u00e0 une guerre d\u00e9vastatrice.\u00a0\u00bb<\/p>\n<p>Philippe Descamps montre que Montpelleier parie sur la gratuit\u00e9 des transports\u00a0:\u00a0\u00ab\u00a0En\u00a02018 et 2019 ont eu lieu deux ph\u00e9nom\u00e8nes majeurs dans notre histoire sociale\u00a0: les \u201cgilets jaunes\u201d et les marches des jeunes pour le climat. En cherchant une r\u00e9ponse politique, j\u2019ai commenc\u00e9 \u00e0 m\u2019int\u00e9resser \u00e0 la gratuit\u00e9 des transports.\u00a0\u00bb\u00c9lu maire de Montpellier et pr\u00e9sident de la m\u00e9tropole en 2020, le socialiste Micha\u00ebl Delafosse a fait de ce sujet un\u00a0\u00ab\u00a0totem\u00a0\u00bb,un engagement qui figurait sur ses bulletins de vote. Il cite le \u00ab\u00a0droit \u00e0 la ville\u00a0\u00bb d\u2019Henri Lefebvre pour d\u00e9fendre ce choix\u00a0\u00ab\u00a0structurant\u00a0\u00bbreliant\u00a0\u00ab\u00a0justice sociale, transition \u00e9cologique et coh\u00e9sion territoriale\u00a0\u00bb,\u00a0dans une commune o\u00f9 le taux de pauvret\u00e9 atteint 28\u00a0%, contre 15,4\u00a0% en France m\u00e9tropolitaine.\u00a0\u00bb<\/p>\n<p>Serge Halimi et Pierre Rimbert d\u00e9noncent les \u201c\u00a0fake news\u00a0\u201d du Quai d\u2019Orsay\u00a0:\u00a0\u00ab\u00a0O\u00f9\u00a0va la diplomatie fran\u00e7aise\u00a0? Et qui parle en son nom\u00a0? Lorsque la r\u00e9action de M.\u00a0Emmanuel Macron \u00e0 l\u2019enl\u00e8vement de son homologue v\u00e9n\u00e9zu\u00e9lien par des militaires am\u00e9ricains fut \u00e0 ce point enthousiaste que M.\u00a0Donald Trump la relaya aussit\u00f4t sur son compte, le pr\u00e9sident fran\u00e7ais en parut embarrass\u00e9. Pour un d\u00e9fenseur proclam\u00e9 du droit international contre les transgressions des \u00ab\u00a0r\u00e9gimes autoritaires\u00a0\u00bb, saluer l\u2019action meurtri\u00e8re (une centaine de tu\u00e9s) d\u2019un commando dans une capitale \u00e9trang\u00e8re faisait plut\u00f4t mauvais genre. M.\u00a0Macron se d\u00e9fendit en expliquant&#8230; qu\u2019il ne fallait pas accorder la moindre importance \u00e0 sa r\u00e9action sur X\u00a0:\u00a0\u00ab\u00a0La politique ne se fait pas avec des \u201ctweets\u201d. La seule chose qui compte, c\u2019est le communiqu\u00e9 du ministre des affaires \u00e9trang\u00e8res\u00a0\u00bb \u2014un communiqu\u00e9 qu\u2019il disait avoir\u00a0\u00ab\u00a0cautionn\u00e9\u00a0\u00bb\u00a0(Le Monde,10\u00a0janvier 2026).\u00a0\u00bb<\/p>\n<p>Dominique Pinsolle \u00e9voque la vertu selon\u00a0Netflix\u00a0:\u00a0\u00ab\u00a0S\u00e9rie\u00a0phare de Netflix au succ\u00e8s plan\u00e9taire,\u00a0Stranger Things(2016-2026) a \u00e9t\u00e9 rapidement accueillie comme une \u0153uvre progressiste. Probablement parce que, entre fantastique et science-fiction, cette histoire d\u2019enfants passionn\u00e9s de jeux de r\u00f4les et confront\u00e9s \u00e0 des forces mal\u00e9fiques cultive la nostalgie des ann\u00e9es\u00a01980 \u2014 o\u00f9 elle se d\u00e9roule \u2014 sous l\u2019angle du f\u00e9minisme, de la diversit\u00e9 culturelle et de la marginalit\u00e9. Lors de la remise d\u2019un prix couronnant la s\u00e9rie en 2017, l\u2019acteur David Harbour s\u2019est enflamm\u00e9, au nom de tous ses coll\u00e8gues\u00a0:\u00a0\u00ab\u00a0Cette r\u00e9compense\u00a0(&#8230;)\u00a0est un appel\u00a0(&#8230;)\u00a0\u00e0 construire, \u00e0 travers notre art, une soci\u00e9t\u00e9 plus empathique et plus compr\u00e9hensive\u00a0(&#8230;).\u00a0Nous repousserons les brutes, nous prot\u00e9gerons les marginaux et les exclus, ceux qui n\u2019ont pas de foyer.\u00a0\u00bb\u00a0Il n\u2019en fallait pas davantage, au d\u00e9but de l\u2019\u00e8re Trump, pour voir dans ce programme l\u2019avant-garde d\u2019une r\u00e9sistance culturelle port\u00e9e par Netflix, plate-forme r\u00e9put\u00e9e proche des id\u00e9es d\u00e9mocrates. L\u2019univers parall\u00e8le au c\u0153ur de l\u2019histoire (le \u00ab\u00a0Monde \u00e0 l\u2019envers\u00a0\u00bb) et ses inqui\u00e9tantes cr\u00e9atures ont m\u00eame \u00e9t\u00e9 per\u00e7us comme une m\u00e9taphore de l\u2019Am\u00e9rique ravag\u00e9e par le n\u00e9olib\u00e9ralisme. Et comment ne pas assimiler au pr\u00e9sident r\u00e9publicain le tra\u00eetre de la troisi\u00e8me saison (un politicien blond, affairiste et corrompu par les Russes)\u00a0?\u00a0\u00bb<\/p>\n<p>Olivier Koch et Nikos Smyrnaios d\u00e9nonce ce que l\u2019IA inflige au journalisme\u00a0:\u00a0\u00ab\u00a0Il suffit de mettre en parall\u00e8le l\u2019efficacit\u00e9 des robots conversationnels et la m\u00e9diocrit\u00e9 de l\u2019information produite par la plupart des m\u00e9dias pour go\u00fbter une am\u00e8re ironie\u00a0: volontairement asservi \u00e0 la pression du clic et de l\u2019instantan\u00e9, le journalisme s\u2019est lui-m\u00eame rendu automatisable. Face \u00e0 l\u2019intelligence artificielle, la presse doit se refonder ou dispara\u00eetre.\u00a0\u00bb<\/p>\n<p>Lahouari Addi a regard\u00e9 le monde vu de K\u00f6nigsberg\u00a0:\u00a0\u00ab\u00a0\u00c0 la toute fin du\u00a0xviiie\u00a0si\u00e8cle, le philosophe Emmanuel Kant (1724-1804) s\u2019engageait sur le terrain cosmopolitique, et r\u00e9fl\u00e9chissait aux conditions d\u2019une \u00ab\u00a0paix perp\u00e9tuelle\u00a0\u00bb. Sa pens\u00e9e, fondatrice pour le droit international, reste vivace. Elle \u00e9claire les dynamiques guerri\u00e8res, les dilemmes s\u00e9curitaires, les blocages diplomatiques et les tragiques renversements qui caract\u00e9risent notre \u00e9poque.\u00a0\u00bb<\/p>\n<p>Lionel Richard explique l\u2019art de durer en politique\u00a0:\u00a0\u00ab\u00a0Comment un parlementaire \u00ab\u00a0de gauche\u00a0\u00bb, engag\u00e9 dans le combat contre la haine raciste, a-t-il pu rallier Vichy et servir avec z\u00e8le le mar\u00e9chal\u00a0? Moins atypique qu\u2019il n\u2019y para\u00eet, le cas de Paul Marchandeau (1882-1968) \u00e9claire le r\u00f4le des ambitions personnelles, des connivences notabiliaires et des r\u00e9seaux de pouvoir dans les ph\u00e9nom\u00e8nes de d\u00e9rive politique.\u00a0\u00bb<\/p>\n<p>Jean-Arnault D\u00e9rens \u00e9voque des Balkans imaginaires\u00a0:\u00a0\u00ab\u00a0Ceux qui en ignoraient \u00e0 peu pr\u00e8s tout les ont r\u00eav\u00e9s longtemps et confus\u00e9ment. Les Balkans \u00e9taient de remarquables embrayeurs de fantasmes. Fronti\u00e8res ind\u00e9cises, paysages contrast\u00e9s, ils apparaissaient secrets, \u00e0 l\u2019\u00e9cart de la modernit\u00e9, d\u2019une singularit\u00e9 qui favorise leur r\u00e9invention en principaut\u00e9s d\u2019op\u00e9rette ou en contr\u00e9es vaguement primitives.\u00a0\u00bb<\/p>\n<p>Evelyne Pieillier se demande pourquoi Saint-Exup\u00e9ry a \u00e9crit sur un mouton\u00a0:\u00a0\u00ab\u00a0e\u00a0n\u2019est pas juste un ph\u00e9nom\u00e8ne. C\u2019est un myst\u00e8re. Tout le monde conna\u00eet l\u2019inoxydable\u00a0\u00ab\u00a0S\u2019il vous pla\u00eet, dessine-moi un mouton\u00a0\u00bb.\u00a0On en est tout \u00e9mu ou tout crisp\u00e9, peu importe, on conna\u00eet. Depuis quatre-vingts ans, on conna\u00eet. De pr\u00e8s, de loin, comme s\u2019il faisait partie depuis toujours ou presque de l\u2019imaginaire collectif\u00a0; du patrimoine, pour tout dire. Le monde change,\u00a0Le Petit Prince\u00a0reste.<\/p>\n<p>Difficile de ne pas se demander pourquoi. L\u2019aviateur Antoine de Saint-Exup\u00e9ry, \u00e9crivain couronn\u00e9, combattant honor\u00e9, est \u00e0 New York depuis la fin\u00a01940\u00a0; il y a publi\u00e9\u00a0Pilote de guerre,\u00a0qui fut un grand succ\u00e8s. En 1943, il fait para\u00eetre un bref texte qu\u2019il a illustr\u00e9 de ses aquarelles, un conte pour les enfants, ceux qui en ont l\u2019\u00e2ge, ceux qui se rappellent l\u2019avoir \u00e9t\u00e9. Il d\u00e9die\u00a0Le Petit Prince\u00a0\u00e0 son ami, celui qui, cette m\u00eame ann\u00e9e\u00a01943, est d\u00e9j\u00e0 au c\u0153ur de sa\u00a0Lettre \u00e0 un otage,\u00a0l\u2019\u00e9crivain L\u00e9on Werth,\u00a0\u00ab\u00a0quand il \u00e9tait petit gar\u00e7on\u00a0\u00bb.<\/p>\n<p>En 1944, apr\u00e8s avoir rejoint l\u2019Afrique du Nord et repris du service dans l\u2019arm\u00e9e de l\u2019air, il dispara\u00eet dans la M\u00e9diterran\u00e9e au cours d\u2019une mission. D\u00e8s lors, il devient une l\u00e9gende. Un aviateur raconte sa rencontre, alors qu\u2019il est en panne dans le d\u00e9sert, avec un enfant venu d\u2019un lointain ast\u00e9ro\u00efde. Cet enfant, le Petit Prince, souverain et unique habitant de son univers, en est parti pour s\u2019\u00e9loigner de la capricieuse rose qu\u2019il aime. Il a voyag\u00e9, fait la connaissance de quelques habitants d\u2019autres plan\u00e8tes. Arriv\u00e9 sur Terre, il converse avec un renard dont il devient l\u2019ami, et avec un serpent. Il partage un long moment avec l\u2019aviateur, puis choisit de retourner chez lui. En se faisant piquer par le serpent.\u00a0\u00bb<\/p>\n<\/div>\n<p><br \/>\n<br \/><a href=\"https:\/\/www.legrandsoir.info\/le-monde-diplomatique-mars-2026.html\" target=\"_blank\"\">Source link <\/a><\/p>\n","protected":false},"excerpt":{"rendered":"<p>Le Monde Diplomatique donne la parole \u00e0 Francesca Albanese\u00a0:\u00a0\u00ab\u00a0Le ministre des affaires \u00e9trang\u00e8res fran\u00e7ais, M.\u00a0Jean-No\u00ebl Barrot, persiste, signe et s\u2019enferre\u00a0: la rapporteuse sp\u00e9ciale des Nations unies sur la situation dans&hellip; <\/p>\n","protected":false},"author":1,"featured_media":24855,"comment_status":"open","ping_status":"open","sticky":false,"template":"","format":"standard","meta":{"footnotes":""},"categories":[1],"tags":[],"class_list":["post-24854","post","type-post","status-publish","format-standard","has-post-thumbnail","hentry","category-non-classe"],"_links":{"self":[{"href":"https:\/\/monde25.info\/index.php\/wp-json\/wp\/v2\/posts\/24854","targetHints":{"allow":["GET"]}}],"collection":[{"href":"https:\/\/monde25.info\/index.php\/wp-json\/wp\/v2\/posts"}],"about":[{"href":"https:\/\/monde25.info\/index.php\/wp-json\/wp\/v2\/types\/post"}],"author":[{"embeddable":true,"href":"https:\/\/monde25.info\/index.php\/wp-json\/wp\/v2\/users\/1"}],"replies":[{"embeddable":true,"href":"https:\/\/monde25.info\/index.php\/wp-json\/wp\/v2\/comments?post=24854"}],"version-history":[{"count":0,"href":"https:\/\/monde25.info\/index.php\/wp-json\/wp\/v2\/posts\/24854\/revisions"}],"wp:featuredmedia":[{"embeddable":true,"href":"https:\/\/monde25.info\/index.php\/wp-json\/wp\/v2\/media\/24855"}],"wp:attachment":[{"href":"https:\/\/monde25.info\/index.php\/wp-json\/wp\/v2\/media?parent=24854"}],"wp:term":[{"taxonomy":"category","embeddable":true,"href":"https:\/\/monde25.info\/index.php\/wp-json\/wp\/v2\/categories?post=24854"},{"taxonomy":"post_tag","embeddable":true,"href":"https:\/\/monde25.info\/index.php\/wp-json\/wp\/v2\/tags?post=24854"}],"curies":[{"name":"wp","href":"https:\/\/api.w.org\/{rel}","templated":true}]}}