{"id":24866,"date":"2026-03-05T18:58:42","date_gmt":"2026-03-05T17:58:42","guid":{"rendered":"https:\/\/monde25.info\/index.php\/2026\/03\/05\/thierry-meyssan-sur-la-guerre-contre-le-peuple-iranien\/"},"modified":"2026-03-05T18:58:42","modified_gmt":"2026-03-05T17:58:42","slug":"thierry-meyssan-sur-la-guerre-contre-le-peuple-iranien","status":"publish","type":"post","link":"https:\/\/monde25.info\/index.php\/2026\/03\/05\/thierry-meyssan-sur-la-guerre-contre-le-peuple-iranien\/","title":{"rendered":"Thierry Meyssan sur la guerre contre le peuple iranien"},"content":{"rendered":"<p> <br \/>\n<\/p>\n<div id=\"article-text\">\n<div class=\"article-text-images crayon article-texte-223829 \">\n<div align=\"center\"><img loading=\"lazy\" decoding=\"async\" src=\"https:\/\/www.voltairenet.org\/local\/cache-vignettes\/L800xH500\/400_-_1_3_-171-1f278.jpg?1772719294\" class=\"spip_logo\" width=\"800\" height=\"500\" alt=\"\"\/><\/div>\n<p>Thierry Meyssan \u00e9tait l\u2019invit\u00e9 de Nicolas Soquer sur GPTV, le 4 mars. Il a recadr\u00e9 la narration m\u00e9diatique des guerres isra\u00e9liennes et \u00e9tats-uniennes contre l\u2019Iran.<\/p>\n<p>[l\u2019Intervention de T.M.\u00a0d\u00e9bute \u00e0 1h30 de la vid\u00e9o.]<\/p>\n<p>Il explique que les op\u00e9rations \u00e9tats-uniennes ne sont pas jointes, mais seulement coordonn\u00e9es, avec celles d\u2019Isra\u00ebl. L\u2019arm\u00e9e de l\u2019Air US d\u00e9truit toutes les formations militaires iraniennes, dont les Gardiens de la r\u00e9volution, tandis que l\u2019arm\u00e9e de l\u2019Air isra\u00e9lienne assassine tous les leaders politiques et religieux. Il n\u2019y a pas d\u2019\u00e9tat-major commun et un huiti\u00e8me des armes isra\u00e9liennes ne sont pas compatibles avec celles des USA.<\/p>\n<p>La Maison-Blanche esp\u00e8re ainsi pr\u00e9venir un usage isra\u00e9lien de la bombe atomique, comme ce fut le cas, en juin dernier.<\/p>\n<p>Isra\u00ebl pr\u00e9pare un soul\u00e8vement de toutes minorit\u00e9s (abkazes, arabes, az\u00e9ris, baloutches, kurdes). Des armes arrivent d\u00e9j\u00e0 sur place, via le Kurdistan iraquien. Il ne s\u2019agit pas d\u2019organiser le \u00ab\u00a0retour de la d\u00e9mocratie\u00a0\u00bb. Il n\u2019y en a jamais eu en Iran, Mais de balkaniser ce pays. De d\u00e9truire ce qui reste de ce pays.<\/p>\n<p>Le pr\u00e9sident Trump est contraint de suivre Isra\u00ebl s\u2019il ne veut pas que les banquiers de la diaspora exigent le remboursement de la dette abyssale des \u00c9tats-Unis.<\/p>\n<p><iframe loading=\"lazy\" title=\"Thierry Meyssan d\u00e9voile le plan d\u2019ISRA\u00cbL pour renverser l\u2019IRAN au m\u00e9pris de TRUMP | GPTV LA MATINALE\" width=\"1110\" height=\"624\" src=\"https:\/\/www.youtube.com\/embed\/uQygiBElmmA?feature=oembed\" frameborder=\"0\" allow=\"accelerometer; autoplay; clipboard-write; encrypted-media; gyroscope; picture-in-picture; web-share\" referrerpolicy=\"strict-origin-when-cross-origin\" allowfullscreen><\/iframe>\n<\/div>\n<aside>\n<\/aside>\n<div class=\"follow\" id=\"social\">\n<h4>Restez en contact<\/h4>\n<div class=\"follow-left\">\n<h5>Suivez-nous sur les r\u00e9seaux sociaux<\/h5>\n<p><a target=\"_blank\" href=\"https:\/\/www.facebook.com\/R%C3%A9seau-Voltaire-en-fran%C3%A7ais-106616878523973\" title=\"\" target=\"_blank\"><img decoding=\"async\" src=\"https:\/\/www.voltairenet.org\/squelettes\/images\/follow-fb.png\" alt=\"\"\/><\/a><br \/>\n<a target=\"_blank\" href=\"https:\/\/t.me\/reseauvoltaire\" title=\"\" target=\"_blank\"><img decoding=\"async\" src=\"https:\/\/www.voltairenet.org\/squelettes\/images\/follow-tg.png\" alt=\"\"\/><\/a><br \/>\n<a target=\"_blank\" href=\"https:\/\/twitter.com\/voltairenetFr\" title=\"\" target=\"_blank\"><img decoding=\"async\" src=\"https:\/\/www.voltairenet.org\/squelettes\/images\/follow-tw.png\" alt=\"\"\/><\/a>\n<\/div>\n<p><h5>Subscribe to weekly newsletter<\/h5>\n<\/p>\n<\/div>\n<p><!--\n\n<div><\/div>\n\n--><\/p>\n<\/div>\n<p><script async src=\"\/\/platform.twitter.com\/widgets.js\" charset=\"utf-8\"><\/script><br \/>\n<br \/><br \/>\n<br \/><a href=\"https:\/\/www.voltairenet.org\/article223829.html\" target=\"_blank\"\">Source link <\/a><\/p>\n","protected":false},"excerpt":{"rendered":"<p>Thierry Meyssan \u00e9tait l\u2019invit\u00e9 de Nicolas Soquer sur GPTV, le 4 mars. Il a recadr\u00e9 la narration m\u00e9diatique des guerres isra\u00e9liennes et \u00e9tats-uniennes contre l\u2019Iran. [l\u2019Intervention de T.M.\u00a0d\u00e9bute \u00e0 1h30&hellip; <\/p>\n","protected":false},"author":1,"featured_media":24867,"comment_status":"open","ping_status":"open","sticky":false,"template":"","format":"standard","meta":{"footnotes":""},"categories":[1],"tags":[],"class_list":["post-24866","post","type-post","status-publish","format-standard","has-post-thumbnail","hentry","category-non-classe"],"_links":{"self":[{"href":"https:\/\/monde25.info\/index.php\/wp-json\/wp\/v2\/posts\/24866","targetHints":{"allow":["GET"]}}],"collection":[{"href":"https:\/\/monde25.info\/index.php\/wp-json\/wp\/v2\/posts"}],"about":[{"href":"https:\/\/monde25.info\/index.php\/wp-json\/wp\/v2\/types\/post"}],"author":[{"embeddable":true,"href":"https:\/\/monde25.info\/index.php\/wp-json\/wp\/v2\/users\/1"}],"replies":[{"embeddable":true,"href":"https:\/\/monde25.info\/index.php\/wp-json\/wp\/v2\/comments?post=24866"}],"version-history":[{"count":0,"href":"https:\/\/monde25.info\/index.php\/wp-json\/wp\/v2\/posts\/24866\/revisions"}],"wp:featuredmedia":[{"embeddable":true,"href":"https:\/\/monde25.info\/index.php\/wp-json\/wp\/v2\/media\/24867"}],"wp:attachment":[{"href":"https:\/\/monde25.info\/index.php\/wp-json\/wp\/v2\/media?parent=24866"}],"wp:term":[{"taxonomy":"category","embeddable":true,"href":"https:\/\/monde25.info\/index.php\/wp-json\/wp\/v2\/categories?post=24866"},{"taxonomy":"post_tag","embeddable":true,"href":"https:\/\/monde25.info\/index.php\/wp-json\/wp\/v2\/tags?post=24866"}],"curies":[{"name":"wp","href":"https:\/\/api.w.org\/{rel}","templated":true}]}}