{"id":24877,"date":"2026-03-05T22:49:36","date_gmt":"2026-03-05T21:49:36","guid":{"rendered":"https:\/\/monde25.info\/index.php\/2026\/03\/05\/dechets-les-pratiques-dun-centre-de-recyclage-epinglees-lors-dun-controle\/"},"modified":"2026-03-05T22:49:36","modified_gmt":"2026-03-05T21:49:36","slug":"dechets-les-pratiques-dun-centre-de-recyclage-epinglees-lors-dun-controle","status":"publish","type":"post","link":"https:\/\/monde25.info\/index.php\/2026\/03\/05\/dechets-les-pratiques-dun-centre-de-recyclage-epinglees-lors-dun-controle\/","title":{"rendered":"D\u00e9chets\u00a0: les pratiques d&#039;un centre de recyclage \u00e9pingl\u00e9es lors d&#039;un contr\u00f4le"},"content":{"rendered":"<p> <br \/>\n<br \/><img loading=\"lazy\" decoding=\"async\" src=\"https:\/\/reporterre.net\/local\/cache-vignettes\/L700xH467\/desdehetsok-b73dc.jpg?1772723435\" class=\"spip_logo\" width=\"700\" height=\"467\" alt=\"\" \/><\/p>\n<p>Des monticules de d\u00e9chets en tout genre. Le 3\u00a0mars, la Direction r\u00e9gionale de l&rsquo;environnement, de l&rsquo;am\u00e9nagement et du logement a fait de dr\u00f4les de d\u00e9couvertes sur le site d&rsquo;un centre de recyclage situ\u00e9e sur la commune de Saint-\u00c9loi, dans la Ni\u00e8vre, selon le Journal du Centre. <br class=\"autobr\" \/><br \/>\nLa soci\u00e9t\u00e9 Astradec Environnement qui g\u00e8re ce centre semble ne pas avoir respect\u00e9 les r\u00e8gles r\u00e9gissant cette installation d\u00e9di\u00e9e au \u00ab<small class=\"fine d-inline\">\u00a0<\/small>transit, regroupement ou tri de m\u00e9taux ou de d\u00e9chets et d&rsquo;entreposage, d\u00e9pollution,\u00a0(\u2026)<\/p>\n<p>                    <a target=\"_blank\" href=\"https:\/\/reporterre.net\/Dechets-les-pratiques-d-un-centre-de-recyclage-epinglees-lors-d-un-controle?utm_source=RSS&amp;utm_medium=RSS\">Lire la suite<\/a><\/p>\n<p>                    &#8211;<br \/>\n                        <a target=\"_blank\" href=\"https:\/\/reporterre.net\/Breves-20\" rel=\"directory\">En bref<\/a><\/p>\n<p>                    \/<br \/>\n                        <a target=\"_blank\" href=\"https:\/\/reporterre.net\/Dechets\" rel=\"tag\">D\u00e9chets<\/a><br \/>\n<br \/><br \/>\n<br \/><a href=\"https:\/\/reporterre.net\/Dechets-les-pratiques-d-un-centre-de-recyclage-epinglees-lors-d-un-controle\" target=\"_blank\"\">Source link <\/a><\/p>\n","protected":false},"excerpt":{"rendered":"<p>Des monticules de d\u00e9chets en tout genre. Le 3\u00a0mars, la Direction r\u00e9gionale de l&rsquo;environnement, de l&rsquo;am\u00e9nagement et du logement a fait de dr\u00f4les de d\u00e9couvertes sur le site d&rsquo;un centre&hellip; <\/p>\n","protected":false},"author":1,"featured_media":0,"comment_status":"open","ping_status":"open","sticky":false,"template":"","format":"standard","meta":{"footnotes":""},"categories":[1],"tags":[],"class_list":["post-24877","post","type-post","status-publish","format-standard","hentry","category-non-classe"],"_links":{"self":[{"href":"https:\/\/monde25.info\/index.php\/wp-json\/wp\/v2\/posts\/24877","targetHints":{"allow":["GET"]}}],"collection":[{"href":"https:\/\/monde25.info\/index.php\/wp-json\/wp\/v2\/posts"}],"about":[{"href":"https:\/\/monde25.info\/index.php\/wp-json\/wp\/v2\/types\/post"}],"author":[{"embeddable":true,"href":"https:\/\/monde25.info\/index.php\/wp-json\/wp\/v2\/users\/1"}],"replies":[{"embeddable":true,"href":"https:\/\/monde25.info\/index.php\/wp-json\/wp\/v2\/comments?post=24877"}],"version-history":[{"count":0,"href":"https:\/\/monde25.info\/index.php\/wp-json\/wp\/v2\/posts\/24877\/revisions"}],"wp:attachment":[{"href":"https:\/\/monde25.info\/index.php\/wp-json\/wp\/v2\/media?parent=24877"}],"wp:term":[{"taxonomy":"category","embeddable":true,"href":"https:\/\/monde25.info\/index.php\/wp-json\/wp\/v2\/categories?post=24877"},{"taxonomy":"post_tag","embeddable":true,"href":"https:\/\/monde25.info\/index.php\/wp-json\/wp\/v2\/tags?post=24877"}],"curies":[{"name":"wp","href":"https:\/\/api.w.org\/{rel}","templated":true}]}}