{"id":24882,"date":"2026-03-06T03:13:34","date_gmt":"2026-03-06T02:13:34","guid":{"rendered":"https:\/\/monde25.info\/index.php\/2026\/03\/06\/la-montee-des-eaux-est-largement-sous-estimee-selon-une-etude\/"},"modified":"2026-03-06T03:13:34","modified_gmt":"2026-03-06T02:13:34","slug":"la-montee-des-eaux-est-largement-sous-estimee-selon-une-etude","status":"publish","type":"post","link":"https:\/\/monde25.info\/index.php\/2026\/03\/06\/la-montee-des-eaux-est-largement-sous-estimee-selon-une-etude\/","title":{"rendered":"La mont\u00e9e des eaux est largement sous-estim\u00e9e, selon une \u00e9tude"},"content":{"rendered":"<p> <br \/>\n<br \/><img loading=\"lazy\" decoding=\"async\" src=\"https:\/\/reporterre.net\/local\/cache-vignettes\/L700xH467\/pexels-quang-nguyen-vinh-222549-2148101-a9c33.jpg?1772721758\" class=\"spip_logo\" width=\"700\" height=\"467\" alt=\"\" \/><\/p>\n<p>C&rsquo;est un \u00ab<small class=\"fine d-inline\">\u00a0<\/small>angle mort<small class=\"fine d-inline\">\u00a0<\/small>\u00bb aux \u00ab<small class=\"fine d-inline\">\u00a0<\/small>cons\u00e9quences consid\u00e9rables<small class=\"fine d-inline\">\u00a0<\/small>\u00bb. La mont\u00e9e du niveau des oc\u00e9ans est sous-estim\u00e9e d&rsquo;environ 0,3\u00a0m\u00e8tre en moyenne, selon une \u00e9tude de deux chercheurs de l&rsquo;Universit\u00e9 de Wageningue aux Pays-Bas publi\u00e9e mercredi 4\u00a0mars dans la revue Nature. \u00c0 plusieurs endroits comme les r\u00e9gions d&rsquo;Asie du Sud-Est et du Pacifique, d\u00e9j\u00e0 tr\u00e8s expos\u00e9es aux inondations et au risque de submersion, les \u00e9carts pourraient m\u00eame atteindre 1 \u00e0 1,5\u00a0m\u00e8tre. <br class=\"autobr\" \/><br \/>\nUn \u00e9cart cons\u00e9quent lorsqu&rsquo;on sait que le\u00a0(\u2026)<\/p>\n<p>                    <a target=\"_blank\" href=\"https:\/\/reporterre.net\/Montee-des-eaux-une-etude-revele-que-le-niveau-a-ete-sous-estime?utm_source=RSS&amp;utm_medium=RSS\">Lire la suite<\/a><\/p>\n<p>                    &#8211;<br \/>\n                        <a target=\"_blank\" href=\"https:\/\/reporterre.net\/Breves-20\" rel=\"directory\">En bref<\/a><\/p>\n<p>                    \/<br \/>\n                        <a target=\"_blank\" href=\"https:\/\/reporterre.net\/Climat-18\" rel=\"tag\">Climat <\/a><br \/>\n                    ,<br \/>\n                        <a target=\"_blank\" href=\"https:\/\/reporterre.net\/Mers-et-oceans\" rel=\"tag\">Oc\u00e9ans<\/a><br \/>\n<br \/><br \/>\n<br \/><a href=\"https:\/\/reporterre.net\/Montee-des-eaux-une-etude-revele-que-le-niveau-a-ete-sous-estime\" target=\"_blank\"\">Source link <\/a><\/p>\n","protected":false},"excerpt":{"rendered":"<p>C&rsquo;est un \u00ab\u00a0angle mort\u00a0\u00bb aux \u00ab\u00a0cons\u00e9quences consid\u00e9rables\u00a0\u00bb. La mont\u00e9e du niveau des oc\u00e9ans est sous-estim\u00e9e d&rsquo;environ 0,3\u00a0m\u00e8tre en moyenne, selon une \u00e9tude de deux chercheurs de l&rsquo;Universit\u00e9 de Wageningue aux&hellip; <\/p>\n","protected":false},"author":1,"featured_media":0,"comment_status":"open","ping_status":"open","sticky":false,"template":"","format":"standard","meta":{"footnotes":""},"categories":[1],"tags":[],"class_list":["post-24882","post","type-post","status-publish","format-standard","hentry","category-non-classe"],"_links":{"self":[{"href":"https:\/\/monde25.info\/index.php\/wp-json\/wp\/v2\/posts\/24882","targetHints":{"allow":["GET"]}}],"collection":[{"href":"https:\/\/monde25.info\/index.php\/wp-json\/wp\/v2\/posts"}],"about":[{"href":"https:\/\/monde25.info\/index.php\/wp-json\/wp\/v2\/types\/post"}],"author":[{"embeddable":true,"href":"https:\/\/monde25.info\/index.php\/wp-json\/wp\/v2\/users\/1"}],"replies":[{"embeddable":true,"href":"https:\/\/monde25.info\/index.php\/wp-json\/wp\/v2\/comments?post=24882"}],"version-history":[{"count":0,"href":"https:\/\/monde25.info\/index.php\/wp-json\/wp\/v2\/posts\/24882\/revisions"}],"wp:attachment":[{"href":"https:\/\/monde25.info\/index.php\/wp-json\/wp\/v2\/media?parent=24882"}],"wp:term":[{"taxonomy":"category","embeddable":true,"href":"https:\/\/monde25.info\/index.php\/wp-json\/wp\/v2\/categories?post=24882"},{"taxonomy":"post_tag","embeddable":true,"href":"https:\/\/monde25.info\/index.php\/wp-json\/wp\/v2\/tags?post=24882"}],"curies":[{"name":"wp","href":"https:\/\/api.w.org\/{rel}","templated":true}]}}