{"id":24887,"date":"2026-03-06T05:25:38","date_gmt":"2026-03-06T04:25:38","guid":{"rendered":"https:\/\/monde25.info\/index.php\/2026\/03\/06\/le-gouvernement-espagnol-refuse-de-collaborer-avec-trump-et-netanyahu-dans-la-guerre-contre-liran\/"},"modified":"2026-03-06T05:25:38","modified_gmt":"2026-03-06T04:25:38","slug":"le-gouvernement-espagnol-refuse-de-collaborer-avec-trump-et-netanyahu-dans-la-guerre-contre-liran","status":"publish","type":"post","link":"https:\/\/monde25.info\/index.php\/2026\/03\/06\/le-gouvernement-espagnol-refuse-de-collaborer-avec-trump-et-netanyahu-dans-la-guerre-contre-liran\/","title":{"rendered":"Le gouvernement espagnol refuse de collaborer avec Trump et Netanyahu dans la guerre contre l&rsquo;Iran"},"content":{"rendered":"<p> <br \/>\n<\/p>\n<div id=\"\">\n<p>Pedro S\u00e1nchez s\u2019est oppos\u00e9 \u00e0 la guerre contre l\u2019Iran d\u00e8s le d\u00e9part. Le samedi 28 f\u00e9vrier, il a rejet\u00e9 \u00ab\u00a0<i>l\u2019action militaire unilat\u00e9rale des \u00c9tats-Unis et d\u2019Isra\u00ebl, qui repr\u00e9sente une escalade et contribue \u00e0 un ordre international plus incertain et hostile<\/i>\u00a0\u00bb.<\/p>\n<p>Le dimanche 1er mars, son ministre des Affaires \u00e9trang\u00e8res, Jos\u00e9 Manuel Albares, a d\u00e9clar\u00e9\u00a0: \u00ab\u00a0<i>Ces bases ne sont pas et ne seront pas utilis\u00e9es \u00e0 des fins autres que celles pr\u00e9vues par l\u2019accord et qui ne soient pas conformes \u00e0 la Charte des Nations Unies.<\/i>\u00a0\u00bb Les bases militaires de Rota et de Moron au sud de l\u2019Espagne sont utilis\u00e9es depuis des d\u00e9cennies par l\u2019arm\u00e9e de l\u2019air et la marine am\u00e9ricaines pour leurs op\u00e9rations d\u2019agression, d\u2019espionnage et d\u2019intimidation dans diverses r\u00e9gions du monde. Il est tr\u00e8s rare que l\u2019Espagne refuse de coop\u00e9rer avec les agressions militaires USam\u00e9ricaines. Seuls les gouvernements espagnols de 1960 et 1986 ont refus\u00e9 de collaborer.<\/p>\n<p>Dans la nuit de ce m\u00eame dimanche, onze avions ravitailleurs am\u00e9ricains, charg\u00e9s de ravitailler les avions bombardant l\u2019Iran, ont quitt\u00e9 les bases.<\/p>\n<p>Le mardi 3, Trump a r\u00e9agi avec col\u00e8re contre l\u2019Espagne\u00a0: \u00ab\u00a0<i>L\u2019Espagne a \u00e9t\u00e9 terrible, nous allons donc couper tout commerce avec elle. Nous ne voulons plus rien avoir \u00e0 faire avec elle&#8230; Je pourrais bloquer toute activit\u00e9 commerciale li\u00e9e \u00e0 l\u2019Espagne.<\/i>\u00a0\u00bb<\/p>\n<p>Mercredi 4, le pr\u00e9sident espagnol a r\u00e9agi avec calme et fermet\u00e9\u00a0: il s\u2019oppose \u00e0 cette guerre\u00a0: \u00ab\u00a0<i>Nous ne serons pas complices d\u2019un acte n\u00e9faste pour le monde par simple crainte de repr\u00e9sailles. La position de l\u2019Espagne se r\u00e9sume en quatre mots\u00a0: non \u00e0 la guerre.<\/i>\u00a0\u00bb S\u00e1nchez critique la soumission des dirigeants europ\u00e9ens \u00e0 Trump\u00a0: \u00ab\u00a0<i>La servilit\u00e9 et l\u2019ob\u00e9issance servile ne sont pas des qualit\u00e9s de leadership.<\/i>\u00a0\u00bb Il insiste sur le respect du droit international, bafou\u00e9 par l\u2019administration Trump\u00a0: \u00ab\u00a0<i>Non \u00e0 l\u2019effondrement du droit international qui nous prot\u00e8ge tous, et en particulier les plus vuln\u00e9rables, les populations civiles. Non \u00e0 l\u2019id\u00e9e que le monde ne puisse r\u00e9soudre ses probl\u00e8mes qu\u2019avec des bombes, et enfin, non \u00e0 la r\u00e9p\u00e9tition des erreurs du pass\u00e9.<\/i>\u00a0\u00bb S\u00e1nchez appelle \u00e0 la fin de la guerre et \u00e0 une solution diplomatique\u00a0: \u00ab\u00a0<i>Nous exigeons que les \u00c9tats-Unis, Isra\u00ebl et l\u2019Iran cessent les hostilit\u00e9s et r\u00e8glent ce conflit par la voie diplomatique. Nous devons exiger qu\u2019ils arr\u00eatent avant qu\u2019il ne soit trop tard.<\/i>\u00a0\u00bb \u00ab\u00a0<i>On ne peut pas r\u00e9pondre \u00e0 un acte ill\u00e9gal par un autre\u00a0; c\u2019est ainsi que commencent les plus grandes catastrophes de l\u2019humanit\u00e9.<\/i>\u00a0\u00bb S\u00e1nchez a rassur\u00e9 le public concernant d\u2019\u00e9ventuelles attaques \u00e9conomiques de Trump\u00a0: \u00ab\u00a0<i>Notre pays dispose des ressources n\u00e9cessaires pour att\u00e9nuer tout impact potentiel, aider les secteurs qui pourraient \u00eatre touch\u00e9s et diversifier les cha\u00eenes d\u2019approvisionnement.<\/i>\u00a0\u00bb<\/p>\n<p>Pourquoi cette fermet\u00e9 de Pedro S\u00e1nchez\u00a0?<\/p>\n<p>1. Il marque une rupture avec les politiciens plac\u00e9s par l\u2019Allemagne de l\u2019Ouest et la CIA \u00e0 la t\u00eate du PSOE (Parti socialiste ouvrier espagnol) lors de son congr\u00e8s de Suresnes en 1974, afin d\u2019assurer une transition de la dictature fasciste conforme aux int\u00e9r\u00eats de l\u2019imp\u00e9rialisme am\u00e9ricain et ouest-europ\u00e9en. Ces politiciens, men\u00e9s par l\u2019ancien pr\u00e9sident Felipe Gonz\u00e1lez, ainsi que par l\u2019ancien secr\u00e9taire g\u00e9n\u00e9ral de l\u2019OTAN Solana et l\u2019ancien commissaire europ\u00e9en Borrell, ont \u00e9t\u00e9 battus par le pr\u00e9sident actuel.<\/p>\n<p>2. Une partie croissante de la soci\u00e9t\u00e9 espagnole a exprim\u00e9 son rejet de l\u2019adh\u00e9sion \u00e0 l\u2019OTAN, du g\u00e9nocide perp\u00e9tr\u00e9 par Isra\u00ebl avec le soutien am\u00e9ricain contre la population de Gaza, et de l\u2019agression militaire de Trump contre le Venezuela. Cette partie de la population fait pression sur le gouvernement S\u00e1nchez et soutient son refus de se soumettre \u00e0 la politique de Trump.<\/p>\n<p>3. S\u00e1nchez est convaincu que cette fermet\u00e9 lui permettra de freiner la mont\u00e9e de l\u2019extr\u00eame droite, qui menace de faire tomber les forces de centre-gauche qui constituent la base politique de son gouvernement.<\/p>\n<p>Soyons clairs\u00a0: S\u00e1nchez n\u2019est pas un radical. Son id\u00e9ologie est proche de celle de Soros et de Biden. Il a d\u00e9but\u00e9 sa carri\u00e8re politique en soutenant la colonisation occidentale de la Bosnie-Herz\u00e9govine. Il soutient la politique europ\u00e9enne de soutien au r\u00e9gime de Kiev. Il incarne et exprime politiquement la position d\u2019une large partie des peuples espagnols contre la guerre, les d\u00e9penses militaires, l\u2019instabilit\u00e9 et l\u2019h\u00e9g\u00e9monie arrogante que repr\u00e9sente Trump.<\/p>\n<p><strong>Jos\u00e9 Antonio Egido<\/strong><\/p>\n<\/div>\n<p><br \/>\n<br \/><a href=\"https:\/\/www.legrandsoir.info\/le-gouvernement-espagnol-refuse-de-collaborer-avec-trump-et-netanyahu-dans-la-guerre-contre-l-iran.html\" target=\"_blank\"\">Source link <\/a><\/p>\n","protected":false},"excerpt":{"rendered":"<p>Pedro S\u00e1nchez s\u2019est oppos\u00e9 \u00e0 la guerre contre l\u2019Iran d\u00e8s le d\u00e9part. Le samedi 28 f\u00e9vrier, il a rejet\u00e9 \u00ab\u00a0l\u2019action militaire unilat\u00e9rale des \u00c9tats-Unis et d\u2019Isra\u00ebl, qui repr\u00e9sente une escalade&hellip; <\/p>\n","protected":false},"author":1,"featured_media":24888,"comment_status":"open","ping_status":"open","sticky":false,"template":"","format":"standard","meta":{"footnotes":""},"categories":[1],"tags":[],"class_list":["post-24887","post","type-post","status-publish","format-standard","has-post-thumbnail","hentry","category-non-classe"],"_links":{"self":[{"href":"https:\/\/monde25.info\/index.php\/wp-json\/wp\/v2\/posts\/24887","targetHints":{"allow":["GET"]}}],"collection":[{"href":"https:\/\/monde25.info\/index.php\/wp-json\/wp\/v2\/posts"}],"about":[{"href":"https:\/\/monde25.info\/index.php\/wp-json\/wp\/v2\/types\/post"}],"author":[{"embeddable":true,"href":"https:\/\/monde25.info\/index.php\/wp-json\/wp\/v2\/users\/1"}],"replies":[{"embeddable":true,"href":"https:\/\/monde25.info\/index.php\/wp-json\/wp\/v2\/comments?post=24887"}],"version-history":[{"count":0,"href":"https:\/\/monde25.info\/index.php\/wp-json\/wp\/v2\/posts\/24887\/revisions"}],"wp:featuredmedia":[{"embeddable":true,"href":"https:\/\/monde25.info\/index.php\/wp-json\/wp\/v2\/media\/24888"}],"wp:attachment":[{"href":"https:\/\/monde25.info\/index.php\/wp-json\/wp\/v2\/media?parent=24887"}],"wp:term":[{"taxonomy":"category","embeddable":true,"href":"https:\/\/monde25.info\/index.php\/wp-json\/wp\/v2\/categories?post=24887"},{"taxonomy":"post_tag","embeddable":true,"href":"https:\/\/monde25.info\/index.php\/wp-json\/wp\/v2\/tags?post=24887"}],"curies":[{"name":"wp","href":"https:\/\/api.w.org\/{rel}","templated":true}]}}