{"id":24894,"date":"2026-03-06T07:37:43","date_gmt":"2026-03-06T06:37:43","guid":{"rendered":"https:\/\/monde25.info\/index.php\/2026\/03\/06\/des-avions-militaires-americains-autorises-sur-la-base-distres-assure-larmee-francaise\/"},"modified":"2026-03-06T07:37:43","modified_gmt":"2026-03-06T06:37:43","slug":"des-avions-militaires-americains-autorises-sur-la-base-distres-assure-larmee-francaise","status":"publish","type":"post","link":"https:\/\/monde25.info\/index.php\/2026\/03\/06\/des-avions-militaires-americains-autorises-sur-la-base-distres-assure-larmee-francaise\/","title":{"rendered":"Des avions militaires am\u00e9ricains autoris\u00e9s sur la base d\u2019Istres, assure l\u2019arm\u00e9e fran\u00e7aise"},"content":{"rendered":"<p> <br \/>\n<\/p>\n<div>\n<p>Des avions militaires am\u00e9ricains \u00ab\u00a0de soutien\u00a0\u00bb ont \u00e9t\u00e9 autoris\u00e9s sur la base fran\u00e7aise d&rsquo;Istres (sud-est) a annonc\u00e9 jeudi l&rsquo;\u00c9tat-major fran\u00e7ais, affirmant avoir obtenu la \u00ab\u00a0compl\u00e8te garantie\u00a0\u00bb que ces appareils \u00ab\u00a0ne participent en aucune mesure aux op\u00e9rations men\u00e9es par les \u00c9tats-Unis en Iran\u00a0\u00bb.<\/p>\n<p>\u00ab\u00a0Des avions am\u00e9ricains de soutien aux op\u00e9rations (pas des avions de combat) ont \u00e9t\u00e9 accept\u00e9s sur la base a\u00e9rienne d&rsquo;Istres en France. (&#8230;) Compte tenu du contexte, la France a exig\u00e9 que les moyens concern\u00e9s ne participent en aucune mesure aux op\u00e9rations men\u00e9es par les \u00c9tats-Unis en Iran, mais strictement pour l&rsquo;appui \u00e0 la d\u00e9fense de nos partenaires dans la r\u00e9gion. Elle en a obtenu la compl\u00e8te garantie\u00a0\u00bb, a annonc\u00e9 dans une d\u00e9claration l&rsquo;\u00c9tat-major fran\u00e7ais.<\/p>\n<p>\u00ab\u00a0Il s&rsquo;agit d&rsquo;une proc\u00e9dure de routine dans le cadre de l&rsquo;Otan\u00a0\u00bb, assure l&rsquo;\u00e9tat-major.<\/p>\n<p>\u00ab\u00a0Un avion ravitailleur, c&rsquo;est une station service, ce n&rsquo;est pas un avion de chasse. Et donc le sujet, c&rsquo;est clairement la capacit\u00e9 de ravitailler, c\u2019est la seule autorisation qui est donn\u00e9e par le Pr\u00e9sident de la R\u00e9publique\u00a0\u00bb, a insist\u00e9 devant la presse la ministre fran\u00e7aise des Arm\u00e9es Catherine Vautrin, en marge d&rsquo;un d\u00e9placement \u00e0 la Direction des applications militaires du Commissariat \u00e0 l&rsquo;\u00e9nergie atomique de Valduc (C\u00f4te d&rsquo;Or).<\/p>\n<p>La France affiche depuis le d\u00e9but du conflit samedi dernier une posture \u00ab\u00a0strictement d\u00e9fensive\u00a0\u00bb, selon les termes d&rsquo;Emmanuel Macron qui a annonc\u00e9 mardi soir le d\u00e9ploiement d&rsquo;importants moyens militaires, dont le porte-avions Charles-De-Gaulle, en M\u00e9diterran\u00e9e orientale.<\/p>\n<p>Le pr\u00e9sident fran\u00e7ais, qui affirme que l&rsquo;offensive d\u00e9clench\u00e9e samedi par les \u00c9tats-Unis et Isra\u00ebl est men\u00e9e \u00ab\u00a0en dehors du droit international\u00a0\u00bb, a soulign\u00e9 que Paris devait \u00ab\u00a0prendre des dispositions pour sa s\u00e9curit\u00e9, celle de ses ressortissants et de ses bases ainsi que celle de ses alli\u00e9s dans la r\u00e9gion\u00a0\u00bb.<\/p>\n<p>La France est li\u00e9e par des accords de d\u00e9fense avec le Qatar, le Kowe\u00eft et les \u00c9mirats, ainsi que par des \u00ab\u00a0engagements solides avec la Jordanie et l&rsquo;Irak\u00a0\u00bb, tous vis\u00e9s par des frappes iraniennes, avait-il affirm\u00e9.<\/p>\n<p>Deux bases fran\u00e7aises aux \u00c9mirats ont \u00e9t\u00e9 attaqu\u00e9es par l&rsquo;Iran, sans certitude qu&rsquo;elles aient \u00e9t\u00e9 d\u00e9lib\u00e9r\u00e9ment vis\u00e9es, a pr\u00e9cis\u00e9 jeudi matin sur la radio RTL Catherine Vautrin, ajoutant que six avions Rafale \u00e9taient arriv\u00e9s en renfort aux \u00c9mirats.<\/p>\n<p>Face aux annonces d&rsquo;Emmanuel Macron, l&rsquo;opposition de gauche a mis en garde contre le risque pour Paris d&rsquo;\u00eatre entra\u00een\u00e9 dans le conflit.<\/p>\n<p>Critiqu\u00e9 vertement par le pr\u00e9sident am\u00e9ricain Donald Trump pour un suppos\u00e9 manque de coop\u00e9ration, le Premier ministre britannique Keir Starmer a affirm\u00e9 mercredi que \u00ab\u00a0des avions am\u00e9ricains op\u00e9raient \u00e0 partir de bases britanniques\u00a0\u00bb.<\/p>\n<p>L&rsquo;Espagne a, elle, de son c\u00f4t\u00e9 cat\u00e9goriquement refus\u00e9 une telle aide logistique aux avions am\u00e9ricains.<\/p>\n<\/div>\n<p><script>(function(d, s, id) {  var js, fjs = d.getElementsByTagName(s)[0];  if (d.getElementById(id)) return;  js = d.createElement(s); js.id = id;  js.src = \"\/\/connect.facebook.net\/fr_FR\/sdk.js#xfbml=1&version=v2.3\";  fjs.parentNode.insertBefore(js, fjs);}(document, \"script\", \"facebook-jssdk\"));<\/script><br \/>\n<br \/><br \/>\n<br \/><a href=\"https:\/\/www.francesoir.fr\/politique-france\/des-avions-militaires-americains-autorises-sur-la-base-d-istres-assure-l-armee\" target=\"_blank\"\">Source link <\/a><\/p>\n","protected":false},"excerpt":{"rendered":"<p>Des avions militaires am\u00e9ricains \u00ab\u00a0de soutien\u00a0\u00bb ont \u00e9t\u00e9 autoris\u00e9s sur la base fran\u00e7aise d&rsquo;Istres (sud-est) a annonc\u00e9 jeudi l&rsquo;\u00c9tat-major fran\u00e7ais, affirmant avoir obtenu la \u00ab\u00a0compl\u00e8te garantie\u00a0\u00bb que ces appareils \u00ab\u00a0ne&hellip; <\/p>\n","protected":false},"author":1,"featured_media":24895,"comment_status":"open","ping_status":"open","sticky":false,"template":"","format":"standard","meta":{"footnotes":""},"categories":[1],"tags":[],"class_list":["post-24894","post","type-post","status-publish","format-standard","has-post-thumbnail","hentry","category-non-classe"],"_links":{"self":[{"href":"https:\/\/monde25.info\/index.php\/wp-json\/wp\/v2\/posts\/24894","targetHints":{"allow":["GET"]}}],"collection":[{"href":"https:\/\/monde25.info\/index.php\/wp-json\/wp\/v2\/posts"}],"about":[{"href":"https:\/\/monde25.info\/index.php\/wp-json\/wp\/v2\/types\/post"}],"author":[{"embeddable":true,"href":"https:\/\/monde25.info\/index.php\/wp-json\/wp\/v2\/users\/1"}],"replies":[{"embeddable":true,"href":"https:\/\/monde25.info\/index.php\/wp-json\/wp\/v2\/comments?post=24894"}],"version-history":[{"count":0,"href":"https:\/\/monde25.info\/index.php\/wp-json\/wp\/v2\/posts\/24894\/revisions"}],"wp:featuredmedia":[{"embeddable":true,"href":"https:\/\/monde25.info\/index.php\/wp-json\/wp\/v2\/media\/24895"}],"wp:attachment":[{"href":"https:\/\/monde25.info\/index.php\/wp-json\/wp\/v2\/media?parent=24894"}],"wp:term":[{"taxonomy":"category","embeddable":true,"href":"https:\/\/monde25.info\/index.php\/wp-json\/wp\/v2\/categories?post=24894"},{"taxonomy":"post_tag","embeddable":true,"href":"https:\/\/monde25.info\/index.php\/wp-json\/wp\/v2\/tags?post=24894"}],"curies":[{"name":"wp","href":"https:\/\/api.w.org\/{rel}","templated":true}]}}