{"id":249,"date":"2024-11-16T11:41:39","date_gmt":"2024-11-16T10:41:39","guid":{"rendered":"https:\/\/monde25.info\/index.php\/2024\/11\/16\/middle-east-eye-comment-la-guerre-disrael-contre-gaza-a-revele-le-sionisme-comme-un-culte-genocidaire\/"},"modified":"2024-11-16T11:41:39","modified_gmt":"2024-11-16T10:41:39","slug":"middle-east-eye-comment-la-guerre-disrael-contre-gaza-a-revele-le-sionisme-comme-un-culte-genocidaire","status":"publish","type":"post","link":"https:\/\/monde25.info\/index.php\/2024\/11\/16\/middle-east-eye-comment-la-guerre-disrael-contre-gaza-a-revele-le-sionisme-comme-un-culte-genocidaire\/","title":{"rendered":"Middle East Eye : Comment la guerre d&rsquo;isra\u00ebl contre Gaza a r\u00e9v\u00e9l\u00e9 le sionisme comme un culte g\u00e9nocidaire"},"content":{"rendered":"<p> <br \/>\n<\/p>\n<div id=\"\">\n<p>Depuis que le cabinet\u00a0<a target=\"_blank\" href=\"https:\/\/www.middleeasteye.net\/countries\/israel\" target=\"_blank\" rel=\"noopener\">isra\u00e9lien<\/a>\u00a0actuel , dirig\u00e9 par Benjamin Netanyahu, est arriv\u00e9 au pouvoir en d\u00e9cembre 2022, il existe un consensus, m\u00eame dans le\u00a0<a target=\"_blank\" href=\"https:\/\/www.vox.com\/world\/2023\/1\/20\/23561464\/israel-new-right-wing-government-extreme-protests-netanyahu-biden-ben-gvir\" target=\"_blank\" rel=\"noopener\">courant dominant\u00a0<\/a><a target=\"_blank\" href=\"https:\/\/www.lemonde.fr\/en\/international\/article\/2023\/03\/09\/bezalel-smotrich-the-extremist-settler-is-making-his-mark-on-the-israeli-government_6018684_4.html\" target=\"_blank\" rel=\"noopener\">occidental<\/a>\u00a0et parmi l\u2019<a target=\"_blank\" href=\"https:\/\/www.jpost.com\/opinion\/article-749795\" target=\"_blank\" rel=\"noopener\">opposition\u00a0<\/a><a target=\"_blank\" href=\"https:\/\/www.haaretz.com\/opinion\/editorial\/2023-07-19\/ty-article-opinion\/netanyahu-is-the-leader-of-jewish-supremacy\/00000189-6fb7-d2f8-afeb-7fbf2e980000\" target=\"_blank\" rel=\"noopener\">politique<\/a> isra\u00e9lienne, selon lequel il s\u2019agit d\u2019un gouvernement\u00a0<a target=\"_blank\" href=\"https:\/\/www.haaretz.com\/opinion\/editorial\/2023-07-19\/ty-article-opinion\/netanyahu-is-the-leader-of-jewish-supremacy\/00000189-6fb7-d2f8-afeb-7fbf2e980000\" target=\"_blank\" rel=\"noopener\">supr\u00e9maciste juif<\/a>\u00a0et\u00a0<a target=\"_blank\" href=\"https:\/\/www.tiktok.com\/@thetnholler\/video\/7302510115536571691\" target=\"_blank\" rel=\"noopener\">raciste<\/a>\u00a0.<\/p>\n<p>Les qualificatifs du gouvernement, qui exprimait clairement les pr\u00e9f\u00e9rences d\u2019une majorit\u00e9 de l\u2019\u00e9lectorat juif isra\u00e9lien, comme \u00ab\u00a0<a target=\"_blank\" href=\"https:\/\/www.vox.com\/world\/2023\/1\/20\/23561464\/israel-new-right-wing-government-extreme-protests-netanyahu-biden-ben-gvir\" target=\"_blank\" rel=\"noopener\">le plus extr\u00eame<\/a>\u00a0\u00bb, \u00ab\u00a0<a target=\"_blank\" href=\"https:\/\/www.cnn.com\/2023\/05\/16\/opinions\/israel-cease-fire-gaza-miller\/index.html\" target=\"_blank\" rel=\"noopener\">le plus fondamentaliste<\/a>\u00a0\u00bb et \u00ab\u00a0<a target=\"_blank\" href=\"https:\/\/www.cnn.com\/2015\/03\/16\/middleeast\/israeli-election-arabs\/index.html\" target=\"_blank\" rel=\"noopener\">le plus raciste<\/a>\u00a0\u00bb de l\u2019histoire d\u2019Isra\u00ebl, sont devenus monnaie courante. D\u2019autres le\u00a0<a target=\"_blank\" href=\"https:\/\/mronline.org\/2023\/10\/09\/communist-party-of-israel-and-hadash-netanyahus-fascist-government-bears-full-responsibility-for-the-dangerous-escalation\/\" target=\"_blank\" rel=\"noopener\">qualifiaient<\/a>\u00a0de \u00ab premier\u00a0gouvernement\u00a0<a target=\"_blank\" href=\"https:\/\/www.middleeasteye.net\/opinion\/israel-netanyahu-fascist-government-us-respond-must\" target=\"_blank\" rel=\"noopener\">fasciste \u00bb d\u2019Isra\u00ebl.<\/a><\/p>\n<p>Sans compter que deux ans avant l\u2019arriv\u00e9e au pouvoir du gouvernement actuel, les principales <a target=\"_blank\" href=\"https:\/\/www.amnesty.org\/en\/latest\/news\/2022\/02\/israels-apartheid-against-palestinians-a-cruel-system-of-domination-and-a-crime-against-humanity\/\" target=\"_blank\" rel=\"noopener\">organisations<\/a>\u00a0occidentales de d\u00e9fense des droits de l\u2019homme, historiquement pro-isra\u00e9liennes, avaient qualifi\u00e9 Isra\u00ebl d\u2019\u00c9tat raciste d\u2019\u00ab\u00a0<a target=\"_blank\" href=\"https:\/\/www.middleeasteye.net\/opinion\/israel-palestine-apartheid-long-making-news\" target=\"_blank\" rel=\"noopener\">apartheid<\/a>\u00a0\u00bb d\u00e8s sa fondation. Les Palestiniens et leurs partisans utilisent \u00e9galement cette \u00e9tiquette pour d\u00e9crire Isra\u00ebl depuis au moins les ann\u00e9es 1960.<\/p>\n<p>C\u2019est le m\u00eame gouvernement, qui a fait l\u2019objet d\u2019une condamnation internationale, qui a lanc\u00e9 la\u00a0<a target=\"_blank\" href=\"https:\/\/www.middleeasteye.net\/live\/live-israel-palestine-gaza-war-hamas-conflict\" target=\"_blank\" rel=\"noopener\">guerre g\u00e9nocidaire<\/a>\u00a0actuelle contre le peuple\u00a0<a target=\"_blank\" href=\"https:\/\/www.middleeasteye.net\/countries\/palestine\" target=\"_blank\" rel=\"noopener\">palestinien<\/a>\u00a0, qui a jusqu\u2019\u00e0 pr\u00e9sent tu\u00e9 et bless\u00e9 plus de 100 000 Palestiniens et d\u00e9plac\u00e9 plus de deux millions de personnes.<\/p>\n<p>Pourtant, ce m\u00eame gouvernement raciste et sa guerre g\u00e9nocidaire sont soutenus, arm\u00e9s et financ\u00e9s par les \u00c9tats-Unis et leurs alli\u00e9s europ\u00e9ens, qui, oubliant leurs critiques ant\u00e9rieures, n\u2019ont pas h\u00e9sit\u00e9 \u00e0\u00a0<a target=\"_blank\" href=\"https:\/\/www.middleeasteye.net\/opinion\/israel-west-smear-palestinians-antisemitic\" target=\"_blank\" rel=\"noopener\">justifier<\/a>\u00a0les crimes isra\u00e9liens, tout comme ils ont pr\u00e9c\u00e9demment d\u00e9fendu la colonie juive contre les accusations d\u2019apartheid.<\/p>\n<p><form action=\"https:\/\/middleeasteye.us21.list-manage.com\/subscribe\/post?u=b5bdd0873541363c88d50e5cb&amp;id=e9fb079abb&amp;f_id=00a3a3e1f0\" method=\"POST\" data-once=\"form-updated\" data-drupal-form-fields=\"\">Mais de plus en plus, la question d\u00e9battue n\u2019est plus de savoir si le gouvernement isra\u00e9lien est raciste, fasciste ou g\u00e9nocidaire, mais si une majorit\u00e9 de Juifs isra\u00e9liens correspondent \u00e9galement \u00e0 ces descriptions et si ce gouvernement n\u2019est, en effet, rien de plus qu\u2019une manifestation de la culture politique juive isra\u00e9lienne.<\/form>\n<\/p>\n<p><strong>\u00ab Plus de franges \u00bb<\/strong><\/p>\n<p>David Hearst, r\u00e9dacteur en chef de Middle East Eye, a r\u00e9cemment\u00a0<a target=\"_blank\" href=\"https:\/\/www.middleeasteye.net\/opinion\/war-gaza-fate-global-justice-hangs-south-africas-icj-case\" target=\"_blank\" rel=\"noopener\">observ\u00e9<\/a>\u00a0que ceux qui exprimaient un racisme g\u00e9nocidaire parmi les Juifs isra\u00e9liens \u2013 y compris les soldats, les chanteurs, les artistes et les politiciens \u2013 \u00ab ne sont plus des marginaux. Ils repr\u00e9sentent ce que pense le courant dominant d\u2019Isra\u00ebl. Ils sont devenus g\u00e9nocidaires, racistes et fascistes lorsqu\u2019ils parlent des Palestiniens \u2013 et ce, sans honte. Ils sont fiers de leur racisme, en plaisantent et ne font pas grand-chose pour le dissimuler. \u00bb<\/p>\n<p>Depuis sa cr\u00e9ation, le mouvement sioniste a toujours cherch\u00e9 \u00e0 nettoyer ethniquement la Palestine de la population palestinienne autochtone du pays.<\/p>\n<p>Selon\u00a0<a target=\"_blank\" href=\"https:\/\/time.com\/6333781\/israel-hamas-poll-palestine\/\" target=\"_blank\" rel=\"noopener\">les sondages<\/a>\u00a0de l\u2019Institut isra\u00e9lien pour la d\u00e9mocratie et de l\u2019Universit\u00e9 de Tel Aviv , r\u00e9alis\u00e9s plus d\u2019un mois apr\u00e8s le d\u00e9but des bombardements massifs isra\u00e9liens sur Gaza, qui avaient d\u00e9j\u00e0 tu\u00e9 des milliers de personnes, \u00ab 57,5 \u200b\u200b% des Juifs isra\u00e9liens ont d\u00e9clar\u00e9 qu\u2019ils pensaient que les Forces de d\u00e9fense isra\u00e9liennes (FDI) utilisaient trop peu de puissance de feu \u00e0 Gaza, 36,6 % ont d\u00e9clar\u00e9 que l\u2019FDI utilisait une quantit\u00e9 appropri\u00e9e de puissance de feu, tandis que seulement 1,8 % ont d\u00e9clar\u00e9 qu\u2019ils pensaient que l\u2019FDI utilisait trop de puissance de feu. \u00bb<\/p>\n<p>Commentant les opinions g\u00e9nocidaires d\u2019une majorit\u00e9 de juifs isra\u00e9liens et leur soutien au nettoyage ethnique du peuple palestinien, le journaliste isra\u00e9lien\u00a0<a target=\"_blank\" href=\"https:\/\/twitter.com\/owenjones84\/status\/1741516934070390802?t=ejzRPoAJrFQDpEoeiib8zA\" target=\"_blank\" rel=\"noopener\">Gideon Levy<\/a> semble perplexe : \u00ab Soit c\u2019est le vrai visage d\u2019Isra\u00ebl, et l\u2019attaque du 7 a l\u00e9gitim\u00e9 sa pr\u00e9sence au-dessus de la surface, soit le 7 a vraiment chang\u00e9 les choses \u00bb, a-t-il d\u00e9clar\u00e9, ajoutant : \u00ab Je ne sais pas lequel des deux est vrai. \u00bb<\/p>\n<p>La r\u00e9ponse de Levy est toutefois surprenante, compte tenu du racisme av\u00e9r\u00e9 du mouvement sioniste depuis sa cr\u00e9ation et du fait bien connu qu\u2019il a toujours cherch\u00e9 \u00e0 nettoyer ethniquement la Palestine de la population palestinienne autochtone du pays.<\/p>\n<p>La presse isra\u00e9lienne a publi\u00e9 des articles apparemment \u00ab\u00a0<a target=\"_blank\" href=\"https:\/\/www.jpost.com\/opinion\/article-779510\" target=\"_blank\" rel=\"noopener\">raisonnables<\/a>\u00a0\u00bb, qui pr\u00e9sentent le nettoyage ethnique planifi\u00e9 par Isra\u00ebl des Palestiniens de Gaza et leur \u00e9ventuelle expulsion vers le Sina\u00ef \u00e9gyptien comme quelque chose de merveilleux, d\u00e9crivant ce dernier comme \u00ab l\u2019un des endroits les plus appropri\u00e9s sur Terre pour offrir au peuple de Gaza de l\u2019espoir et un avenir pacifique \u00bb.<\/p>\n<p>On pourrait n\u00e9anmoins, et tout aussi raisonnablement, contrer cette proposition en sugg\u00e9rant que les colons juifs d\u2019Isra\u00ebl s\u2019installent volontairement aux\u00a0<a target=\"_blank\" href=\"https:\/\/www.middleeasteye.net\/countries\/us\" target=\"_blank\" rel=\"noopener\">\u00c9tats-Unis<\/a>\u00a0et en Europe, notamment en Allemagne, o\u00f9 leurs droits et privil\u00e8ges sont garantis. En effet, ces pays comptent parmi \u00ab les endroits les plus propices sur Terre pour offrir [aux Juifs isra\u00e9liens] de l\u2019espoir et un avenir pacifique \u00bb.<\/p>\n<p>C\u2019est d\u2019autant plus vrai que les responsables\u00a0et\u00a0<a target=\"_blank\" href=\"https:\/\/www.csis.org\/analysis\/israels-rightward-shift\" target=\"_blank\" rel=\"noopener\">intellectuels\u00a0<\/a><a target=\"_blank\" href=\"https:\/\/www.voanews.com\/a\/israels-barak-sees-opportunity-for-peace-in-mideast-upheaval--117069933\/135771.html\" target=\"_blank\" rel=\"noopener\">isra\u00e9liens<\/a>\u00a0affirment souvent qu\u2019ils vivent dans un \u00ab mauvais \u00bb ou \u00ab\u00a0<a target=\"_blank\" href=\"https:\/\/www.timesofisrael.com\/netanyahu-we-live-in-a-tough-neighborhood\/\" target=\"_blank\" rel=\"noopener\">dur<\/a>\u00a0\u00bb voisinage, voire dans la \u00ab\u00a0<a target=\"_blank\" href=\"https:\/\/www.theguardian.com\/commentisfree\/2013\/aug\/20\/jewish-majority-israel-villa-in-the-jungle\" target=\"_blank\" rel=\"noopener\">jungle<\/a>\u00a0\u00bb. L\u2019Europe et les \u00c9tats-Unis sont clairement des voisinages bien sup\u00e9rieurs, avec tr\u00e8s peu de pr\u00e9occupations en mati\u00e8re de s\u00e9curit\u00e9. Apr\u00e8s tout, l\u2019Europe est un \u00ab jardin \u00bb, alors que \u00ab la majeure partie du reste du monde est une jungle \u00bb, comme l\u2019a d\u00e9clar\u00e9 l\u2019an dernier le chef de la politique \u00e9trang\u00e8re de l\u2019Union europ\u00e9enne,\u00a0<a target=\"_blank\" href=\"https:\/\/www.middleeasteye.net\/opinion\/eu-josep-borrell-europe-garden-built-on-plunder-jungle\" target=\"_blank\" rel=\"noopener\">Josep Borrell<\/a>\u00a0.<\/p>\n<p>La pr\u00e9sidente allemande de l\u2019Union europ\u00e9enne,\u00a0<a target=\"_blank\" href=\"https:\/\/ec.europa.eu\/commission\/presscorner\/detail\/en\/speech_23_3181\" target=\"_blank\" rel=\"noopener\">Ursula von der Leyen,<\/a>\u00a0a \u00e9galement soulign\u00e9 que \u00ab la culture juive est une culture europ\u00e9enne \u00bb et que \u00ab l\u2019Europe doit valoriser sa propre jud\u00e9it\u00e9, afin que la vie juive en Europe puisse \u00e0 nouveau prosp\u00e9rer \u00bb.<\/p>\n<p>Une telle d\u00e9marche volontaire de la part des Juifs isra\u00e9liens,\u00a0<a target=\"_blank\" href=\"https:\/\/www.middleeasteye.net\/opinion\/jews-leaving-israel-disillusion-long-time\" target=\"_blank\" rel=\"noopener\">dont plus d\u2019un million<\/a>\u00a0poss\u00e8dent d\u00e9j\u00e0 des passeports europ\u00e9ens et am\u00e9ricains, \u00e9pargnerait au peuple palestinien (et au Moyen-Orient plus largement) la violence et les guerres que la colonisation sioniste depuis les ann\u00e9es 1880 et surtout apr\u00e8s 1948, a inflig\u00e9es aux peuples de la r\u00e9gion.<\/p>\n<p>Peut-\u00eatre, plut\u00f4t que de laisser Isra\u00ebl et ses sponsors occidentaux n\u00e9gocier secr\u00e8tement avec le \u00ab\u00a0<a target=\"_blank\" href=\"https:\/\/www.middleeasteye.net\/news\/israel-negotiating-african-countries-expel-palestinians-gaza-report\" target=\"_blank\" rel=\"noopener\">Congo<\/a>\u00a0\u00bb ou\u00a0<a target=\"_blank\" href=\"https:\/\/www.ctvnews.ca\/canada\/israel-s-allies-warn-against-displacing-palestinians-in-gaza-to-places-like-canada-1.6709389#:~:text=Israel%27s%20allies%20warn%20against%20displacing%20Palestinians%20in%20Gaza%20to%20places%20like%20Canada&amp;text=Countries%20traditionally%20aligned%20with%20Israel,Canada%20could%20take%20in%20Palestinians.\" target=\"_blank\" rel=\"noopener\">le Canada<\/a>\u00a0pour accueillir les Palestiniens expuls\u00e9s, comme cela a \u00e9t\u00e9 rapport\u00e9 r\u00e9cemment, les Nations Unies et les \u00c9tats arabes devraient exhorter avec enthousiasme les pays occidentaux \u00e0 accueillir les Juifs isra\u00e9liens parmi eux.<\/p>\n<p><strong>Une secte violente<\/strong><\/p>\n<p>Alors que de r\u00e9cents sondages et analyses r\u00e9v\u00e8lent la haine et les attitudes g\u00e9nocidaires de la grande majorit\u00e9 des citoyens juifs d\u2019Isra\u00ebl envers les Palestiniens, leur r\u00e9installation en Europe et aux \u00c9tats-Unis devrait leur apporter plus de bonheur et de tranquillit\u00e9 d\u2019esprit.<\/p>\n<p>De plus, ceux qui justifient l\u2019an\u00e9antissement des Palestiniens afin de\u00a0<a target=\"_blank\" href=\"https:\/\/www.middleeasteye.net\/opinion\/israel-genocide-against-palestinians-colonial-tradition\" target=\"_blank\" rel=\"noopener\">\u00ab sauver \u00bb la civilisation occidentale<\/a>\u00a0et les valeurs auxquelles Isra\u00ebl s\u2019identifie, feraient mieux de sauver la civilisation occidentale au c\u0153ur de celle-ci, loin de la fronti\u00e8re coloniale et de la r\u00e9sistance palestinienne anticoloniale.<\/p>\n<div class=\"mee-readmore mee-readmore-article-opinion mee-readmore-type-image align-right\">\n<div class=\"mee-readmore-description\">Dans cette optique, la coordinatrice de la Commission europ\u00e9enne pour la lutte contre l\u2019antis\u00e9mitisme et la promotion de la vie juive, l\u2019Allemande <a target=\"_blank\" href=\"https:\/\/commission.europa.eu\/system\/files\/2023-09\/Speech%20by%20Katharina%20von%20Schnurbein%20-%20European%20Days%20of%20Jewish%20Culture%202023.pdf\" target=\"_blank\" rel=\"noopener\">Katharina von Schnurbein<\/a>\u00a0, a r\u00e9cemment affirm\u00e9 que \u00ab l\u2019Europe ne serait pas l\u2019Europe sans son h\u00e9ritage juif \u00bb. Elle a ajout\u00e9 : \u00ab L\u2019h\u00e9ritage juif fait partie de l\u2019ADN de l\u2019Europe. Et en tant qu\u2019institutions europ\u00e9ennes, nous voulons prot\u00e9ger l\u2019h\u00e9ritage juif, le sauvegarder et le ch\u00e9rir. C\u2019est un aspect essentiel de la promotion de la vie juive, qui est l\u2019objectif ultime de la strat\u00e9gie de l\u2019UE pour lutter contre l\u2019antis\u00e9mitisme et promouvoir la vie juive \u00bb.<\/div>\n<\/div>\n<p>On pourrait s\u2019attendre, suite \u00e0 une telle affirmation, \u00e0 ce que les portes de l\u2019Europe s\u2019ouvrent cette fois aux Juifs, contrairement aux ann\u00e9es 1930 et 1940, ou \u00e0 ce que les \u00c9tats-Unis, qui ont refus\u00e9 d\u2019admettre les r\u00e9fugi\u00e9s juifs fuyant les nazis et\u00a0<a target=\"_blank\" href=\"https:\/\/www.smithsonianmag.com\/history\/us-government-turned-away-thousands-jewish-refugees-fearing-they-were-nazi-spies-180957324\/0%7C\" target=\"_blank\" rel=\"noopener\">ont renvoy\u00e9 un navire<\/a>\u00a0rempli d\u2019entre eux en 1939 en Europe o\u00f9 beaucoup d\u2019entre eux ont p\u00e9ri dans les camps de la mort d\u2019Hitler, accueillent les Juifs isra\u00e9liens dans leur meilleur voisinage \u00e0 bras ouverts.<\/p>\n<p>Un grand nombre de\u00a0<a target=\"_blank\" href=\"https:\/\/www.haaretz.com\/israel-news\/2023-12-31\/ty-article\/.premium\/as-mental-health-system-in-israel-collapses-psychiatrists-are-leaving-for-britain\/0000018c-c026-d3e0-abac-d8af89aa0000\" target=\"_blank\" rel=\"noopener\">psychiatres isra\u00e9liens<\/a>\u00a0ont d\u00e9j\u00e0 quitt\u00e9 le pays pour des p\u00e2turages plus verts au Royaume-Uni, invoquant une charge de travail \u00e9lev\u00e9e qui n\u2019a fait qu\u2019augmenter depuis le 7 octobre et un syst\u00e8me de sant\u00e9 mentale au bord de l\u2019effondrement.<\/p>\n<p>Cela n\u2019a rien de surprenant, car le soutien au massacre des Palestiniens dans\u00a0<a target=\"_blank\" href=\"https:\/\/www.middleeastmonitor.com\/20180606-poll-61-of-israel-supports-military-response-to-gaza-protests\/\" target=\"_blank\" rel=\"noopener\">des massacres<\/a>\u00a0et\u00a0<a target=\"_blank\" href=\"https:\/\/www.theguardian.com\/world\/2014\/jul\/31\/israeli-polls-support-gaza-campaign-media\" target=\"_blank\" rel=\"noopener\">des guerres<\/a>\u00a0sans pr\u00e9c\u00e9dent depuis 1948 est devenu une v\u00e9ritable secte g\u00e9nocidaire en Isra\u00ebl, pr\u00e9sente dans tous les secteurs de\u00a0<a target=\"_blank\" href=\"https:\/\/www.middleeasteye.net\/news\/israel-palestine-war-doctors-call-gaza-hospitals-bombed\" target=\"_blank\" rel=\"noopener\">la soci\u00e9t\u00e9<\/a>\u00a0et\u00a0<a target=\"_blank\" href=\"https:\/\/news.yahoo.com\/israeli-president-says-no-innocent-154330724.html\" target=\"_blank\" rel=\"noopener\">du gouvernement<\/a>\u00a0. Comme tous les membres de sectes violentes, la seule fa\u00e7on de les sauver d\u2019eux-m\u00eames est de les\u00a0<a target=\"_blank\" href=\"https:\/\/www.britannica.com\/science\/deprogramming\" target=\"_blank\" rel=\"noopener\">d\u00e9programmer<\/a>\u00a0. Ce sera sans aucun doute un processus long et compliqu\u00e9 qui, dans le cas de nombreux juifs isra\u00e9liens, n\u00e9cessitera de d\u00e9faire des d\u00e9cennies de lavage de cerveau.<\/p>\n<p>Peut-\u00eatre que ces m\u00eames psychiatres qui sont partis pourraient aider \u00e0 d\u00e9programmer les Juifs isra\u00e9liens dans un environnement europ\u00e9en s\u00fbr pour les d\u00e9barrasser de leur attachement au nettoyage ethnique et aux guerres g\u00e9nocidaires.<\/p>\n<p><strong>Un avenir paisible<\/strong><\/p>\n<p>Pendant ce temps, l\u2019affaire port\u00e9e par l\u2019Afrique du Sud devant la Cour internationale de justice (CIJ) accusant Isra\u00ebl de g\u00e9nocide suscite l\u2019inqui\u00e9tude \u00e0 la Maison Blanche et dans les capitales d\u2019Europe occidentale. Il s\u2019agit de la derni\u00e8re affaire en date dont la CIJ a \u00e9t\u00e9 saisie, accusant Isra\u00ebl de crimes.<\/p>\n<p>Il y a un an, l\u2019Assembl\u00e9e g\u00e9n\u00e9rale des Nations Unies approuvait une demande d\u2019avis consultatif de la CIJ sur l\u2019occupation des territoires palestiniens par Isra\u00ebl avec 87 voix pour et 26 contre \u2013 les opposants \u00e9tant pour la plupart les m\u00eames pays qui soutiennent aujourd\u2019hui la guerre g\u00e9nocidaire d\u2019Isra\u00ebl \u00e0 Gaza.<\/p>\n<p>La CIJ doit tenir des audiences publiques sur cette affaire\u00a0<a target=\"_blank\" href=\"https:\/\/unric.org\/en\/israel-palestine-the-role-of-international-justice\/\" target=\"_blank\" rel=\"noopener\">le mois prochain<\/a>\u00a0. Quant \u00e0 l\u2019affaire plus r\u00e9cente introduite par l\u2019Afrique du Sud, la CIJ l\u2019examinera lors d\u2019une audience d\u2019urgence le 11 janvier.<\/p>\n<hr\/>\n<p class=\"text-align-center\"><iframe loading=\"lazy\" title=\"ICJ hearing against Israel: All you need to know about South Africa&#039;s case in the Hague\" width=\"1110\" height=\"624\" src=\"https:\/\/www.youtube.com\/embed\/-8X2S1sIk8A?feature=oembed\" frameborder=\"0\" allow=\"accelerometer; autoplay; clipboard-write; encrypted-media; gyroscope; picture-in-picture; web-share\" referrerpolicy=\"strict-origin-when-cross-origin\" allowfullscreen><\/iframe><\/p>\n<hr\/>\n<p>La CIJ a \u00e9t\u00e9 confront\u00e9e \u00e0 des demandes similaires dans le contexte du colonialisme de peuplement depuis la Seconde Guerre mondiale. En particulier, en juillet 1966, la CIJ a rejet\u00e9 une requ\u00eate d\u00e9pos\u00e9e en 1962 par le Lib\u00e9ria et l\u2019\u00c9thiopie concernant la colonie sud-africaine de Namibie, au motif qu\u2019aucun des deux pays n\u2019avait qualit\u00e9 pour pr\u00e9senter une telle requ\u00eate. Les deux pays \u00e9taient d\u2019anciens membres de la Soci\u00e9t\u00e9 des Nations, qui avait choisi l\u2019Afrique du Sud comme puissance mandataire sur la Namibie apr\u00e8s la Premi\u00e8re Guerre mondiale.<\/p>\n<p>En 1962, le Liberia et l\u2019\u00c9thiopie ont d\u00e9pos\u00e9 une requ\u00eate demandant \u00e0 la Cour de statuer sur le statut juridique de la Namibie. Le pr\u00e9sident de la Cour,\u00a0<a target=\"_blank\" href=\"https:\/\/www.google.com.au\/books\/edition\/The_Devils_are_Among_Us\/JNghAAAAMAAJ?hl=en&amp;gbpv=1&amp;bsq=Herbstein+and+Evensen,+The+Devils+Are+Among+Us&amp;dq=Herbstein+and+Evensen,+The+Devils+Are+Among+Us&amp;printsec=frontcover\" target=\"_blank\" rel=\"noopener\">Sir Percy Spender<\/a>\u00a0, lui-m\u00eame originaire de la colonie de peuplement d\u2019Australie, a vot\u00e9 en faveur de l\u2019Afrique du Sud (sept voix contre sept). Cette d\u00e9cision a lanc\u00e9 la lutte arm\u00e9e de l\u2019Organisation du peuple du Sud-Ouest africain (SWAPO) contre les occupants sud-africains de l\u2019apartheid. Cette ann\u00e9e-l\u00e0, l\u2019Assembl\u00e9e g\u00e9n\u00e9rale a r\u00e9voqu\u00e9 le mandat de l\u2019Afrique du Sud, mais sans succ\u00e8s.<\/p>\n<p>En 1969, le Conseil de s\u00e9curit\u00e9 de l\u2019ONU a finalement approuv\u00e9 la r\u00e9vocation du mandat de l\u2019Afrique du Sud d\u00e9cid\u00e9e par l\u2019Assembl\u00e9e g\u00e9n\u00e9rale en 1966. Lorsque l\u2019Afrique du Sud a d\u00e9fi\u00e9 l\u2019ONU et refus\u00e9 de se retirer, l\u2019affaire a \u00e9t\u00e9 soumise en juillet 1970 \u00e0 la CIJ pour avis consultatif.<\/p>\n<p>C\u2019est la d\u00e9cision de la CIJ de 1971 qui a conduit \u00e0 la reconnaissance internationale de la Swapo anticoloniale et du droit du peuple namibien \u00e0 l\u2019autod\u00e9termination.<\/p>\n<p>Contrairement \u00e0 1966,\u00a0<a target=\"_blank\" href=\"https:\/\/www.google.com.au\/books\/edition\/To_be_Born_a_Nation\/BZIhAAAAMAAJ?hl=en&amp;gbpv=1&amp;bsq=SWAPO+of+Namibia,+To+Be+Born+a+Nation&amp;dq=SWAPO+of+Namibia,+To+Be+Born+a+Nation&amp;printsec=frontcover\" target=\"_blank\" rel=\"noopener\">l\u2019avis de la CIJ<\/a>\u00a0, rendu le 21 juin 1971, a cette fois compl\u00e8tement confirm\u00e9 la position de l\u2019ONU, jugeant que l\u2019ONU \u00e9tait l\u2019autorit\u00e9 gouvernementale l\u00e9gale en Namibie et que l\u2019Afrique du Sud devait se retirer.<\/p>\n<p>Contrairement \u00e0 la d\u00e9cision procoloniale de la CIJ de 1966, la d\u00e9cision de 1971 a supprim\u00e9 le dernier vestige de l\u00e9gitimit\u00e9 dont disposait encore le r\u00e9gime supr\u00e9maciste blanc. Non pas que l\u2019Afrique du Sud ait respect\u00e9 la d\u00e9cision ; elle ne l\u2019a pas fait. Les pays occidentaux qui soutiennent l\u2019Afrique du Sud au sein de l\u2019OTAN ont continu\u00e9 \u00e0 soutenir sans vergogne ses tactiques dilatoires sous couvert de \u00ab processus de paix \u00bb et\u00a0<a target=\"_blank\" href=\"https:\/\/www.google.com.au\/books\/edition\/The_Devils_are_Among_Us\/JNghAAAAMAAJ?hl=en&amp;gbpv=1&amp;bsq=Herbstein+and+Evensen,+The+Devils+Are+Among+Us&amp;dq=Herbstein+and+Evensen,+The+Devils+Are+Among+Us&amp;printsec=frontcover\" target=\"_blank\" rel=\"noopener\">ont oppos\u00e9 leur veto<\/a>\u00a0aux r\u00e9solutions de l\u2019ONU qui appelaient \u00e0 des sanctions contre l\u2019\u00c9tat supr\u00e9maciste blanc.<\/p>\n<p>C\u2019est n\u00e9anmoins la d\u00e9cision de la CIJ de 1971 qui a conduit \u00e0\u00a0<a target=\"_blank\" href=\"https:\/\/www.google.com.au\/books\/edition\/To_be_Born_a_Nation\/BZIhAAAAMAAJ?hl=en&amp;gbpv=1&amp;bsq=SWAPO+of+Namibia,+To+Be+Born+a+Nation&amp;dq=SWAPO+of+Namibia,+To+Be+Born+a+Nation&amp;printsec=frontcover\" target=\"_blank\" rel=\"noopener\">la reconnaissance internationale<\/a>\u00a0de la Swapo et du droit du peuple namibien \u00e0 l\u2019autod\u00e9termination. Il a fallu une guerre de lib\u00e9ration pour que la Namibie obtienne enfin son ind\u00e9pendance en 1990.<\/p>\n<p>Cela signifie qu\u2019une d\u00e9cision de la CIJ condamnant la guerre d\u2019Isra\u00ebl comme un g\u00e9nocide sera de bon augure pour la lutte du peuple palestinien contre ses colonisateurs cruels et sanguinaires.<\/p>\n<p>M\u00eame si cela n\u2019entra\u00eenera pas une lib\u00e9ration et une d\u00e9colonisation imm\u00e9diates, cela acc\u00e9l\u00e9rera consid\u00e9rablement ce processus jusqu\u2019\u00e0 ce qu\u2019il d\u00e9mant\u00e8le le r\u00e9gime de supr\u00e9matie juive d\u2019Isra\u00ebl et sauve les Palestiniens et les Juifs isra\u00e9liens du culte g\u00e9nocidaire du sionisme.<\/p>\n<hr\/>\n<p><a target=\"_blank\" href=\"https:\/\/www.middleeasteye.net\/opinion\/how-israels-war-gaza-exposed-zionism-genocidal-cult\"><img loading=\"lazy\" decoding=\"async\" class=\"\" src=\"https:\/\/www.middleeasteye.net\/themes\/mee_subtheme\/images\/logo-en.svg\" alt=\"Maison\" width=\"87\" height=\"62\"\/><\/a><\/p>\n<h6>11 janvier 2024 &amp; 7 novembre 2024<\/h6>\n<hr\/>\n<h6>Joseph Massad est professeur de politique arabe moderne et d\u2019histoire intellectuelle \u00e0 l\u2019universit\u00e9 Columbia de New York. Il est l\u2019auteur de nombreux livres et articles universitaires et journalistiques. Ses ouvrages comprennent Colonial Effects: The Making of National Identity in Jordan; Desiring Arabs; The Persistence of the Palestinian Question: Essays on Zionism and the Palestinians, et plus r\u00e9cemment Islam in Liberalism. Ses livres et articles ont \u00e9t\u00e9 traduits dans une douzaine de langues.<\/h6>\n<hr\/>\n<h6><i>Les opinions exprim\u00e9es dans cet article appartiennent \u00e0 l\u2019auteur et ne refl\u00e8tent pas n\u00e9cessairement la politique \u00e9ditoriale de Middle East Eye.<\/i><\/h6>\n<\/div>\n<p><script async src=\"\/\/platform.twitter.com\/widgets.js\" charset=\"utf-8\"><\/script><br \/>\n<br \/><br \/>\n<br \/><a href=\"https:\/\/www.lelibrepenseur.org\/middle-east-eye-comment-la-guerre-disrael-contre-gaza-a-revele-le-sionisme-comme-un-culte-genocidaire\/\" target=\"_blank\"\">Source link <\/a><\/p>\n","protected":false},"excerpt":{"rendered":"<p>Depuis que le cabinet\u00a0isra\u00e9lien\u00a0actuel , dirig\u00e9 par Benjamin Netanyahu, est arriv\u00e9 au pouvoir en d\u00e9cembre 2022, il existe un consensus, m\u00eame dans le\u00a0courant dominant\u00a0occidental\u00a0et parmi l\u2019opposition\u00a0politique isra\u00e9lienne, selon lequel il&hellip; <\/p>\n","protected":false},"author":1,"featured_media":250,"comment_status":"open","ping_status":"open","sticky":false,"template":"","format":"standard","meta":{"footnotes":""},"categories":[1],"tags":[],"class_list":["post-249","post","type-post","status-publish","format-standard","has-post-thumbnail","hentry","category-non-classe"],"_links":{"self":[{"href":"https:\/\/monde25.info\/index.php\/wp-json\/wp\/v2\/posts\/249","targetHints":{"allow":["GET"]}}],"collection":[{"href":"https:\/\/monde25.info\/index.php\/wp-json\/wp\/v2\/posts"}],"about":[{"href":"https:\/\/monde25.info\/index.php\/wp-json\/wp\/v2\/types\/post"}],"author":[{"embeddable":true,"href":"https:\/\/monde25.info\/index.php\/wp-json\/wp\/v2\/users\/1"}],"replies":[{"embeddable":true,"href":"https:\/\/monde25.info\/index.php\/wp-json\/wp\/v2\/comments?post=249"}],"version-history":[{"count":0,"href":"https:\/\/monde25.info\/index.php\/wp-json\/wp\/v2\/posts\/249\/revisions"}],"wp:featuredmedia":[{"embeddable":true,"href":"https:\/\/monde25.info\/index.php\/wp-json\/wp\/v2\/media\/250"}],"wp:attachment":[{"href":"https:\/\/monde25.info\/index.php\/wp-json\/wp\/v2\/media?parent=249"}],"wp:term":[{"taxonomy":"category","embeddable":true,"href":"https:\/\/monde25.info\/index.php\/wp-json\/wp\/v2\/categories?post=249"},{"taxonomy":"post_tag","embeddable":true,"href":"https:\/\/monde25.info\/index.php\/wp-json\/wp\/v2\/tags?post=249"}],"curies":[{"name":"wp","href":"https:\/\/api.w.org\/{rel}","templated":true}]}}