{"id":2490,"date":"2025-02-13T00:09:53","date_gmt":"2025-02-12T23:09:53","guid":{"rendered":"https:\/\/monde25.info\/index.php\/2025\/02\/13\/affaire-de-betharram-francois-bayrou-accable-par-lopposition-de-gauche\/"},"modified":"2025-02-13T00:09:53","modified_gmt":"2025-02-12T23:09:53","slug":"affaire-de-betharram-francois-bayrou-accable-par-lopposition-de-gauche","status":"publish","type":"post","link":"https:\/\/monde25.info\/index.php\/2025\/02\/13\/affaire-de-betharram-francois-bayrou-accable-par-lopposition-de-gauche\/","title":{"rendered":"Affaire de B\u00e9tharram: Fran\u00e7ois Bayrou accabl\u00e9 par l\u2019opposition de gauche"},"content":{"rendered":"<p> <br \/>\n<br \/>Pour la deuxi\u00e8me journ\u00e9e cons\u00e9cutive, le premier ministre a \u00e9t\u00e9 interpell\u00e9 \u00e0 l\u2019Assembl\u00e9e nationale sur ses silences face aux violences au sein de l\u2019\u00e9tablissement catholique. Fran\u00e7ois Bayrou a maintenu sa position, au milieu des appels \u00e0 la d\u00e9mission.<br \/>\n<br \/><br \/>\n<br \/><a href=\"https:\/\/www.mediapart.fr\/journal\/france\/120225\/affaire-de-betharram-francois-bayrou-accable-par-l-opposition-de-gauche\" target=\"_blank\"\">Source link <\/a><\/p>\n","protected":false},"excerpt":{"rendered":"<p>Pour la deuxi\u00e8me journ\u00e9e cons\u00e9cutive, le premier ministre a \u00e9t\u00e9 interpell\u00e9 \u00e0 l\u2019Assembl\u00e9e nationale sur ses silences face aux violences au sein de l\u2019\u00e9tablissement catholique. Fran\u00e7ois Bayrou a maintenu sa&hellip; <\/p>\n","protected":false},"author":1,"featured_media":2491,"comment_status":"open","ping_status":"open","sticky":false,"template":"","format":"standard","meta":{"footnotes":""},"categories":[1],"tags":[],"class_list":["post-2490","post","type-post","status-publish","format-standard","has-post-thumbnail","hentry","category-non-classe"],"_links":{"self":[{"href":"https:\/\/monde25.info\/index.php\/wp-json\/wp\/v2\/posts\/2490","targetHints":{"allow":["GET"]}}],"collection":[{"href":"https:\/\/monde25.info\/index.php\/wp-json\/wp\/v2\/posts"}],"about":[{"href":"https:\/\/monde25.info\/index.php\/wp-json\/wp\/v2\/types\/post"}],"author":[{"embeddable":true,"href":"https:\/\/monde25.info\/index.php\/wp-json\/wp\/v2\/users\/1"}],"replies":[{"embeddable":true,"href":"https:\/\/monde25.info\/index.php\/wp-json\/wp\/v2\/comments?post=2490"}],"version-history":[{"count":0,"href":"https:\/\/monde25.info\/index.php\/wp-json\/wp\/v2\/posts\/2490\/revisions"}],"wp:featuredmedia":[{"embeddable":true,"href":"https:\/\/monde25.info\/index.php\/wp-json\/wp\/v2\/media\/2491"}],"wp:attachment":[{"href":"https:\/\/monde25.info\/index.php\/wp-json\/wp\/v2\/media?parent=2490"}],"wp:term":[{"taxonomy":"category","embeddable":true,"href":"https:\/\/monde25.info\/index.php\/wp-json\/wp\/v2\/categories?post=2490"},{"taxonomy":"post_tag","embeddable":true,"href":"https:\/\/monde25.info\/index.php\/wp-json\/wp\/v2\/tags?post=2490"}],"curies":[{"name":"wp","href":"https:\/\/api.w.org\/{rel}","templated":true}]}}