{"id":24918,"date":"2026-03-06T19:43:34","date_gmt":"2026-03-06T18:43:34","guid":{"rendered":"https:\/\/monde25.info\/index.php\/2026\/03\/06\/le-rechauffement-climatique-semballe-depuis-2015-montre-une-etude\/"},"modified":"2026-03-06T19:43:34","modified_gmt":"2026-03-06T18:43:34","slug":"le-rechauffement-climatique-semballe-depuis-2015-montre-une-etude","status":"publish","type":"post","link":"https:\/\/monde25.info\/index.php\/2026\/03\/06\/le-rechauffement-climatique-semballe-depuis-2015-montre-une-etude\/","title":{"rendered":"Le r\u00e9chauffement climatique s&#039;emballe depuis 2015, montre une \u00e9tude"},"content":{"rendered":"<p> <br \/>\n<br \/><img loading=\"lazy\" decoding=\"async\" src=\"https:\/\/reporterre.net\/local\/cache-vignettes\/L700xH467\/terater-b7722.jpg?1772817315\" class=\"spip_logo\" width=\"700\" height=\"467\" alt=\"\" \/><\/p>\n<p>Le climat se r\u00e9chauffe de plus en plus vite. Une \u00e9tude de l&rsquo;Institut de recherche de Potsdam sur les effets du changement climatique, publi\u00e9e le 6\u00a0mars 2026 dans Geophysical Research Letters, montre que le r\u00e9chauffement climatique s&rsquo;est acc\u00e9l\u00e9r\u00e9 \u00ab<small class=\"fine d-inline\">\u00a0<\/small>statistiquement<small class=\"fine d-inline\">\u00a0<\/small>\u00bb depuis 2015. Le taux moyen de r\u00e9chauffement aurait atteint environ 0,35\u00a0\u00b0C par d\u00e9cennie sur les dix derni\u00e8res ann\u00e9es, contre un peu moins de 0,2\u00a0\u00b0C par d\u00e9cennie entre 1970 et 2015. <br class=\"autobr\" \/><br \/>\nLes chercheurs se basent sur des donn\u00e9es\u00a0(\u2026)<\/p>\n<p>                    <a target=\"_blank\" href=\"https:\/\/reporterre.net\/Le-rechauffement-climatique-s-emballe-depuis-2015-montre-une-etude?utm_source=RSS&amp;utm_medium=RSS\">Lire la suite<\/a><\/p>\n<p>                    &#8211;<br \/>\n                        <a target=\"_blank\" href=\"https:\/\/reporterre.net\/Breves-20\" rel=\"directory\">En bref<\/a><\/p>\n<p>                    \/<br \/>\n                        <a target=\"_blank\" href=\"https:\/\/reporterre.net\/Climat-18\" rel=\"tag\">Climat <\/a><br \/>\n                    ,<br \/>\n                        <a target=\"_blank\" href=\"https:\/\/reporterre.net\/International\" rel=\"tag\">Monde<\/a><br \/>\n<br \/><br \/>\n<br \/><a href=\"https:\/\/reporterre.net\/Le-rechauffement-climatique-s-emballe-depuis-2015-montre-une-etude\" target=\"_blank\"\">Source link <\/a><\/p>\n","protected":false},"excerpt":{"rendered":"<p>Le climat se r\u00e9chauffe de plus en plus vite. Une \u00e9tude de l&rsquo;Institut de recherche de Potsdam sur les effets du changement climatique, publi\u00e9e le 6\u00a0mars 2026 dans Geophysical Research&hellip; <\/p>\n","protected":false},"author":1,"featured_media":0,"comment_status":"open","ping_status":"open","sticky":false,"template":"","format":"standard","meta":{"footnotes":""},"categories":[1],"tags":[],"class_list":["post-24918","post","type-post","status-publish","format-standard","hentry","category-non-classe"],"_links":{"self":[{"href":"https:\/\/monde25.info\/index.php\/wp-json\/wp\/v2\/posts\/24918","targetHints":{"allow":["GET"]}}],"collection":[{"href":"https:\/\/monde25.info\/index.php\/wp-json\/wp\/v2\/posts"}],"about":[{"href":"https:\/\/monde25.info\/index.php\/wp-json\/wp\/v2\/types\/post"}],"author":[{"embeddable":true,"href":"https:\/\/monde25.info\/index.php\/wp-json\/wp\/v2\/users\/1"}],"replies":[{"embeddable":true,"href":"https:\/\/monde25.info\/index.php\/wp-json\/wp\/v2\/comments?post=24918"}],"version-history":[{"count":0,"href":"https:\/\/monde25.info\/index.php\/wp-json\/wp\/v2\/posts\/24918\/revisions"}],"wp:attachment":[{"href":"https:\/\/monde25.info\/index.php\/wp-json\/wp\/v2\/media?parent=24918"}],"wp:term":[{"taxonomy":"category","embeddable":true,"href":"https:\/\/monde25.info\/index.php\/wp-json\/wp\/v2\/categories?post=24918"},{"taxonomy":"post_tag","embeddable":true,"href":"https:\/\/monde25.info\/index.php\/wp-json\/wp\/v2\/tags?post=24918"}],"curies":[{"name":"wp","href":"https:\/\/api.w.org\/{rel}","templated":true}]}}