{"id":24921,"date":"2026-03-06T20:48:56","date_gmt":"2026-03-06T19:48:56","guid":{"rendered":"https:\/\/monde25.info\/index.php\/2026\/03\/06\/quand-la-verite-devient-un-delit-le-veritable-devoir-de-memoire\/"},"modified":"2026-03-06T20:48:56","modified_gmt":"2026-03-06T19:48:56","slug":"quand-la-verite-devient-un-delit-le-veritable-devoir-de-memoire","status":"publish","type":"post","link":"https:\/\/monde25.info\/index.php\/2026\/03\/06\/quand-la-verite-devient-un-delit-le-veritable-devoir-de-memoire\/","title":{"rendered":"Quand la v\u00e9rit\u00e9 devient un d\u00e9lit : le v\u00e9ritable Devoir de M\u00e9moire"},"content":{"rendered":"<p> <br \/>\n<\/p>\n<div>\n<blockquote>\n<p>R\u00e9sum\u00e9 pour les press\u00e9s\u00a0: dans l&rsquo;\u00e9mission \u00ab <em>C ce soir<\/em> \u00bb du 5-6 f\u00e9vrier 2026 sur France 5, des \u00ab <em>experts<\/em> \u00bb du complotisme \u2013 financ\u00e9s par l\u2019\u00c9tat \u2013 ont tent\u00e9 de discr\u00e9diter les r\u00e9v\u00e9lations des Epstein Files en affirmant que m\u00eame une th\u00e9orie \u00ab vraie \u00bb reste invalide si elle pose les \u00ab mauvaises questions \u00bb. Gloria Origgi (CNRS) en t\u00eate : une v\u00e9rit\u00e9 officielle impos\u00e9e par le pouvoir, valid\u00e9e par des pr\u00e9somptions l\u00e9gales irr\u00e9fragables, tandis que la censure s&rsquo;affiche ouvertement (Barrot : \u00ab <em>mise au pas des r\u00e9seaux sociaux<\/em> \u00bb). Quand les \u00ab <em>complotistes<\/em> \u00bb ont raison, le syst\u00e8me r\u00e9pond par l&rsquo;oxymore et la minimisation. Un grand moment de t\u00e9l\u00e9vision qui rappelle : la v\u00e9rit\u00e9 n&rsquo;est plus une question scientifique, mais politique \u2013 et dangereuse.<\/p>\n<\/blockquote>\n<p>\u00a0<\/p>\n<h4 class=\"text-align-center\"><strong>*** \u00e9dito ***<\/strong><\/h4>\n<p><a target=\"_blank\" href=\"https:\/\/youtu.be\/WE6f_7U3GDk?si=s0CTdo6z7ZSTgTt9\">L&rsquo;\u00e9mission \u00ab C ce soir \u00bb diffus\u00e9e le 5 f\u00e9vrier 2026 sur France 5<\/a> (rediffus\u00e9e et comment\u00e9e le 6) posait une question qui, en apparence, semblait ouvrir le d\u00e9bat : \u00ab <em>Affaire Epstein : comment d\u00e9noncer le complotisme quand il dit vrai ?<\/em> \u00bb . Mais derri\u00e8re ce titre provocant \u2013 un oxymore assum\u00e9 \u2013 se d\u00e9roulait une d\u00e9monstration m\u00e9thodique de comment disqualifier toute critique alternative au r\u00e9cit officiel, m\u00eame quand les faits massifs (Epstein Files : 3 millions de documents, 2000 vid\u00e9os, 180 000 photos rendus publics par le minist\u00e8re de la Justice am\u00e9ricain) confirment les soup\u00e7ons les plus graves.<\/p>\n<p><img decoding=\"async\" data-entity-uuid=\"e4b5dcc5-8949-4b32-b152-0a721e1c9933\" data-entity-type=\"file\" alt=\"devoir\" width=\"696\" height=\"389\" class=\"align-center lazyload\" loading=\"lazy\" src=\"https:\/\/www.francesoir.fr\/sites\/default\/files\/inline-images\/4_14.png\"\/><\/p>\n<p>Anim\u00e9e par Karim Rissouli, l&rsquo;\u00e9mission r\u00e9unissait un casting homog\u00e8ne : Gloria Origgi (philosophe, chercheuse au CNRS, autrice de La v\u00e9rit\u00e9 est une question politique, Albin Michel, 2024), <a target=\"_blank\" href=\"https:\/\/www.francesoir.fr\/culture-medias\/tristan-mendes-france-fact-checker-ou-fact-farceur-cinq-bourdes-monumentales-pour-un\">Tristan Mend\u00e8s-France<\/a> (ma\u00eetre de conf\u00e9rences \u00e0 Paris-Cit\u00e9, Observatoire du conspirationnisme), Marie Peltier (historienne du complotisme), Catherine Tricot (directrice de Regards) et Virginie Vilar (grand reporter \u00e0 Compl\u00e9ment d&rsquo;enqu\u00eate). <strong>Tous, ou presque, li\u00e9s \u00e0 des structures publiques ou subventionn\u00e9es<\/strong>, ont converg\u00e9 vers une m\u00eame ligne : les <strong>\u00ab <\/strong><em><strong>th\u00e9ories du complot<\/strong><\/em><strong> \u00bb restent invalides, m\u00eame valid\u00e9es par les preuves, car elles ne respectent pas les \u00ab <\/strong><em><strong>bonnes questions<\/strong><\/em><strong> \u00bb<\/strong> ou les cadres \u00e9pist\u00e9mologiques officiels.<\/p>\n<p><img decoding=\"async\" data-entity-uuid=\"99cc37c2-fb32-4074-bb8d-fb11561d9cd7\" data-entity-type=\"file\" alt=\"Devoir\" width=\"721\" height=\"403\" class=\"align-center lazyload\" loading=\"lazy\" src=\"https:\/\/www.francesoir.fr\/sites\/default\/files\/inline-images\/2_18.png\"\/><\/p>\n<h5><strong>Une citation qui r\u00e9sume tout<\/strong><\/h5>\n<p>Gloria Origgi a l\u00e2ch\u00e9 la phrase qui restera : \u00ab <em>Les th\u00e9ories du complot, m\u00eame si elles sont vraies, ne tiennent pas la route parce que vous ne posez pas les bonnes questions.<\/em> \u00bb Une assertion sid\u00e9rante, qui postule que la v\u00e9rit\u00e9 factuelle n&rsquo;a de valeur que si elle s&rsquo;inscrit dans un cadre pr\u00e9alablement valid\u00e9 par le pouvoir ou ses relais intellectuels.\u00a0<\/p>\n<p><img decoding=\"async\" data-entity-uuid=\"6e2ac017-c109-4a65-bd2f-f6bc583253c2\" data-entity-type=\"file\" alt=\"devoir\" width=\"701\" height=\"391\" class=\"align-center lazyload\" loading=\"lazy\" src=\"https:\/\/www.francesoir.fr\/sites\/default\/files\/inline-images\/3_9.png\"\/><\/p>\n<p>Dans son livre La v\u00e9rit\u00e9 est une question politique, Origgi explore justement comment la v\u00e9rit\u00e9 n&rsquo;est plus un absolu philosophique ou scientifique, mais un enjeu de l\u00e9gitimation politique \u2013 un constat qu&rsquo;elle semble appliquer ici de fa\u00e7on&#8230; tr\u00e8s s\u00e9lective.<\/p>\n<p><img decoding=\"async\" data-entity-uuid=\"93eebed3-74c0-4f9a-9f9d-8bda08573b27\" data-entity-type=\"file\" alt=\"Devoir\" width=\"701\" height=\"391\" class=\"align-center lazyload\" loading=\"lazy\" src=\"https:\/\/www.francesoir.fr\/sites\/default\/files\/inline-images\/5_13.png\"\/><\/p>\n<p>\u00a0<\/p>\n<h5><strong>Le droit comme arme : pr\u00e9somptions irr\u00e9fragables et v\u00e9rit\u00e9s impos\u00e9es<\/strong><\/h5>\n<p>Pour saisir la m\u00e9canique, revenons au droit fran\u00e7ais. La preuve y conna\u00eet des hi\u00e9rarchies : au sommet, les pr\u00e9somptions l\u00e9gales irr\u00e9fragables, institu\u00e9es par la loi, qui rendent certains faits incontestables, m\u00eame face \u00e0 des preuves mat\u00e9rielles contraires.<\/p>\n<p><img decoding=\"async\" data-entity-uuid=\"1d3aee88-7a17-4b98-a634-5552228e6a9f\" data-entity-type=\"file\" alt=\"Devoir\" width=\"694\" height=\"387\" class=\"align-center lazyload\" loading=\"lazy\" src=\"https:\/\/www.francesoir.fr\/sites\/default\/files\/inline-images\/6_11.png\"\/><\/p>\n<p>Exemple historique : la loi Gayssot (13 juillet 1990) \u00e9rige en <strong>pr\u00e9somption irr\u00e9fragable<\/strong> l&rsquo;existence des crimes contre l&rsquo;humanit\u00e9 tels que d\u00e9finis \u00e0 Nuremberg. Robert Faurisson, malgr\u00e9 des arguments mat\u00e9riels, fut condamn\u00e9 car les tribunaux devaient \u00e9carter toute preuve contraire \u2013 la loi primant sur les faits.<\/p>\n<p>Cette logique s&rsquo;\u00e9tend bien au-del\u00e0. Le 12 juillet 2021, Emmanuel Macron annon\u00e7ait l&rsquo;obligation vaccinale contre le Covid-19 en affirmant <strong>des \u00ab <\/strong><em><strong>v\u00e9rit\u00e9s scientifiques<\/strong><\/em><strong> \u00bb<\/strong> (vaccins stoppant totalement la transmission, efficacit\u00e9 absolue) <a target=\"_blank\" href=\"https:\/\/www.francesoir.fr\/videos-les-debriefings\/analyse-des-assertions-scientifiques-demmanuel-macron-par-le-pr-peter\"><strong>qui \u00e9taient reconnues comme fausses ou exag\u00e9r\u00e9es<\/strong><\/a><strong> <\/strong>(au moment m\u00eame de la prise de parole), comme l&rsquo;a analys\u00e9 le Pr. Peter McCullough le 14 juillet 2021. Des millions de citoyens ont subi une coercition (pass vaccinal) <strong>fond\u00e9e sur une \u00ab <\/strong><em><strong>v\u00e9rit\u00e9 officielle<\/strong><\/em><strong> \u00bb pr\u00e9sent\u00e9e comme irr\u00e9fragable, violant potentiellement le consentement \u00e9clair\u00e9<\/strong>. Preuves contraires ? Ignor\u00e9es ou disqualifi\u00e9es comme \u00ab <em>complotistes<\/em> \u00bb.<\/p>\n<p><img decoding=\"async\" data-entity-uuid=\"188e167c-7759-4d76-827f-2c7769e9d73f\" data-entity-type=\"file\" alt=\"devoir\" width=\"694\" height=\"387\" class=\"align-center lazyload\" loading=\"lazy\" src=\"https:\/\/www.francesoir.fr\/sites\/default\/files\/inline-images\/8_6.png\"\/><\/p>\n<p>\u00c0 l&rsquo;international : Colin Powell, <a target=\"_blank\" href=\"https:\/\/www.ina.fr\/ina-eclaire-actu\/video\/2205136001007\/discours-de-colin-powell-devant-l-onu\">le 5 f\u00e9vrier 2003 \u00e0 l&rsquo;ONU<\/a>, brandit une fiole cens\u00e9e contenir de l&rsquo;anthrax \u2013 \u00ab <em>preuve<\/em> \u00bb d&rsquo;armes de destruction massive en Irak. Cette pr\u00e9somption a lanc\u00e9 une guerre (centaines de milliers de morts) ; Powell admit plus tard l&rsquo;erreur. La France de Chirac refusa d&rsquo;y participer \u2013 un rare sursaut.\u00a0<\/p>\n<p><img decoding=\"async\" data-entity-uuid=\"33c3d895-b121-40a4-8a6a-320d4b9b9936\" data-entity-type=\"file\" alt=\"devoir\" width=\"700\" height=\"391\" class=\"align-center lazyload\" loading=\"lazy\" src=\"https:\/\/www.francesoir.fr\/sites\/default\/files\/inline-images\/7_8.png\"\/><\/p>\n<p>Aujourd&rsquo;hui, ces m\u00e9canismes se r\u00e9p\u00e8tent : les Epstein Files confirment r\u00e9seaux de pr\u00e9dation et chantage \u00e9litiste, mais les invit\u00e9s minimisent : \u00ab <em>Pourquoi Epstein collectionnait-il ces infos ?<\/em> \u00bb Ce \u00e0 quoi un des invit\u00e9s apporta une r\u00e9ponse lunaire\u00a0: \u00ab\u00a0Quelque part, peu importe\u00a0\u00bb.<\/p>\n<p><img decoding=\"async\" data-entity-uuid=\"999b61f3-a923-4a2c-8893-7d7210f29d80\" data-entity-type=\"file\" alt=\"Devoir\" width=\"698\" height=\"390\" class=\"align-center lazyload\" loading=\"lazy\" src=\"https:\/\/www.francesoir.fr\/sites\/default\/files\/inline-images\/11_1.png\"\/><\/p>\n<p>De m\u00eame, <a target=\"_blank\" href=\"https:\/\/edition.francesoir.fr\/societe-sante-science-tech\/la-maladie-de-lyme-des-documents-declassifies-americains-relient-l\">des documents d\u00e9classifi\u00e9s am\u00e9ricains<\/a> (FOIA, archives CIA, t\u00e9moignages de Willy Burgdorfer) relient l&rsquo;\u00e9pid\u00e9mie de maladie de Lyme \u00e0 des programmes d&rsquo;armes biologiques US (1943-1969), incluant des exp\u00e9riences sur tiques infect\u00e9es \u00e0 Plum Island et Fort Detrick. Des centaines de milliers de patients chroniques ont \u00e9t\u00e9 laiss\u00e9s en d\u00e9sh\u00e9rence m\u00e9dicale pendant des d\u00e9cennies, souvent diagnostiqu\u00e9s \u00e0 tort comme cas psychiatriques (\u00ab\u00a0<em>c&rsquo;est dans votre t\u00eate<\/em>\u00a0\u00bb), malgr\u00e9 des co-infections ignor\u00e9es et des tests inadapt\u00e9s. Ces r\u00e9v\u00e9lations, relay\u00e9es par des experts comme le Pr. Christian Perronne depuis plus de 25 ans et r\u00e9cemment amplifi\u00e9es (2025-2026), montrent comment une \u00ab\u00a0<em>v\u00e9rit\u00e9 officielle<\/em>\u00a0\u00bb (origine naturelle pure, pas de chronicit\u00e9) <strong>a \u00e9t\u00e9 impos\u00e9e comme pr\u00e9somption irr\u00e9fragable<\/strong>, masquant potentiellement une origine accidentelle ou <strong>syst\u00e9mique<\/strong>.<\/p>\n<p><img decoding=\"async\" data-entity-uuid=\"29ed63d6-0f04-4546-9cc8-38965188e671\" data-entity-type=\"file\" alt=\"Devoir\" width=\"700\" height=\"391\" class=\"align-center lazyload\" loading=\"lazy\" src=\"https:\/\/www.francesoir.fr\/sites\/default\/files\/inline-images\/9_5.png\"\/><\/p>\n<p>Les fact-checkers (Mend\u00e8s-France, Reichstadt, etc.) fonctionnent ainsi : ils traitent leurs assertions comme des pr\u00e9somptions irr\u00e9fragables, valid\u00e9es par le consensus m\u00e9diatique-\u00e9tatique. Et bien s\u00fbr, ils \u00e9vitent tout d\u00e9bat public qui viendrait mettre \u00e0 mal leur position.<\/p>\n<p>\u00a0<\/p>\n<h5><strong>Techniques de disqualification et manipulation<\/strong><\/h5>\n<p>L&rsquo;\u00e9mission illustre trois proc\u00e9d\u00e9s classiques :<\/p>\n<ol>\n<li data-list-item-id=\"e77418cfd1bdfd65b5cf46d256f67bf0f\"><strong>L&rsquo;oxymore comme arme<\/strong> : le titre m\u00eame de l\u2019\u00e9mission oppose \u00ab <em>complotisme<\/em> \u00bb et \u00ab <em>vrai<\/em> \u00bb, insinuant que la v\u00e9rit\u00e9 complotiste reste ill\u00e9gitime. Un d\u00e9nigrement de la v\u00e9rit\u00e9 factuelle.<\/li>\n<li data-list-item-id=\"e13be6ab021d62751728078c4e2c9bada\"><strong>La d\u00e9n\u00e9gation collective<\/strong> : \u00e0 \u00ab <em>Et si les complotistes avaient raison ?<\/em> \u00bb ils proposent des r\u00e9ponses unanimes complices tout sourire aux l\u00e8vres qui satisfont le producteur de l\u2019\u00e9mission : \u00ab <em>Bien entendu !<\/em> \u00bb, \u00ab <em>\u00c9videmment !<\/em> \u00bb accompagn\u00e9s de digressions sans fondement factuel.<\/li>\n<li data-list-item-id=\"e46649e9db8d7aa726d0cc1a5fb2a24c7\"><strong>La minimisation des mobiles<\/strong> : ignorer le chantage \u00e9vident (pouvoir, influence) pour se focaliser sur des d\u00e9tails anodins, \u00e9vitant l&rsquo;analyse syst\u00e9mique. Ils minimisent ou d\u00e9nient totalement la port\u00e9e d\u00e9lictuelle ou criminelle des faits dont le pouvoir en place a d\u00fb admettre l&rsquo;existence, car ces faits ont \u00e9t\u00e9 port\u00e9s \u00e0 la connaissance du grand public par les Epstein Files. Quant au mobile de ces d\u00e9lits et d\u00e9lits, bien qu&rsquo;ils soient \u00e9vidents ils feignent de les conna\u00eetre.<\/li>\n<\/ol>\n<p><img decoding=\"async\" data-entity-uuid=\"935d4db1-f120-40a1-92d3-6630a278262d\" data-entity-type=\"file\" alt=\"devoir\" width=\"701\" height=\"391\" class=\"align-center lazyload\" loading=\"lazy\" src=\"https:\/\/www.francesoir.fr\/sites\/default\/files\/inline-images\/10_3.png\"\/><\/p>\n<p>Ces m\u00e9thodes masquent une r\u00e9alit\u00e9 \u00e9tablie : sur Epstein, la Covid, les guerres, les <strong>\u00ab <\/strong><em><strong>complotistes<\/strong><\/em><strong> \u00bb d&rsquo;hier ont souvent eu raison<\/strong>. Le syst\u00e8me r\u00e9pond par la censure croissante : Jean-No\u00ebl Barrot (f\u00e9vrier 2026) appelle \u00e0 \u00ab <em>reprendre le contr\u00f4le de notre espace public<\/em> \u00bb via \u00ab <em>la mise au pas des r\u00e9seaux sociaux<\/em> \u00bb, ciblant l&rsquo;\u00ab <em>internationale r\u00e9actionnaire<\/em> \u00bb. Les interdictions, stigmatisations et r\u00e9pressions s&rsquo;affichent sans complexe \u2013 signe classique de d\u00e9clin d&rsquo;un r\u00e9gime.<\/p>\n<p>Sans pousser le trait jusqu&rsquo;\u00e0 Goebbels comme certains observateurs n&rsquo;h\u00e9sitent pas \u00e0 le faire, on comprend toutefois que la comparaison soit tentante : quand la propagande s&rsquo;officialise, que la censure devient revendiqu\u00e9e et que <strong>la v\u00e9rit\u00e9 est d\u00e9clar\u00e9e \u00ab politique \u00bb<\/strong>, les parall\u00e8les avec les m\u00e9thodes de contr\u00f4le de l&rsquo;information historique sautent aux yeux. La question n&rsquo;est plus \u00ab <em>est-ce comparable ?<\/em> \u00bb, mais \u00ab <em>jusqu&rsquo;o\u00f9 cela ira-t-il ? <\/em>\u00bb.<\/p>\n<p><img decoding=\"async\" data-entity-uuid=\"88ef6bf6-ac72-46b6-8e53-f9f20cb743c1\" data-entity-type=\"file\" alt=\"Devoir\" width=\"703\" height=\"393\" class=\"align-center lazyload\" loading=\"lazy\" src=\"https:\/\/www.francesoir.fr\/sites\/default\/files\/inline-images\/12_7.png\"\/><\/p>\n<p>Ces proc\u00e9d\u00e9s rappellent les \u00ab <a target=\"_blank\" href=\"https:\/\/m.francesoir.fr\/opinions-editos\/la-verite-assassinee-les-cinq-difficultes-de-brecht-revelent-la-propagande-qui\"><em>Cinq difficult\u00e9s pour \u00e9crire la v\u00e9rit\u00e9<\/em><\/a> \u00bb d\u00e9crites par Bertolt Brecht en 1935, face \u00e0 la propagande nazie : le <strong>courage de l\u2019affirmer<\/strong> malgr\u00e9 les puissants ; <strong>l\u2019intelligence pour la reconna\u00eetre<\/strong> quand elle est \u00e9touff\u00e9e ; <strong>l\u2019art de la rendre maniable<\/strong> comme une arme ; <strong>le jugement pour choisir ses alli\u00e9s<\/strong> ; et <strong>la ruse pour la propager<\/strong>.\u00a0<\/p>\n<p><img decoding=\"async\" data-entity-uuid=\"6f43a711-e9d5-4c7e-8bb8-f5cf0a48b5f7\" data-entity-type=\"file\" alt=\"devoir\" width=\"698\" height=\"390\" class=\"align-center lazyload\" loading=\"lazy\" src=\"https:\/\/www.francesoir.fr\/sites\/default\/files\/inline-images\/13_6.png\"\/><\/p>\n<p>Aujourd\u2019hui, en France, o\u00f9 la censure s\u2019affiche (comme Barrot le clame), ces d\u00e9fis r\u00e9sonnent : les invit\u00e9s de l\u2019\u00e9mission \u00e9touffent la v\u00e9rit\u00e9 des Epstein Files par des oxymores et des minimisations, for\u00e7ant les critiques \u00e0 user de ruse sur les r\u00e9seaux sociaux pour contourner la \u00ab <em>mise au pas<\/em> \u00bb. Brecht nous pr\u00e9vient : la v\u00e9rit\u00e9 n\u2019est pas un don, mais un combat \u2013 et nous y sommes.<\/p>\n<p>\u00a0<\/p>\n<h5><strong>Le devoir de m\u00e9moire comme r\u00e9sistance<\/strong><\/h5>\n<p>Le devoir de m\u00e9moire n\u2019est pas seulement comm\u00e9morer les horreurs pass\u00e9es ; c\u2019est refuser aujourd\u2019hui que la v\u00e9rit\u00e9 devienne un privil\u00e8ge d\u2019\u00c9tat. Face \u00e0 des m\u00e9dias publics qui transforment le d\u00e9bat en validation unilat\u00e9rale, face \u00e0 des \u00ab experts \u00bb qui imposent des cadres pour disqualifier les faits, le citoyen doit v\u00e9rifier, partager, questionner. Pour rire un peu de ce grand moment cathodique, voir <a target=\"_blank\" href=\"https:\/\/www.youtube.com\/watch?v=qjA5wHS9j1Y\">la parodie de Docteur Alwest<\/a>.<\/p>\n<blockquote>\n<p>La d\u00e9mocratie meurt quand la v\u00e9rit\u00e9 devient une \u00ab <em>question politique<\/em> \u00bb monopolis\u00e9e. R\u00e9veiller le devoir de m\u00e9moire, c\u2019est d\u00e9j\u00e0 r\u00e9sister.<\/p>\n<\/blockquote>\n<p><img decoding=\"async\" data-entity-uuid=\"2387077b-610c-4672-92fb-c8b1ff869661\" data-entity-type=\"file\" alt=\"Devoir\" width=\"700\" height=\"391\" class=\"align-center lazyload\" loading=\"lazy\" src=\"https:\/\/www.francesoir.fr\/sites\/default\/files\/inline-images\/15_3.png\"\/><\/p>\n<p>\u00a0<\/p>\n<\/div>\n<p><script>(function(d, s, id) {  var js, fjs = d.getElementsByTagName(s)[0];  if (d.getElementById(id)) return;  js = d.createElement(s); js.id = id;  js.src = \"\/\/connect.facebook.net\/fr_FR\/sdk.js#xfbml=1&version=v2.3\";  fjs.parentNode.insertBefore(js, fjs);}(document, \"script\", \"facebook-jssdk\"));<\/script><br \/>\n<br \/><br \/>\n<br \/><a href=\"https:\/\/www.francesoir.fr\/opinions-editos\/quand-la-verite-devient-un-delit-le-veritable-devoir-de-memoire\" target=\"_blank\"\">Source link <\/a><\/p>\n","protected":false},"excerpt":{"rendered":"<p>R\u00e9sum\u00e9 pour les press\u00e9s\u00a0: dans l&rsquo;\u00e9mission \u00ab C ce soir \u00bb du 5-6 f\u00e9vrier 2026 sur France 5, des \u00ab experts \u00bb du complotisme \u2013 financ\u00e9s par l\u2019\u00c9tat \u2013 ont&hellip; <\/p>\n","protected":false},"author":1,"featured_media":24922,"comment_status":"open","ping_status":"open","sticky":false,"template":"","format":"standard","meta":{"footnotes":""},"categories":[1],"tags":[],"class_list":["post-24921","post","type-post","status-publish","format-standard","has-post-thumbnail","hentry","category-non-classe"],"_links":{"self":[{"href":"https:\/\/monde25.info\/index.php\/wp-json\/wp\/v2\/posts\/24921","targetHints":{"allow":["GET"]}}],"collection":[{"href":"https:\/\/monde25.info\/index.php\/wp-json\/wp\/v2\/posts"}],"about":[{"href":"https:\/\/monde25.info\/index.php\/wp-json\/wp\/v2\/types\/post"}],"author":[{"embeddable":true,"href":"https:\/\/monde25.info\/index.php\/wp-json\/wp\/v2\/users\/1"}],"replies":[{"embeddable":true,"href":"https:\/\/monde25.info\/index.php\/wp-json\/wp\/v2\/comments?post=24921"}],"version-history":[{"count":0,"href":"https:\/\/monde25.info\/index.php\/wp-json\/wp\/v2\/posts\/24921\/revisions"}],"wp:featuredmedia":[{"embeddable":true,"href":"https:\/\/monde25.info\/index.php\/wp-json\/wp\/v2\/media\/24922"}],"wp:attachment":[{"href":"https:\/\/monde25.info\/index.php\/wp-json\/wp\/v2\/media?parent=24921"}],"wp:term":[{"taxonomy":"category","embeddable":true,"href":"https:\/\/monde25.info\/index.php\/wp-json\/wp\/v2\/categories?post=24921"},{"taxonomy":"post_tag","embeddable":true,"href":"https:\/\/monde25.info\/index.php\/wp-json\/wp\/v2\/tags?post=24921"}],"curies":[{"name":"wp","href":"https:\/\/api.w.org\/{rel}","templated":true}]}}