{"id":24923,"date":"2026-03-06T21:21:35","date_gmt":"2026-03-06T20:21:35","guid":{"rendered":"https:\/\/monde25.info\/index.php\/2026\/03\/06\/liran-soupconne-une-provocation-israelienne-apres-lincident-de-drones-au-nakhitchevan-rt-en-francais\/"},"modified":"2026-03-06T21:21:35","modified_gmt":"2026-03-06T20:21:35","slug":"liran-soupconne-une-provocation-israelienne-apres-lincident-de-drones-au-nakhitchevan-rt-en-francais","status":"publish","type":"post","link":"https:\/\/monde25.info\/index.php\/2026\/03\/06\/liran-soupconne-une-provocation-israelienne-apres-lincident-de-drones-au-nakhitchevan-rt-en-francais\/","title":{"rendered":"L\u2019Iran soup\u00e7onne une provocation isra\u00e9lienne apr\u00e8s l\u2019incident de drones au Nakhitchevan \u2014 RT en fran\u00e7ais"},"content":{"rendered":"<p> <br \/>\n<br \/><img decoding=\"async\" src=\"https:\/\/mf.b37mrtl.ru\/french\/images\/2026.03\/thumbnail\/69aaf74687f3ec05226a3c5d.jpg\" \/><\/p>\n<div>\n<p class=\"text__summary\">\n                                        Apr\u00e8s l\u2019incident de drones survenu au Nakhitchevan, Bakou accuse l\u2019Iran d\u2019avoir vis\u00e9 son territoire et exige des explications rapides. T\u00e9h\u00e9ran rejette fermement ces accusations et estime qu\u2019il pourrait s\u2019agir d\u2019une provocation destin\u00e9e \u00e0 opposer l\u2019Azerba\u00efdjan \u00e0 la R\u00e9publique islamique, dans un contexte r\u00e9gional marqu\u00e9 par l&rsquo;escalade militaire.\n                                    <\/p>\n<p>Les tensions entre l\u2019Iran et l\u2019Azerba\u00efdjan se sont brusquement aggrav\u00e9es apr\u00e8s un incident survenu le 5 mars dans l\u2019enclave du Nakhitchevan. Deux drones venus de la direction de l\u2019Iran se seraient \u00e9cras\u00e9s pr\u00e8s de l\u2019a\u00e9roport international de la r\u00e9gion. Le terminal aurait \u00e9t\u00e9 endommag\u00e9 et deux civils auraient \u00e9t\u00e9 bless\u00e9s. Un autre drone serait tomb\u00e9 pr\u00e8s d\u2019une \u00e9cole dans un village voisin.<\/p>\n<p>Dans la foul\u00e9e, Bakou a d\u00e9nonc\u00e9 une atteinte \u00e0 son territoire et a convoqu\u00e9 l\u2019ambassadeur d\u2019Iran pour lui remettre une note de protestation. Les autorit\u00e9s azerba\u00efdjanaises ont r\u00e9clam\u00e9 des explications rapides, tout en affirmant se r\u00e9server le droit de prendre des mesures de riposte apr\u00e8s cet incident.<\/p>\n<h2><strong>T\u00e9h\u00e9ran rejette les accusations et \u00e9voque une provocation<\/strong><\/h2>\n<p>La version iranienne diff\u00e8re toutefois totalement de celle avanc\u00e9e par Bakou. Le 6 mars, l\u2019ambassadeur d\u2019Iran en Russie, Kazem Jalali, a affirm\u00e9 que T\u00e9h\u00e9ran n\u2019avait men\u00e9 aucune frappe contre le territoire azerba\u00efdjanais. Il a assur\u00e9 qu\u2019il n\u2019y avait aucune raison pour l\u2019Iran de viser le Nakhitchevan.<\/p>\n<p>Le diplomate a \u00e9galement \u00e9voqu\u00e9 une possible provocation ext\u00e9rieure. Selon lui, Isra\u00ebl chercherait \u00e0 entra\u00eener l\u2019Iran dans une confrontation avec d\u2019autres pays, y compris par des op\u00e9rations destin\u00e9es \u00e0 rejeter la responsabilit\u00e9 sur T\u00e9h\u00e9ran. L\u2019\u00e9tat-major iranien a lui aussi rejet\u00e9 toute implication et attribu\u00e9 l\u2019incident \u00e0 Isra\u00ebl.<\/p>\n<p>Cette lecture s\u2019inscrit dans la ligne d\u00e9fendue par les autorit\u00e9s iraniennes depuis le d\u00e9but de l\u2019escalade r\u00e9gionale. T\u00e9h\u00e9ran soutient que toutes ses op\u00e9rations visent ses adversaires directs, et non les pays voisins. Dans cette logique, l\u2019\u00e9pisode du Nakhitchevan appara\u00eet, du point de vue iranien, comme une tentative de d\u00e9t\u00e9riorer les relations avec Bakou et d\u2019\u00e9largir encore la crise.<\/p>\n<h2><strong>Bakou durcit sa position sur fond d\u2019escalade r\u00e9gionale<\/strong><\/h2>\n<p>Face \u00e0 cet \u00e9pisode, les autorit\u00e9s azerba\u00efdjanaises ont adopt\u00e9 un ton particuli\u00e8rement ferme. Le pr\u00e9sident azerba\u00efdjanais, Ilham Aliev, a d\u00e9nonc\u00e9 un \u00ab acte terroriste \u00bb ainsi qu\u2019une agression injustifi\u00e9e, en exigeant des explications et des excuses de la part de l\u2019Iran. Dans le m\u00eame temps, les forces arm\u00e9es, les gardes-fronti\u00e8res et les unit\u00e9s sp\u00e9ciales ont \u00e9t\u00e9 plac\u00e9s en \u00ab mobilisation num\u00e9ro 1 \u00bb, c\u2019est-\u00e0-dire en \u00e9tat d\u2019alerte maximale, avec rappel des r\u00e9servistes et d\u00e9ploiement sur les positions de combat.<\/p>\n<p>Bakou a \u00e9galement engag\u00e9 des d\u00e9marches sur le plan international apr\u00e8s l\u2019attaque contre l\u2019a\u00e9roport. Un rapport pr\u00e9liminaire a \u00e9t\u00e9 transmis \u00e0 l\u2019Organisation de l\u2019aviation civile internationale, tandis que le chef de la diplomatie azerba\u00efdjanaise a indiqu\u00e9 que l\u2019Iran avait promis une enqu\u00eate approfondie. Les autorit\u00e9s azerba\u00efdjanaises disent d\u00e9sormais attendre les r\u00e9sultats.<\/p>\n<p>L\u2019incident intervient dans un contexte r\u00e9gional d\u00e9j\u00e0 extr\u00eamement tendu. Depuis le d\u00e9but des frappes am\u00e9ricaines et isra\u00e9liennes contre l\u2019Iran le 28 f\u00e9vrier, T\u00e9h\u00e9ran m\u00e8ne des repr\u00e9sailles contre Isra\u00ebl et contre des installations militaires am\u00e9ricaines dans la r\u00e9gion. Dans ce contexte, la version iranienne pr\u00e9sente l\u2019affaire du Nakhitchevan non comme une attaque d\u00e9lib\u00e9r\u00e9e contre un voisin, mais comme une man\u0153uvre destin\u00e9e \u00e0 ouvrir un nouveau front contre la R\u00e9publique islamique.<\/p>\n<\/div>\n<p><br \/>\n<br \/><a href=\"https:\/\/francais.rt.com\/international\/131344-iran-soupconne-provocation-israelienne-apres-incident-de-drones-au-nakhitchevan\" target=\"_blank\"\">Source link <\/a><\/p>\n","protected":false},"excerpt":{"rendered":"<p>Apr\u00e8s l\u2019incident de drones survenu au Nakhitchevan, Bakou accuse l\u2019Iran d\u2019avoir vis\u00e9 son territoire et exige des explications rapides. T\u00e9h\u00e9ran rejette fermement ces accusations et estime qu\u2019il pourrait s\u2019agir d\u2019une&hellip; <\/p>\n","protected":false},"author":1,"featured_media":24924,"comment_status":"open","ping_status":"open","sticky":false,"template":"","format":"standard","meta":{"footnotes":""},"categories":[1],"tags":[],"class_list":["post-24923","post","type-post","status-publish","format-standard","has-post-thumbnail","hentry","category-non-classe"],"_links":{"self":[{"href":"https:\/\/monde25.info\/index.php\/wp-json\/wp\/v2\/posts\/24923","targetHints":{"allow":["GET"]}}],"collection":[{"href":"https:\/\/monde25.info\/index.php\/wp-json\/wp\/v2\/posts"}],"about":[{"href":"https:\/\/monde25.info\/index.php\/wp-json\/wp\/v2\/types\/post"}],"author":[{"embeddable":true,"href":"https:\/\/monde25.info\/index.php\/wp-json\/wp\/v2\/users\/1"}],"replies":[{"embeddable":true,"href":"https:\/\/monde25.info\/index.php\/wp-json\/wp\/v2\/comments?post=24923"}],"version-history":[{"count":0,"href":"https:\/\/monde25.info\/index.php\/wp-json\/wp\/v2\/posts\/24923\/revisions"}],"wp:featuredmedia":[{"embeddable":true,"href":"https:\/\/monde25.info\/index.php\/wp-json\/wp\/v2\/media\/24924"}],"wp:attachment":[{"href":"https:\/\/monde25.info\/index.php\/wp-json\/wp\/v2\/media?parent=24923"}],"wp:term":[{"taxonomy":"category","embeddable":true,"href":"https:\/\/monde25.info\/index.php\/wp-json\/wp\/v2\/categories?post=24923"},{"taxonomy":"post_tag","embeddable":true,"href":"https:\/\/monde25.info\/index.php\/wp-json\/wp\/v2\/tags?post=24923"}],"curies":[{"name":"wp","href":"https:\/\/api.w.org\/{rel}","templated":true}]}}