{"id":24927,"date":"2026-03-07T00:06:35","date_gmt":"2026-03-06T23:06:35","guid":{"rendered":"https:\/\/monde25.info\/index.php\/2026\/03\/07\/gangsta-rap-par-jean-christophe-servant-le-monde-diplomatique-mars-2026\/"},"modified":"2026-03-07T00:06:35","modified_gmt":"2026-03-06T23:06:35","slug":"gangsta-rap-par-jean-christophe-servant-le-monde-diplomatique-mars-2026","status":"publish","type":"post","link":"https:\/\/monde25.info\/index.php\/2026\/03\/07\/gangsta-rap-par-jean-christophe-servant-le-monde-diplomatique-mars-2026\/","title":{"rendered":"Gangsta rap, par Jean-Christophe Servant (Le Monde diplomatique, mars 2026)"},"content":{"rendered":"<p> <br \/>\n<\/p>\n<div couleurfade=\"e6e6e6\" couleurclaire=\"e6e6e6\" couleurpale=\"cccccc\" couleurmi=\"666666\" couleurfoncee=\"4d4d4d\" couleursombre=\"1a1a1a\" couleurfond=\"4c4c4c\" couleurtexte=\"ffffff\">\n<figure class=\"spip_document_41806 spip_documents spip_documents_right\" style=\"float:right; width:200px;\">\n<div class=\"limage\">\n<p>\t\t\t<img loading=\"lazy\" decoding=\"async\" src=\"https:\/\/www.monde-diplomatique.fr\/\/local\/cache-vignettes\/L200xH316\/lempire-08bde.jpg?1772123889\" width=\"200\" height=\"316\" class=\"spip_logos\" alt=\"JPEG - 23.2\u00a0kio\"\/><\/p><\/div><figcaption>\n<\/figcaption><\/figure>\n<p><span class=\"mot-lettrine\"><span class=\"lettrine\">L\u2019<\/span>omerta<\/span> qui r\u00e9gnait jusqu\u2019alors sur les coulisses du rap, la musique la plus \u00e9cout\u00e9e et achet\u00e9e de cette derni\u00e8re d\u00e9cennie, vole en partie en \u00e9clats, apr\u00e8s une enqu\u00eate, tr\u00e8s \u00e9toff\u00e9e, qui met l\u2019accent sur les liens entre le nouveau crime organis\u00e9, repr\u00e9sent\u00e9 par des organisations comme la DZ Mafia, et certaines figures, complices ou victimes, du second \u00e2ge d\u2019or du hip-hop francophone (2015-2025)\u00a0: Jul, Gims, Koba LaD, SCH, PNL, Maes ou Werenoi, disparu en mai\u00a02025\u00a0: <i>\u00ab<small class=\"fine\">\u00a0<\/small>Jamais avant cette d\u00e9cennie,<\/i> soulignent les auteurs, journalistes de terrains difficiles comme de bilans financiers, <i>l\u2019argent n\u2019avait tant circul\u00e9 ni attis\u00e9 la convoitise d\u2019acteurs issus de la grande criminalit\u00e9, en toute impunit\u00e9<\/i><span class=\"spip_note_ref\">\u00a0(<a target=\"_blank\" href=\"http:\/\/www.monde-diplomatique.fr\/2026\/03\/SERVANT\/69355#nb1\" class=\"spip_note\" rel=\"appendix\" title=\"Paul Deutschmann, Simon Piel et Joan Tilouine, L\u2019Empire. Enqu\u00eate au c\u0153ur du\u00a0(\u2026)\" id=\"nh1\">1<\/a>)<\/span>.<i><small class=\"fine\">\u00a0<\/small>\u00bb<\/i> Leur impressionnant travail ne se r\u00e9sume pas pour autant \u00e0 la rubrique faits divers et affaires judiciaires en cours, poids du milieu et r\u00f4le du blanchiment. C\u2019est toute la bo\u00eete \u00e0 outils de cet \u00e9cosyst\u00e8me qui est r\u00e9v\u00e9l\u00e9e. Contrats, avances, etc.\u00a0: le d\u00e9tail des alliances financi\u00e8res tiss\u00e9es jusqu\u2019aux fronti\u00e8res de la l\u00e9galit\u00e9 par des distributeurs (Believe) et des majors du disque (Sony, Warner, Universal), jusqu\u2019alors souveraines, afin d\u2019attirer ces artistes dans leur \u00e9curie num\u00e9rique est \u00e9difiant et fera date.<\/p>\n<p>D\u2019Abidjan \u00e0 Cotonou en passant par Marrakech, l\u2019enqu\u00eate d\u00e9crypte aussi avec pr\u00e9cision les relations entre de nombreux rappeurs afro-descendants et le continent africain. Car, <i>\u00ab<small class=\"fine\">\u00a0<\/small>dans leur monde, la vieille France est une province, un village d\u2019o\u00f9 ils ont entam\u00e9 leur ascension<small class=\"fine\">\u00a0<\/small>\u00bb.<\/i> Sous les tropiques, la r\u00e9ussite leur a permis d\u2019<i>\u00ab<small class=\"fine\">\u00a0<\/small>obtenir ce qu\u2019ils n\u2019auront peut-\u00eatre jamais en France<small class=\"fine\">\u00a0<\/small>\u00bb.<\/i> Comme un passeport diplomatique congolais pour Gims, ou un rapport facilit\u00e9 aux dirigeants pour ceux qui se produisent au festival WeLovEya, fond\u00e9 par le fils de M.\u00a0Patrice Talon, pr\u00e9sident (sortant) de la r\u00e9publique du B\u00e9nin. Quitte \u00e0 ce que, <i>\u00ab<small class=\"fine\">\u00a0<\/small>en \u00e9change d\u2019un vernis cool qu\u2019ils procurent aux r\u00e9seaux de pouvoir franco-africains<small class=\"fine\">\u00a0<\/small>\u00bb,<\/i> leurs concerts servent \u00e0 des op\u00e9rations de soft power pens\u00e9es au sommet. D\u2019autres, comme Booba, bien que tout aussi <i>\u00ab<small class=\"fine\">\u00a0<\/small>capitalistes purs et durs<small class=\"fine\">\u00a0<\/small>\u00bb<\/i> que leurs confr\u00e8res dans la pratique des affaires, prennent soin de s\u2019\u00e9loigner du <i>\u00ab<small class=\"fine\">\u00a0<\/small>marigot fran\u00e7africain<small class=\"fine\">\u00a0<\/small>\u00bb<\/i> et choisissent de privil\u00e9gier les juntes n\u00e9o-souverainistes du Sahel (Mali, Burkina Faso, Niger) et leurs relais, comme l\u2019activiste b\u00e9ninois K\u00e9mi Seba, d\u00e9chu de sa nationalit\u00e9 fran\u00e7aise et condamn\u00e9 pour incitation \u00e0 la haine raciale, qui se pr\u00e9sente comme panafricaniste\u2026 Rap\u2026 ocalypse now<small class=\"fine\">\u00a0<\/small>!<\/p>\n<figure class=\"spip_document_41807 spip_documents spip_documents_right\" style=\"float:right; width:200px;\">\n<div class=\"limage\">\n<p>\t\t\t<img loading=\"lazy\" decoding=\"async\" src=\"https:\/\/www.monde-diplomatique.fr\/\/local\/cache-vignettes\/L200xH305\/lerapagagne-2cd3a.jpg?1772123914\" width=\"200\" height=\"305\" class=\"spip_logos\" alt=\"JPEG - 12.6\u00a0kio\"\/><\/p><\/div><figcaption>\n<\/figcaption><\/figure>\n<p>En \u00e9cho aux conclusions de <i>L\u2019Empire<\/i> (racket toujours plus pr\u00e9sent, menaces plus inqui\u00e9tantes sur les labels, d\u00e9but d\u2019un recul commercial), Mehdi Ma\u00efzi constate que <i>\u00ab<small class=\"fine\">\u00a0<\/small>la f\u00eate est finie<small class=\"fine\">\u00a0<\/small>\u00bb,<\/i> comme le rappait en 2017 Orelsan<span class=\"spip_note_ref\">\u00a0(<a target=\"_blank\" href=\"http:\/\/www.monde-diplomatique.fr\/2026\/03\/SERVANT\/69355#nb2\" class=\"spip_note\" rel=\"appendix\" title=\"Mehdi Ma\u00efzi, Le rap a gagn\u00e9. \u00c0 quel prix\u00a0?, La Fabrique, Paris, 2025, 208\u00a0(\u2026)\" id=\"nh2\">2<\/a>)<\/span>. Le rap hexagonal est aujourd\u2019hui sur une ligne de cr\u00eate. <i>\u00ab<small class=\"fine\">\u00a0<\/small>En quelques ann\u00e9es, il s\u2019est form\u00e9 une sorte de bulle autour des rappeurs<small class=\"fine\">\u00a0<\/small>\u00bb<\/i> qui est pr\u00eate \u00e0 exploser, constate ce connaisseur de l\u2019histoire du hip-hop fran\u00e7ais, et aussi bien de ses emprunts am\u00e9ricains. Retra\u00e7ant l\u2019uniformisation de cette musique urbaine et sa transformation en machine \u00e0 tubes pop, l\u2019auteur, qui fut jadis charg\u00e9 de la programmation rap sur Deezer, puis responsable pour le hip-hop chez Apple Music France, revient sur les mutations artistiques engendr\u00e9es par ces plates-formes d\u2019\u00e9coute o\u00f9 <i>\u00ab<small class=\"fine\">\u00a0<\/small>il y a d\u00e9sormais un imp\u00e9ratif \u00e0 capter l\u2019attention de l\u2019auditeur d\u00e8s la premi\u00e8re note<small class=\"fine\">\u00a0<\/small>\u00bb.<\/i> En comparant les vedettes d\u2019aujourd\u2019hui \u00e0 celles du premier \u00e2ge d\u2019or (1995-2000), Mehdi Ma\u00efzi fait part de sa d\u00e9ception face au \u00ab<small class=\"fine\">\u00a0<\/small>d\u00e9sengagement<small class=\"fine\">\u00a0<\/small>\u00bb des h\u00e9ritiers, qu\u2019il s\u2019agisse de la Palestine ou de la lancinante progression de l\u2019extr\u00eame droite. Il est peut-\u00eatre temps pour cette g\u00e9n\u00e9ration de rappeurs pass\u00e9e de la marge au centre d\u2019accepter <i>\u00ab<small class=\"fine\">\u00a0<\/small>une cure de d\u00e9grisement<small class=\"fine\">\u00a0<\/small>\u00bb.<\/i><\/p>\n<p><i>\u00ab<small class=\"fine\">\u00a0<\/small>Qui pr\u00e9tend faire du rap sans prendre position<small class=\"fine\">\u00a0<\/small>?<small class=\"fine\">\u00a0<\/small>\u00bb,<\/i> ass\u00e9nait nagu\u00e8re Calbo, le cofondateur d\u2019Arsenik, dans <i>Boxe avec les mots.<\/i><\/p>\n<\/p><\/div>\n<p><br \/>\n<br \/><a href=\"https:\/\/www.monde-diplomatique.fr\/2026\/03\/SERVANT\/69355\" target=\"_blank\"\">Source link <\/a><\/p>\n","protected":false},"excerpt":{"rendered":"<p>L\u2019omerta qui r\u00e9gnait jusqu\u2019alors sur les coulisses du rap, la musique la plus \u00e9cout\u00e9e et achet\u00e9e de cette derni\u00e8re d\u00e9cennie, vole en partie en \u00e9clats, apr\u00e8s une enqu\u00eate, tr\u00e8s \u00e9toff\u00e9e,&hellip; <\/p>\n","protected":false},"author":1,"featured_media":24928,"comment_status":"open","ping_status":"open","sticky":false,"template":"","format":"standard","meta":{"footnotes":""},"categories":[1],"tags":[],"class_list":["post-24927","post","type-post","status-publish","format-standard","has-post-thumbnail","hentry","category-non-classe"],"_links":{"self":[{"href":"https:\/\/monde25.info\/index.php\/wp-json\/wp\/v2\/posts\/24927","targetHints":{"allow":["GET"]}}],"collection":[{"href":"https:\/\/monde25.info\/index.php\/wp-json\/wp\/v2\/posts"}],"about":[{"href":"https:\/\/monde25.info\/index.php\/wp-json\/wp\/v2\/types\/post"}],"author":[{"embeddable":true,"href":"https:\/\/monde25.info\/index.php\/wp-json\/wp\/v2\/users\/1"}],"replies":[{"embeddable":true,"href":"https:\/\/monde25.info\/index.php\/wp-json\/wp\/v2\/comments?post=24927"}],"version-history":[{"count":0,"href":"https:\/\/monde25.info\/index.php\/wp-json\/wp\/v2\/posts\/24927\/revisions"}],"wp:featuredmedia":[{"embeddable":true,"href":"https:\/\/monde25.info\/index.php\/wp-json\/wp\/v2\/media\/24928"}],"wp:attachment":[{"href":"https:\/\/monde25.info\/index.php\/wp-json\/wp\/v2\/media?parent=24927"}],"wp:term":[{"taxonomy":"category","embeddable":true,"href":"https:\/\/monde25.info\/index.php\/wp-json\/wp\/v2\/categories?post=24927"},{"taxonomy":"post_tag","embeddable":true,"href":"https:\/\/monde25.info\/index.php\/wp-json\/wp\/v2\/tags?post=24927"}],"curies":[{"name":"wp","href":"https:\/\/api.w.org\/{rel}","templated":true}]}}