{"id":24930,"date":"2026-03-07T01:12:37","date_gmt":"2026-03-07T00:12:37","guid":{"rendered":"https:\/\/monde25.info\/index.php\/2026\/03\/07\/les-10-actus-de-la-semaine-11\/"},"modified":"2026-03-07T01:12:37","modified_gmt":"2026-03-07T00:12:37","slug":"les-10-actus-de-la-semaine-11","status":"publish","type":"post","link":"https:\/\/monde25.info\/index.php\/2026\/03\/07\/les-10-actus-de-la-semaine-11\/","title":{"rendered":"les 10 actus de la semaine"},"content":{"rendered":"<p> <br \/>\n<\/p>\n<div>\n<h4><strong>Vous n\u2019avez pas eu le temps de suivre l\u2019actu ? Voici 10 infos \u00e0 ne surtout pas manquer cette semaine.<\/strong><\/h4>\n<h2><strong>1. Liban : la communaut\u00e9 chiite prise au pi\u00e8ge\u00a0<\/strong><\/h2>\n<p>Apr\u00e8s des tirs du Hezbollah en soutien \u00e0 l\u2019<a target=\"_blank\" href=\"https:\/\/mrmondialisation.org\/revolte-iranienne-repression-sanguinaire-imperialisme\/\">Iran<\/a>, <strong>les bombardements isra\u00e9liens provoquent de nouveaux d\u00e9placements massifs au Liban, avec plus de 30 000 personnes<\/strong> contraintes de fuir leurs villages vers Beyrouth et le nord du pays. (<a target=\"_blank\" href=\"https:\/\/www.politis.fr\/articles\/2026\/03\/au-liban-la-communaute-chiite-forcee-de-subir-une-nouvelle-guerre\/\">Politis<\/a>)<\/p>\n<h2><strong>2. Guerre au Moyen-Orient : l\u2019Iran met en garde les pays europ\u00e9ens contre toute implication militaire<\/strong><\/h2>\n<p><strong>T\u00e9h\u00e9ran avertit que toute participation europ\u00e9enne aux op\u00e9rations men\u00e9es aux c\u00f4t\u00e9s d\u2019Isra\u00ebl ou des \u00c9tats-Unis serait consid\u00e9r\u00e9e comme un acte hostile<\/strong>, alors que plusieurs capitales \u00e9voquent un soutien \u00ab <em>d\u00e9fensif<\/em> \u00bb. (<a target=\"_blank\" href=\"https:\/\/www.ouest-france.fr\/monde\/iran\/guerre-au-moyen-orient-liran-met-en-garde-les-pays-europeens-contre-toute-implication-50611432-16e5-11f1-97f1-526ef9f97286\">Ouest-France<\/a>)<\/p>\n<h2><strong>3. Non-sens : la France exporte du bl\u00e9 mais importe des p\u00e2tes<\/strong><\/h2>\n<p>La balance commerciale agroalimentaire reste l\u00e9g\u00e8rement exc\u00e9dentaire en 2025 (~200 millions \u20ac),<strong> mais \u00e0 son plus bas niveau depuis les ann\u00e9es 1970, en raison d\u2019une d\u00e9pendance accrue aux produits transform\u00e9s import\u00e9s.<\/strong> (<a target=\"_blank\" href=\"https:\/\/basta.media\/exporter-du-ble-pour-importer-des-pates-realite-derriere-balance-commerciale-agricole-France\">Basta!<\/a>)<\/p>\n<h2><strong>4. Guerre en Iran : Trump et Netanyahou alli\u00e9s mais aux objectifs strat\u00e9giques diff\u00e9rents<\/strong><\/h2>\n<p><strong>Washington viserait surtout un rapport de force sur le nucl\u00e9aire et l\u2019influence r\u00e9gionale, tandis que le gouvernement isra\u00e9lien chercherait un affaiblissement durable de l\u2019 <a target=\"_blank\" href=\"https:\/\/mrmondialisation.org\/le-peuple-diran-en-quete-dune-revolution-inachevee\/\">Iran<\/a><\/strong> au Moyen-Orient. (<a target=\"_blank\" href=\"https:\/\/www.humanite.fr\/monde\/etats-unis\/guerre-en-iran-trump-et-netanyahou-deux-allies-aux-interets-divergents\">L\u2019Humanit\u00e9<\/a>)<\/p>\n<h2><strong>5. Face au blocus am\u00e9ricain, Cuba acc\u00e9l\u00e8re ses r\u00e9formes \u00e9conomiques locales<\/strong><\/h2>\n<p>Pour r\u00e9sister aux sanctions et aux p\u00e9nuries, <strong>le gouvernement cubain renforce l\u2019autonomie municipale, d\u00e9veloppe l\u2019initiative priv\u00e9e et cherche de nouvelles sources de devises pour stabiliser l\u2019\u00e9conomie.<\/strong> (<a target=\"_blank\" href=\"https:\/\/www.humanite.fr\/monde\/amerique-latine\/serie-de-reformes-autonomie-municipale-comment-cuba-sadapte-a-la-strategie-detranglement-des-etats-unis\">L\u2019Humanit\u00e9<\/a>)<\/p>\n<h2><strong>6. Apr\u00e8s des frappes iraniennes, les \u00c9mirats envisagent de renforcer leur d\u00e9fense<\/strong><\/h2>\n<p>Les autorit\u00e9s des \u00c9mirats arabes unis \u00e9valuent leurs capacit\u00e9s militaires apr\u00e8s des attaques de drones et missiles attribu\u00e9es \u00e0 l\u2019<a target=\"_blank\" href=\"https:\/\/mrmondialisation.org\/le-peuple-diran-en-quete-dune-revolution-inachevee\/\">Iran<\/a>, <strong>tout en affirmant ne pas vouloir servir de base \u00e0 des op\u00e9rations offensives.<\/strong> (<a target=\"_blank\" href=\"https:\/\/sundayguardianlive.com\/world\/israel-iran-latest-news-uae-considers-defense-after-iran-missile-drone-strikes-on-dubai-abu-dhabi-as-tehran-crosses-red-lines-173911\/\">The Sunday Guardian<\/a>)<\/p>\n<h2><strong>7.Guerre Iran : l\u2019Espagne refuse l\u2019utilisation de ses bases militaires par les \u00c9tats-Unis<\/strong><\/h2>\n<p><strong>Madrid refuse que Washington utilise les bases de Rota et Mor\u00f3n pour des op\u00e9rations li\u00e9es au conflit,<\/strong> provoquant la col\u00e8re de Donald Trump qui \u00e9voque des repr\u00e9sailles commerciales. (<a target=\"_blank\" href=\"https:\/\/www.20minutes.fr\/monde\/espagne\/4204467-20260304-guerre-iran-espagne-refuse-utilisation-bases-militaires-americaines-trump-fache-menace\">20 Minutes<\/a>)<\/p>\n<h2><strong>8. Gironde : quatre chalutiers soup\u00e7onn\u00e9s d\u2019avoir p\u00each\u00e9 ill\u00e9galement dans une zone prot\u00e9g\u00e9e<\/strong><\/h2>\n<p>Une enqu\u00eate bas\u00e9e sur les donn\u00e9es de navigation estime \u00e0 environ <strong>2 200 heures la dur\u00e9e de p\u00eache au chalut dans la bande c\u00f4ti\u00e8re interdite des 3 milles marins entre 2023 et 2025.<\/strong> (<a target=\"_blank\" href=\"https:\/\/reporterre.net\/Peche-en-zone-protegee-4-chalutiers-raclent-les-fonds-girondins\">Reporterre<\/a>)<\/p>\n<h2><strong>9. Pollution maritime : les ferries europ\u00e9ens \u00e9mettent autant de CO\u2082 que 6,6 millions de voitures<\/strong><\/h2>\n<p>Selon Transport &amp; Environment, <strong>les ferries op\u00e9rant dans les ports europ\u00e9ens ont rejet\u00e9 13,4 millions de tonnes de CO\u2082 en 2023, avec plusieurs ports m\u00e9diterran\u00e9ens parmi les plus polluants.<\/strong> (<a target=\"_blank\" href=\"https:\/\/reporterre.net\/En-Europe-les-ferries-emettent-autant-de-CO2-que-6-6-millions-de-voitures\">Reporterre<\/a>)<\/p>\n<h2><strong>10. Armement nucl\u00e9aire : la France veut renforcer sa dissuasion et \u00e9largir sa protection en Europe<\/strong><\/h2>\n<p>Emmanuel Macron annonce <strong>une modernisation de l\u2019arsenal et une \u00ab dissuasion avanc\u00e9e \u00bb pour prot\u00e9ger certains alli\u00e9s europ\u00e9ens,<\/strong> dans un contexte mondial de r\u00e9armement nucl\u00e9aire. (<a target=\"_blank\" href=\"https:\/\/reporterre.net\/Course-a-l-armement-nucleaire-la-France-accelere\">Reporterre<\/a>)<\/p>\n<h2><strong>11. For\u00eats fran\u00e7aises : l\u2019exportation massive de ch\u00eanes vers l\u2019Asie inqui\u00e8te les d\u00e9fenseurs des for\u00eats<\/strong><\/h2>\n<p><strong>Des grumes de ch\u00eane sont de plus en plus export\u00e9es vers l\u2019\u00e9tranger pour \u00eatre transform\u00e9es puis r\u00e9import\u00e9es<\/strong>, un mod\u00e8le critiqu\u00e9 pour ses effets sur la gestion durable des for\u00eats. (<a target=\"_blank\" href=\"https:\/\/lareleveetlapeste.fr\/alerte-les-forets-francaises-sont-rasees-pour-partir-a-letranger\/\">La Rel\u00e8ve et la Peste<\/a>)<\/p>\n<div class=\"td-a-rec td-a-rec-id-content_inline  tdi_1 td_block_template_1\">\n<center><a target=\"_blank\" href=\"https:\/\/fr.tipeee.com\/mr-mondialisation\" class=\"tipeee-project-small\">Je m&rsquo;abonne \u00e0 Mr Mondialisation<\/a>&#13;<br \/>\n<\/center>&amp;nbsp<\/div>\n<p>* Photo de couverture \u2013 <a target=\"_blank\" href=\"https:\/\/unsplash.com\/fr\/photos\/six-avions-de-chasse-5Mj4PO7KIFc\">Unplash<\/a><\/p>\n<p style=\"text-align: right;\"><em>\u2013 Mauricette Baelen<\/em><\/p>\n<div class=\"td-a-rec td-a-rec-id-content_bottom  tdi_2 td_block_template_1\">\n<span class=\"td-adspot-title\">&#8211; Cet article gratuit, ind\u00e9pendant et sans IA existe gr\u00e2ce aux abonn\u00e9s &#8211;<\/span><\/p>\n<div class=\"td-all-devices\">\n    <a target=\"_blank\" href=\"https:\/\/mrmondialisation.org\/donation\/\" title=\"Faire_un_don\"><img decoding=\"async\" class=\"donationArticle\" src=\"https:\/\/mrmondialisation.org\/wp-content\/uploads\/2022\/12\/220405-flikalicious-final.jpg\" alt=\"Donation\"\/><\/a>\n<\/div>\n<\/div><\/div>\n<p><br \/>\n<br \/><a href=\"https:\/\/mrmondialisation.org\/guerres-peche-et-armement-les-10-actus-de-la-semaine\/\" target=\"_blank\"\">Source link <\/a><\/p>\n","protected":false},"excerpt":{"rendered":"<p>Vous n\u2019avez pas eu le temps de suivre l\u2019actu ? Voici 10 infos \u00e0 ne surtout pas manquer cette semaine. 1. Liban : la communaut\u00e9 chiite prise au pi\u00e8ge\u00a0 Apr\u00e8s&hellip; <\/p>\n","protected":false},"author":1,"featured_media":24931,"comment_status":"open","ping_status":"open","sticky":false,"template":"","format":"standard","meta":{"footnotes":""},"categories":[1],"tags":[],"class_list":["post-24930","post","type-post","status-publish","format-standard","has-post-thumbnail","hentry","category-non-classe"],"_links":{"self":[{"href":"https:\/\/monde25.info\/index.php\/wp-json\/wp\/v2\/posts\/24930","targetHints":{"allow":["GET"]}}],"collection":[{"href":"https:\/\/monde25.info\/index.php\/wp-json\/wp\/v2\/posts"}],"about":[{"href":"https:\/\/monde25.info\/index.php\/wp-json\/wp\/v2\/types\/post"}],"author":[{"embeddable":true,"href":"https:\/\/monde25.info\/index.php\/wp-json\/wp\/v2\/users\/1"}],"replies":[{"embeddable":true,"href":"https:\/\/monde25.info\/index.php\/wp-json\/wp\/v2\/comments?post=24930"}],"version-history":[{"count":0,"href":"https:\/\/monde25.info\/index.php\/wp-json\/wp\/v2\/posts\/24930\/revisions"}],"wp:featuredmedia":[{"embeddable":true,"href":"https:\/\/monde25.info\/index.php\/wp-json\/wp\/v2\/media\/24931"}],"wp:attachment":[{"href":"https:\/\/monde25.info\/index.php\/wp-json\/wp\/v2\/media?parent=24930"}],"wp:term":[{"taxonomy":"category","embeddable":true,"href":"https:\/\/monde25.info\/index.php\/wp-json\/wp\/v2\/categories?post=24930"},{"taxonomy":"post_tag","embeddable":true,"href":"https:\/\/monde25.info\/index.php\/wp-json\/wp\/v2\/tags?post=24930"}],"curies":[{"name":"wp","href":"https:\/\/api.w.org\/{rel}","templated":true}]}}