{"id":24948,"date":"2026-03-07T12:12:38","date_gmt":"2026-03-07T11:12:38","guid":{"rendered":"https:\/\/monde25.info\/index.php\/2026\/03\/07\/offensive-vent-arriere-contre-la-cooperation-medicale-de-la-revolution-cubaine\/"},"modified":"2026-03-07T12:12:38","modified_gmt":"2026-03-07T11:12:38","slug":"offensive-vent-arriere-contre-la-cooperation-medicale-de-la-revolution-cubaine","status":"publish","type":"post","link":"https:\/\/monde25.info\/index.php\/2026\/03\/07\/offensive-vent-arriere-contre-la-cooperation-medicale-de-la-revolution-cubaine\/","title":{"rendered":"Offensive vent arri\u00e8re contre la coop\u00e9ration m\u00e9dicale de la r\u00e9volution cubaine"},"content":{"rendered":"<p> <br \/>\n<\/p>\n<div id=\"\">\n<p>L\u2019offensive tous azimuts de l\u2019administration Trump contre la R\u00e9volution cubaine ne ch\u00f4me pas un instant. Comme je l\u2019ai d\u00e9j\u00e0 signal\u00e9, contre elle tout est bon. Peu importe que d\u2019autres peuples en p\u00e2tissent. La tentative d\u2019interrompre la coop\u00e9ration m\u00e9dicale cubaine dans des pays du Sud global ne date pas d\u2019aujourd\u2019hui et prend diff\u00e9rentes formes\u00a0; elle frappe m\u00eame le Premier Monde (cf. <a target=\"_blank\" href=\"https:\/\/www.legrandsoir.info\/des-medecins-et-non-des-bombes-cuba-et-la-calabre-en-lutte-pour-nos-soins-de-sante-doivent-faire-face-a-l-ingerence-criminelle.html\">article r\u00e9cent sur la Calabre<\/a>).<\/p>\n<p>Un simple exemple\u00a0: l\u2019administration Bush promulguait en septembre 2006 le Cuban Medical Professional Parole, dont l\u2019objectif \u00e9tait tout simplement de faire d\u00e9serter les m\u00e9decins de ces brigades, surtout au Venezuela, au Nicaragua et en Bolivie o\u00f9 ils \u00e9taient les plus nombreux, en leur faisant des ponts d\u2019or aux \u00c9tats-Unis. Ce programme \u00e9tait coordonn\u00e9 par le d\u00e9partement d\u2019\u00c9tat et par le d\u00e9partement de la S\u00e9curit\u00e9 nationale. \u00c7a, c\u2019est avant que les ennemis de la R\u00e9volution cubaine aient invent\u00e9 l\u2019accusation selon laquelle les coop\u00e9rants sont engag\u00e9s dans des conditions d\u2019esclavage\u2026<\/p>\n<p>Bilan partiel de la coop\u00e9ration m\u00e9dicale cubaine\u00a0: plus de 605\u00a0000 personnels de sant\u00e9 dans 165 pays, 17 millions d\u2019op\u00e9rations chirurgicales, plus de 1,9 milliard de consultations\u00a0; plus de 2,3 milliards de patients. Vies sauv\u00e9es\u00a0: 12 millions.<\/p>\n<p>Pour ceux qui ne le sauraient pas, Cuba a form\u00e9 gratuitement 27\u00a0000 \u00e9tudiants de m\u00e9decine de 90 pays (Europe, Asie, Afrique, Am\u00e9rique latine, Moyen-Orient et \u00c9tats-Unis).<\/p>\n<p>Apparemment, l\u2019administration Trump a remis le paquet, puisqu\u2019en une semaine, le Guatemala, le Honduras et tout derni\u00e8rement la Jama\u00efque (cf. communiqu\u00e9 ci-dessous) ont r\u00e9sili\u00e9 les accords de coop\u00e9ration m\u00e9dicale avec Cuba. \u00c0 un moment donn\u00e9, la Dominique a d\u00e9cid\u00e9 de ne plus engager de m\u00e9decins cubains qu\u2019\u00e0 titre individuel.<\/p>\n<p>Et, voil\u00e0 \u00e0 peine quelques jours, le gouvernement \u00e9quatorien a d\u00e9clar\u00e9 <i>persona non grata<\/i> tout le personnel diplomatique cubain, lui donnant 48 h pour sortir du pays, sans apporter la moindre justification ni raison \u00e0 un geste aussi grave qui revient sans le dire \u00e0 une rupture des relations diplomatiques.<\/p>\n<p>Si la r\u00e9siliation des accords de coop\u00e9ration m\u00e9dicale entra\u00eene un manque \u00e0 gagner pour la R\u00e9volution cubaine, on ne voit pas tr\u00e8s bien, sauf acoquinement id\u00e9ologique avec Trump, quel peut \u00eatre l\u2019int\u00e9r\u00eat de cette mesure pour l\u2019\u00c9quateur et son gouvernement. Va-t-on voir Milei en Argentine et le prochain pr\u00e9sident d\u2019extr\u00eame-droite au Chili s\u2019engager sur cette m\u00eame voie\u00a0? Ou, alors, comme je viens de le signaler, l\u2019expulsion des coop\u00e9rants cubains fera-t-il partie des \u00ab\u00a0conditions\u00a0\u00bb que Trump imposera au gouvernement v\u00e9n\u00e9zu\u00e9lien actuel pour am\u00e9liorer les relations bilat\u00e9rales\u00a0?<\/p>\n<p>Trump va r\u00e9unir demain (samedi 7 mars), dans sa villa de Miami, ses plus fid\u00e8les toutous latino-am\u00e9ricains\u00a0: Argentine (Milei), Paraguay (Santiago Pe\u00f1a), Bolivie (Rodrigo Paz), El Salvador (Nayib Bukele), \u00c9quateur Daniel Noboa et Honduras (Tito Asfura), et on peut s\u2019attendre \u00e0 des d\u00e9cisions contre la R\u00e9volution cubaine. Le \u00ab\u00a0sommet\u00a0\u00bb porte un nom belliqueusement guerrier\u00a0: Bouclier d\u2019Am\u00e9rique, et vise, selon la mignonne porte-parole de la Maison-Blanche, Karoline Leavitt (avez-vous remarqu\u00e9 qu\u2019avec Trump, elles ont toutes un joli minois, m\u00eame si leurs comp\u00e9tences sont extr\u00eamement r\u00e9duites\u00a0? Relents d\u2019Epstein\u00a0?) \u00e0 \u00ab\u00a0promouvoir la libert\u00e9, la s\u00e9curit\u00e9 et la prosp\u00e9rit\u00e9 de notre r\u00e9gion\u00a0\u00bb, mais surtout \u00e0 freiner l\u2019expansion de la Chine dans la chasse-gard\u00e9e \u00e9tasunienne. On ignore pourquoi la moiti\u00e9 des invit\u00e9s (ils \u00e9taient douze au d\u00e9part) a fait faux bond\u00a0: le Chili, le Costa Rica, la R\u00e9publique dominicaine, le Panama et Trinit\u00e9-et-Tobago.<\/p>\n<p><strong>Jacques-Fran\u00e7ois Bonaldi <\/strong> <br class=\"autobr\"\/><br \/>\n(La Havane, le 6 mars 2026)<\/p>\n<p><strong>CUBA REGRETTE QUE, C\u00c9DANT AUX PRESSIONS DES \u00c9TATS-UNIS, LE GOUVERNEMENT JAMA\u00cfQUAIN AIT ARR\u00caT\u00c9 LA COOP\u00c9RATION M\u00c9DICALE <\/strong><\/p>\n<p>Le minist\u00e8re des Relations ext\u00e9rieures de la R\u00e9publique de Cuba fait savoir que le minist\u00e8re des Affaires \u00e9trang\u00e8res de la Jama\u00efque a, le 4 mars, inform\u00e9 notre ambassade dans ce pays de la d\u00e9cision unilat\u00e9rale de son gouvernement de r\u00e9silier l\u2019accord de coop\u00e9ration en mati\u00e8re de sant\u00e9 qui liait les deux nations depuis des d\u00e9cennies.<\/p>\n<p>En prenant cette mesure, le gouvernement jama\u00efcain c\u00e8de aux pressions de l\u2019administration \u00e9tasunienne que les besoins sanitaires de nos fr\u00e8res carib\u00e9ens n\u2019int\u00e9ressent pas.<\/p>\n<p>Cuba regrette profond\u00e9ment que l\u2019on fasse ainsi table rase d\u2019une histoire de coop\u00e9ration fructueuse et soutenue, qui a apport\u00e9 d\u2019innombrables bienfaits au peuple jama\u00efcain, et que l\u2019on prive d\u00e9sormais celui-ci des soins de sant\u00e9 primaires et sp\u00e9cialis\u00e9s fournis par les coop\u00e9rants cubains.<\/p>\n<p>Compte tenu de la mesure prise par le gouvernement jama\u00efcain, le gouvernement cubain a pris la d\u00e9cision souveraine de rappeler la Brigade m\u00e9dicale cubaine. Ces professionnels de sant\u00e9 laissent une empreinte ind\u00e9l\u00e9bile et rentrent \u00e0 Cuba satisfaits d\u2019avoir rempli leur devoir et constamment dispos\u00e9s \u00e0 apporter leur aide l\u00e0 o\u00f9 leur vocation de solidarit\u00e9 sera requise.<\/p>\n<p>Le travail de Cuba en Jama\u00efque est un exemple \u00e9loquent de coop\u00e9ration authentique. Rien que ces trente derni\u00e8res ann\u00e9es, plus de 4 700 coop\u00e9rants cubains y ont apport\u00e9 une assistance m\u00e9dicale. La Brigade \u00e9tait compos\u00e9e \u00e0 ce jour de 277 professionnels, dont le travail a eu un effet tangible et profond sur le renforcement du syst\u00e8me de sant\u00e9 jama\u00efcain.<\/p>\n<p>Les r\u00e9sultats historiques de cette coop\u00e9ration parlent d\u2019eux-m\u00eames\u00a0:<\/p>\n<p>\u00b7 Plus de 8 176 000 consultations.<br class=\"autobr\"\/><br \/>\n\u00b7 74 302 interventions chirurgicales.<br class=\"autobr\"\/><br \/>\n\u00b7 7 170 accouchements.<br class=\"autobr\"\/><br \/>\n\u00b7 Plus de 90 000 vies sauv\u00e9es.<\/p>\n<p>De plus, gr\u00e2ce au programme Op\u00e9ration Miracle, lanc\u00e9 en 2010, pr\u00e8s de 25 000 Jama\u00efcains ont retrouv\u00e9 la vue ou l\u2019ont am\u00e9lior\u00e9e. Par ailleurs, la coop\u00e9ration cubaine a \u00e9t\u00e9 d\u00e9cisive dans des projets de contr\u00f4le et de pr\u00e9vention de maladies telles que le paludisme et dans la lutte contre la pand\u00e9mie de COVID-19.<\/p>\n<p>Le dernier exemple de ce d\u00e9vouement remonte au passage de l\u2019ouragan Melissa, qui a gravement frapp\u00e9 l\u2019\u00eele. Dans ces circonstances difficiles, les membres de la Brigade m\u00e9dicale cubaine sont rest\u00e9s fermement \u00e0 leurs postes, beaucoup ayant travaill\u00e9 plus de 72 heures d\u2019affil\u00e9e et particip\u00e9 activement aux travaux de r\u00e9tablissement des h\u00f4pitaux et des communaut\u00e9s.<\/p>\n<p>Fid\u00e8le aux relations historiques de fraternit\u00e9 et de solidarit\u00e9 qui nous lient \u00e0 la Jama\u00efque, Cuba ratifie son engagement ind\u00e9fectible envers le peuple jama\u00efcain, qui pourra toujours compter sur sa coop\u00e9ration d\u00e9sint\u00e9ress\u00e9e.<\/p>\n<p>La Havane, 6 mars 2026.<\/p>\n<p>(Tir\u00e9 de CubaMinrex)<\/p>\n<p><a target=\"_blank\" href=\"http:\/\/www.cubadebate.cu\/noticias\/2026\/03\/06\/cuba-lamenta-decision-del-gobierno-de-jamaica-de-cesar-cooperacion-medica-cediendo-a-presiones-de-ee-uu\/\" class=\"spip_url spip_out auto\" rel=\"nofollow external\">http:\/\/www.cubadebate.cu\/noticias\/2026\/03\/06\/cuba-lamenta-decision-del-gobierno-de-jamaica-de-cesar-cooperacion-medica-cediendo-a-presiones-de-ee-uu\/<\/a><\/p>\n<\/div>\n<p><br \/>\n<br \/><a href=\"https:\/\/www.legrandsoir.info\/offensive-vent-arriere-contre-la-cooperation-medicale-de-la-revolution-cubaine.html\" target=\"_blank\"\">Source link <\/a><\/p>\n","protected":false},"excerpt":{"rendered":"<p>L\u2019offensive tous azimuts de l\u2019administration Trump contre la R\u00e9volution cubaine ne ch\u00f4me pas un instant. Comme je l\u2019ai d\u00e9j\u00e0 signal\u00e9, contre elle tout est bon. Peu importe que d\u2019autres peuples&hellip; <\/p>\n","protected":false},"author":1,"featured_media":24949,"comment_status":"open","ping_status":"open","sticky":false,"template":"","format":"standard","meta":{"footnotes":""},"categories":[1],"tags":[],"class_list":["post-24948","post","type-post","status-publish","format-standard","has-post-thumbnail","hentry","category-non-classe"],"_links":{"self":[{"href":"https:\/\/monde25.info\/index.php\/wp-json\/wp\/v2\/posts\/24948","targetHints":{"allow":["GET"]}}],"collection":[{"href":"https:\/\/monde25.info\/index.php\/wp-json\/wp\/v2\/posts"}],"about":[{"href":"https:\/\/monde25.info\/index.php\/wp-json\/wp\/v2\/types\/post"}],"author":[{"embeddable":true,"href":"https:\/\/monde25.info\/index.php\/wp-json\/wp\/v2\/users\/1"}],"replies":[{"embeddable":true,"href":"https:\/\/monde25.info\/index.php\/wp-json\/wp\/v2\/comments?post=24948"}],"version-history":[{"count":0,"href":"https:\/\/monde25.info\/index.php\/wp-json\/wp\/v2\/posts\/24948\/revisions"}],"wp:featuredmedia":[{"embeddable":true,"href":"https:\/\/monde25.info\/index.php\/wp-json\/wp\/v2\/media\/24949"}],"wp:attachment":[{"href":"https:\/\/monde25.info\/index.php\/wp-json\/wp\/v2\/media?parent=24948"}],"wp:term":[{"taxonomy":"category","embeddable":true,"href":"https:\/\/monde25.info\/index.php\/wp-json\/wp\/v2\/categories?post=24948"},{"taxonomy":"post_tag","embeddable":true,"href":"https:\/\/monde25.info\/index.php\/wp-json\/wp\/v2\/tags?post=24948"}],"curies":[{"name":"wp","href":"https:\/\/api.w.org\/{rel}","templated":true}]}}