{"id":24955,"date":"2026-03-07T14:26:44","date_gmt":"2026-03-07T13:26:44","guid":{"rendered":"https:\/\/monde25.info\/index.php\/2026\/03\/07\/etre-ecologiste-en-iran-portraits-croises-dune-exilee-et-dun-prisonnier\/"},"modified":"2026-03-07T14:26:44","modified_gmt":"2026-03-07T13:26:44","slug":"etre-ecologiste-en-iran-portraits-croises-dune-exilee-et-dun-prisonnier","status":"publish","type":"post","link":"https:\/\/monde25.info\/index.php\/2026\/03\/07\/etre-ecologiste-en-iran-portraits-croises-dune-exilee-et-dun-prisonnier\/","title":{"rendered":"\u00catre \u00e9cologiste en Iran\u00a0: portraits crois\u00e9s d&#039;une exil\u00e9e et d&#039;un prisonnier"},"content":{"rendered":"<p> <br \/>\n<br \/><img loading=\"lazy\" decoding=\"async\" src=\"https:\/\/reporterre.net\/local\/cache-vignettes\/L700xH467\/iran1-aa69d.jpg?1772866800\" class=\"spip_logo\" width=\"700\" height=\"467\" alt=\"\" \/><\/p>\n<p>L&rsquo;une vit en exil, l&rsquo;autre est toujours prisonnier. Reporterre vous raconte l&rsquo;histoire d&rsquo;Amir, po\u00e8te planteur d&rsquo;arbres et d&rsquo;Azam, qui d\u00e9fend, \u00e0 distance, les activistes \u00e9cologistes r\u00e9prim\u00e9s par le r\u00e9gime. <br class=\"autobr\" \/> Alors que les \u00c9tats-Unis et Isra\u00ebl bombardent l&rsquo;Iran, causant plus de 1\u00a0000 morts parmi lesquels 194 enfants depuis le 28\u00a0f\u00e9vrier, les voix des Iraniens qui subissent toujours la r\u00e9pression du pouvoir sont trop rares. La faute \u00e0 des coupures d&rsquo;internet ainsi qu&rsquo;\u00e0 l&rsquo;\u00e9touffement des m\u00e9dias\u00a0(\u2026)<\/p>\n<p>                    <a target=\"_blank\" href=\"https:\/\/reporterre.net\/Etre-ecologiste-en-Iran-portraits-croises-d-une-exilee-et-d-un-prisonnier?utm_source=RSS&amp;utm_medium=RSS\">Lire la suite<\/a><\/p>\n<p>                    &#8211;<br \/>\n                        <a target=\"_blank\" href=\"https:\/\/reporterre.net\/Portrait-158\" rel=\"directory\">Portrait<\/a><\/p>\n<p>                    \/<br \/>\n                        <a target=\"_blank\" href=\"https:\/\/reporterre.net\/International\" rel=\"tag\">Monde<\/a><br \/>\n                    ,<br \/>\n                        <a target=\"_blank\" href=\"https:\/\/reporterre.net\/Armee\" rel=\"tag\">Guerres et Arm\u00e9es<\/a><br \/>\n<br \/><br \/>\n<br \/><a href=\"https:\/\/reporterre.net\/Etre-ecologiste-en-Iran-portraits-croises-d-une-exilee-et-d-un-prisonnier\" target=\"_blank\"\">Source link <\/a><\/p>\n","protected":false},"excerpt":{"rendered":"<p>L&rsquo;une vit en exil, l&rsquo;autre est toujours prisonnier. Reporterre vous raconte l&rsquo;histoire d&rsquo;Amir, po\u00e8te planteur d&rsquo;arbres et d&rsquo;Azam, qui d\u00e9fend, \u00e0 distance, les activistes \u00e9cologistes r\u00e9prim\u00e9s par le r\u00e9gime. Alors&hellip; <\/p>\n","protected":false},"author":1,"featured_media":0,"comment_status":"open","ping_status":"open","sticky":false,"template":"","format":"standard","meta":{"footnotes":""},"categories":[1],"tags":[],"class_list":["post-24955","post","type-post","status-publish","format-standard","hentry","category-non-classe"],"_links":{"self":[{"href":"https:\/\/monde25.info\/index.php\/wp-json\/wp\/v2\/posts\/24955","targetHints":{"allow":["GET"]}}],"collection":[{"href":"https:\/\/monde25.info\/index.php\/wp-json\/wp\/v2\/posts"}],"about":[{"href":"https:\/\/monde25.info\/index.php\/wp-json\/wp\/v2\/types\/post"}],"author":[{"embeddable":true,"href":"https:\/\/monde25.info\/index.php\/wp-json\/wp\/v2\/users\/1"}],"replies":[{"embeddable":true,"href":"https:\/\/monde25.info\/index.php\/wp-json\/wp\/v2\/comments?post=24955"}],"version-history":[{"count":0,"href":"https:\/\/monde25.info\/index.php\/wp-json\/wp\/v2\/posts\/24955\/revisions"}],"wp:attachment":[{"href":"https:\/\/monde25.info\/index.php\/wp-json\/wp\/v2\/media?parent=24955"}],"wp:term":[{"taxonomy":"category","embeddable":true,"href":"https:\/\/monde25.info\/index.php\/wp-json\/wp\/v2\/categories?post=24955"},{"taxonomy":"post_tag","embeddable":true,"href":"https:\/\/monde25.info\/index.php\/wp-json\/wp\/v2\/tags?post=24955"}],"curies":[{"name":"wp","href":"https:\/\/api.w.org\/{rel}","templated":true}]}}