{"id":24956,"date":"2026-03-07T15:32:35","date_gmt":"2026-03-07T14:32:35","guid":{"rendered":"https:\/\/monde25.info\/index.php\/2026\/03\/07\/petrole-russe-le-bras-de-fer-se-durcit-entre-orban-et-zelensky\/"},"modified":"2026-03-07T15:32:35","modified_gmt":"2026-03-07T14:32:35","slug":"petrole-russe-le-bras-de-fer-se-durcit-entre-orban-et-zelensky","status":"publish","type":"post","link":"https:\/\/monde25.info\/index.php\/2026\/03\/07\/petrole-russe-le-bras-de-fer-se-durcit-entre-orban-et-zelensky\/","title":{"rendered":"P\u00e9trole russe : le bras de fer se durcit entre Orban et Zelensky"},"content":{"rendered":"<p> <br \/>\n<\/p>\n<div>\n<p>La Hongrie a lib\u00e9r\u00e9 et expuls\u00e9 vendredi sept citoyens ukrainiens alors que le bras de fer se durcit entre Viktor Orban et Volodymyr Zelensky, qui ont \u00e9chang\u00e9 des menaces dans leur dispute sur le transit de p\u00e9trole russe pour la Hongrie et le blocage par Budapest de milliards d&rsquo;aide europ\u00e9enne \u00e0 Kiev.<\/p>\n<p>Budapest, dont le Premier ministre entretient des relations cordiales avec Vladimir Poutine, accuse Kiev de retarder d\u00e9lib\u00e9r\u00e9ment la remise en route d&rsquo;un ol\u00e9oduc ukrainien endommag\u00e9 en janvier, et par lequel transite du p\u00e9trole russe pour la Hongrie et la Slovaquie.<\/p>\n<p>L&rsquo;Ukraine, reproche en retour \u00e0 M. Orban le blocage d&rsquo;un pr\u00eat de 90 milliards d&rsquo;aide europ\u00e9enne, et celui d&rsquo;un nouveau paquet de sanctions contre Moscou.<\/p>\n<p>La dispute entre les deux pays voisins s&rsquo;est encore envenim\u00e9e vendredi\u00a0quand l&rsquo;Ukraine a d\u00e9nonc\u00e9 l&rsquo;arrestation par la Hongrie de sept convoyeurs de fonds ukrainiens, Budapest affirmant ouvrir une enqu\u00eate pour \u00ab\u00a0blanchiment\u00a0\u00bb.<\/p>\n<p>Viktor Orban, qui est en campagne pour sa r\u00e9\u00e9lection, n&rsquo;a pas fait secret de son intention de faire pression \u00ab\u00a0par tous les moyens\u00a0\u00bb sur l&rsquo;Ukraine.<\/p>\n<p>La veille, M. Zelensky avait sugg\u00e9r\u00e9 qu&rsquo;il pourrait \u00ab\u00a0donner l&rsquo;adresse\u00a0\u00bb \u00e0 ses militaires de la personne qui bloque l&rsquo;aide europ\u00e9enne, une menace voil\u00e9e que Bruxelles n&rsquo;a pu que condamner vendredi.<\/p>\n<p>\u00ab\u00a0Nous avons pu obtenir la lib\u00e9ration de sept ressortissants ukrainiens qui \u00e9taient d\u00e9tenus \u00e0 Budapest. Ils sont d\u00e9sormais en s\u00e9curit\u00e9 et ont d\u00e9j\u00e0 franchi la fronti\u00e8re ukrainienne\u00a0\u00bb, a \u00e9crit vendredi soir sur X le ministre ukrainien des Affaires \u00e9trang\u00e8res Andri\u00ef Sybiga.<\/p>\n<p>T\u00f4t vendredi, il avait accus\u00e9 la Hongrie d&rsquo;avoir pris en \u00ab\u00a0otages\u00a0\u00bb un groupe d&#8217;employ\u00e9s d&rsquo;une banque publique ukrainienne qui convoyaient 40 millions de dollars, 35 millions d&rsquo;euros et 9 kilogrammes d&rsquo;or depuis l&rsquo;Autriche.<\/p>\n<p>L&rsquo;administration hongroise des taxes et douanes (NAV) avait indiqu\u00e9 avoir arr\u00eat\u00e9 jeudi sept citoyens ukrainiens, dont un g\u00e9n\u00e9ral de r\u00e9serve des services secrets, deux v\u00e9hicules blind\u00e9s de transport de fonds, et ouvert une enqu\u00eate pour \u00ab\u00a0blanchiment\u00a0\u00bb<\/p>\n<p>Le porte-parole du gouvernement hongrois Zoltan Kovacs avait de son c\u00f4t\u00e9 indiqu\u00e9 que les Ukrainiens arr\u00eat\u00e9s seraient expuls\u00e9s.<\/p>\n<p>Selon la banque publique ukrainienne Oschadbank, le personnel transportait les esp\u00e8ces et l&rsquo;or provenant de la banque autrichienne Raiffeisen lors d\u2019un \u00ab\u00a0d\u00e9placement de routine\u00a0\u00bb, \u00ab\u00a0de tels d\u00e9placements (\u00e9tant) effectu\u00e9s chaque semaine\u00a0\u00bb.<\/p>\n<p>Le sort des devises et de l\u2019or transport\u00e9s est \u00ab\u00a0actuellement inconnu\u00a0\u00bb, a pr\u00e9cis\u00e9 l&rsquo;Oschadbank.<\/p>\n<p>La diplomatie ukrainienne a convoqu\u00e9 le charg\u00e9 d&rsquo;affaires hongrois, d\u00e9non\u00e7ant \u00ab\u00a0des actes ill\u00e9gaux\u00a0\u00bb, et a recommand\u00e9 \u00e0 ses citoyens d&rsquo;\u00e9viter tout voyage en Hongrie.<\/p>\n<p>Le chef de la diplomatie ukrainienne a d\u00e9nonc\u00e9 sur X \u00ab\u00a0un banditisme d&rsquo;\u00c9tat\u00a0\u00bb.<\/p>\n<p>Le Premier ministre nationaliste hongrois assume sa politique.<\/p>\n<p>\u00ab\u00a0Nous arr\u00eaterons de laisser transiter par la Hongrie des choses importantes pour l&rsquo;Ukraine, jusqu&rsquo;\u00e0 ce que nous recevions l&rsquo;approbation de l&rsquo;Ukraine pour les livraisons de p\u00e9trole\u00a0\u00bb russe, a-t-il dit dans une interview \u00e0 la radio vendredi.<\/p>\n<p>Si la Hongrie est membre de l&rsquo;Union europ\u00e9enne et de l&rsquo;Otan, elle a renforc\u00e9 ses liens avec Moscou depuis l&rsquo;invasion russe de l&rsquo;Ukraine en 2022.<\/p>\n<p>Viktor Orban, en campagne pour sa r\u00e9\u00e9lection, a obtenu cette semaine de Vladimir Poutine la lib\u00e9ration de soldats ukraino-hongrois &#8211; une minorit\u00e9 magyare vivant en Ukraine \u00e0 sa fronti\u00e8re avec la Hongrie -, un geste qualifi\u00e9 par Kiev de manipulation \u00ab\u00a0cynique\u00a0\u00bb des prisonniers de guerre.<\/p>\n<p>L&rsquo;UE a interdit la plupart des importations de p\u00e9trole en provenance de Russie, mais l&rsquo;ol\u00e9oduc Droujba (Amiti\u00e9) qui traverse l&rsquo;Ukraine a \u00e9t\u00e9 provisoirement exempt\u00e9 afin de laisser le temps aux pays d&rsquo;Europe centrale de trouver de nouvelles solutions.<\/p>\n<p>Jeudi, Volodymyr Zelensky avait lev\u00e9 toute ambigu\u00eft\u00e9 sur le blocage du transit de p\u00e9trole russe.<\/p>\n<p>\u00ab\u00a0Pour \u00eatre honn\u00eate, je ne le r\u00e9tablirai pas\u00a0\u00bb, a-t-il d\u00e9clar\u00e9 lors d&rsquo;une r\u00e9union avec des responsables gouvernementaux.<\/p>\n<p>\u00ab\u00a0Je l&rsquo;ai dit \u00e0 la direction de l&rsquo;Union europ\u00e9enne. Parce que c&rsquo;est du p\u00e9trole russe. Il y a certains principes qui n&rsquo;ont pas de prix. Ils sont en train de nous tuer, et nous, nous serions cens\u00e9s fournir du p\u00e9trole \u00e0 Orban parce que le pauvre Orban ne peut pas gagner les \u00e9lections sans ce p\u00e9trole\u00a0\u00bb, a-t-il expliqu\u00e9.<\/p>\n<p>Budapest bloque en repr\u00e9sailles le pr\u00eat de l&rsquo;UE de 90 milliards d&rsquo;euros \u00e0 l&rsquo;Ukraine et l&rsquo;adoption d&rsquo;un nouveau paquet de sanctions contre la Russie.<\/p>\n<p>Et M. Zelensky a hauss\u00e9 le ton, se montrant m\u00eame mena\u00e7ant jeudi.<\/p>\n<p>\u00ab\u00a0Nous esp\u00e9rons qu&rsquo;une seule personne au sein de l&rsquo;UE ne bloquera pas les 90 milliards. Sinon, nous donnerons l&rsquo;adresse de cette personne \u00e0 nos forces arm\u00e9es, \u00e0 nos gars. Qu&rsquo;ils l&rsquo;appellent et qu&rsquo;ils lui parlent dans leur propre langage\u00a0\u00bb, a-t-il lanc\u00e9.<\/p>\n<p>Une d\u00e9claration jug\u00e9e \u00ab\u00a0inacceptable\u00a0\u00bb par Bruxelles.<\/p>\n<\/div>\n<p><script>(function(d, s, id) {  var js, fjs = d.getElementsByTagName(s)[0];  if (d.getElementById(id)) return;  js = d.createElement(s); js.id = id;  js.src = \"\/\/connect.facebook.net\/fr_FR\/sdk.js#xfbml=1&version=v2.3\";  fjs.parentNode.insertBefore(js, fjs);}(document, \"script\", \"facebook-jssdk\"));<\/script><br \/>\n<br \/><br \/>\n<br \/><a href=\"https:\/\/www.francesoir.fr\/politique-monde\/petrole-russe-le-bras-de-fer-se-durcit-entre-orban-et-zelensky\" target=\"_blank\"\">Source link <\/a><\/p>\n","protected":false},"excerpt":{"rendered":"<p>La Hongrie a lib\u00e9r\u00e9 et expuls\u00e9 vendredi sept citoyens ukrainiens alors que le bras de fer se durcit entre Viktor Orban et Volodymyr Zelensky, qui ont \u00e9chang\u00e9 des menaces dans&hellip; <\/p>\n","protected":false},"author":1,"featured_media":24957,"comment_status":"open","ping_status":"open","sticky":false,"template":"","format":"standard","meta":{"footnotes":""},"categories":[1],"tags":[],"class_list":["post-24956","post","type-post","status-publish","format-standard","has-post-thumbnail","hentry","category-non-classe"],"_links":{"self":[{"href":"https:\/\/monde25.info\/index.php\/wp-json\/wp\/v2\/posts\/24956","targetHints":{"allow":["GET"]}}],"collection":[{"href":"https:\/\/monde25.info\/index.php\/wp-json\/wp\/v2\/posts"}],"about":[{"href":"https:\/\/monde25.info\/index.php\/wp-json\/wp\/v2\/types\/post"}],"author":[{"embeddable":true,"href":"https:\/\/monde25.info\/index.php\/wp-json\/wp\/v2\/users\/1"}],"replies":[{"embeddable":true,"href":"https:\/\/monde25.info\/index.php\/wp-json\/wp\/v2\/comments?post=24956"}],"version-history":[{"count":0,"href":"https:\/\/monde25.info\/index.php\/wp-json\/wp\/v2\/posts\/24956\/revisions"}],"wp:featuredmedia":[{"embeddable":true,"href":"https:\/\/monde25.info\/index.php\/wp-json\/wp\/v2\/media\/24957"}],"wp:attachment":[{"href":"https:\/\/monde25.info\/index.php\/wp-json\/wp\/v2\/media?parent=24956"}],"wp:term":[{"taxonomy":"category","embeddable":true,"href":"https:\/\/monde25.info\/index.php\/wp-json\/wp\/v2\/categories?post=24956"},{"taxonomy":"post_tag","embeddable":true,"href":"https:\/\/monde25.info\/index.php\/wp-json\/wp\/v2\/tags?post=24956"}],"curies":[{"name":"wp","href":"https:\/\/api.w.org\/{rel}","templated":true}]}}