{"id":2496,"date":"2025-02-13T01:49:37","date_gmt":"2025-02-13T00:49:37","guid":{"rendered":"https:\/\/monde25.info\/index.php\/2025\/02\/13\/apres-les-megafeux-une-tempete-exceptionnelle-sapproche-de-los-angeles\/"},"modified":"2025-02-13T01:49:37","modified_gmt":"2025-02-13T00:49:37","slug":"apres-les-megafeux-une-tempete-exceptionnelle-sapproche-de-los-angeles","status":"publish","type":"post","link":"https:\/\/monde25.info\/index.php\/2025\/02\/13\/apres-les-megafeux-une-tempete-exceptionnelle-sapproche-de-los-angeles\/","title":{"rendered":"Apr\u00e8s les m\u00e9gafeux, une temp\u00eate exceptionnelle s&#039;approche de Los Angeles"},"content":{"rendered":"<p> <br \/>\n<br \/><img loading=\"lazy\" decoding=\"async\" src=\"https:\/\/reporterre.net\/local\/cache-vignettes\/L700xH467\/afp__20250211__2198977814__v1__highres__losangelesrecoversfromhistoricallydevastatin_1_-44bd1.jpg?1739376933\" class=\"spip_logo\" width=\"700\" height=\"467\" alt=\"\" \/><\/p>\n<p>\u00c0 peine ses plaies pans\u00e9es, Los Angeles s&rsquo;appr\u00eate de nouveau \u00e0 affronter les extr\u00eames climatiques. Les 13 et 14\u00a0f\u00e9vrier, une temp\u00eate hivernale exceptionnelle devrait s&rsquo;abattre sur la Californie, dans l&rsquo;ouest des \u00c9tats-Unis. Les habitants ont commenc\u00e9 \u00e0 se barricader, des milliers de sacs de sable et des barri\u00e8res de b\u00e9ton ont \u00e9t\u00e9 dispos\u00e9s pour limiter l&rsquo;\u00e9rosion, et les autorit\u00e9s pr\u00e9conisent de se tenir pr\u00eat \u00e0 une \u00e9vacuation d&rsquo;urgence. <br class=\"autobr\" \/><br \/>\nFragilis\u00e9s par les incendies de janvier, ayant tu\u00e9 une\u00a0(\u2026)<\/p>\n<p>                    <a target=\"_blank\" href=\"https:\/\/reporterre.net\/Apres-les-megafeux-une-tempete-exceptionnelle-s-approche-de-Los-Angeles?utm_source=RSS&amp;utm_medium=RSS\">Lire la suite<\/a><\/p>\n<p>                    &#8211;<br \/>\n                        <a target=\"_blank\" href=\"https:\/\/reporterre.net\/Breves-20\" rel=\"directory\">En bref<\/a><\/p>\n<p>                    \/<br \/>\n                        <a target=\"_blank\" href=\"https:\/\/reporterre.net\/Climat-18\" rel=\"tag\">Climat <\/a><br \/>\n                    ,<br \/>\n                        <a target=\"_blank\" href=\"https:\/\/reporterre.net\/International\" rel=\"tag\">Monde<\/a><br \/>\n<br \/><br \/>\n<br \/><a href=\"https:\/\/reporterre.net\/Apres-les-megafeux-une-tempete-exceptionnelle-s-approche-de-Los-Angeles\" target=\"_blank\"\">Source link <\/a><\/p>\n","protected":false},"excerpt":{"rendered":"<p>\u00c0 peine ses plaies pans\u00e9es, Los Angeles s&rsquo;appr\u00eate de nouveau \u00e0 affronter les extr\u00eames climatiques. Les 13 et 14\u00a0f\u00e9vrier, une temp\u00eate hivernale exceptionnelle devrait s&rsquo;abattre sur la Californie, dans l&rsquo;ouest&hellip; <\/p>\n","protected":false},"author":1,"featured_media":2497,"comment_status":"open","ping_status":"open","sticky":false,"template":"","format":"standard","meta":{"footnotes":""},"categories":[1],"tags":[],"class_list":["post-2496","post","type-post","status-publish","format-standard","has-post-thumbnail","hentry","category-non-classe"],"_links":{"self":[{"href":"https:\/\/monde25.info\/index.php\/wp-json\/wp\/v2\/posts\/2496","targetHints":{"allow":["GET"]}}],"collection":[{"href":"https:\/\/monde25.info\/index.php\/wp-json\/wp\/v2\/posts"}],"about":[{"href":"https:\/\/monde25.info\/index.php\/wp-json\/wp\/v2\/types\/post"}],"author":[{"embeddable":true,"href":"https:\/\/monde25.info\/index.php\/wp-json\/wp\/v2\/users\/1"}],"replies":[{"embeddable":true,"href":"https:\/\/monde25.info\/index.php\/wp-json\/wp\/v2\/comments?post=2496"}],"version-history":[{"count":0,"href":"https:\/\/monde25.info\/index.php\/wp-json\/wp\/v2\/posts\/2496\/revisions"}],"wp:featuredmedia":[{"embeddable":true,"href":"https:\/\/monde25.info\/index.php\/wp-json\/wp\/v2\/media\/2497"}],"wp:attachment":[{"href":"https:\/\/monde25.info\/index.php\/wp-json\/wp\/v2\/media?parent=2496"}],"wp:term":[{"taxonomy":"category","embeddable":true,"href":"https:\/\/monde25.info\/index.php\/wp-json\/wp\/v2\/categories?post=2496"},{"taxonomy":"post_tag","embeddable":true,"href":"https:\/\/monde25.info\/index.php\/wp-json\/wp\/v2\/tags?post=2496"}],"curies":[{"name":"wp","href":"https:\/\/api.w.org\/{rel}","templated":true}]}}