{"id":24960,"date":"2026-03-07T16:39:38","date_gmt":"2026-03-07T15:39:38","guid":{"rendered":"https:\/\/monde25.info\/index.php\/2026\/03\/07\/la-banalisation-des-idees-dextreme-droite-principal-carburant-de-lantisemitisme-hier-comme-aujourdhui\/"},"modified":"2026-03-07T16:39:38","modified_gmt":"2026-03-07T15:39:38","slug":"la-banalisation-des-idees-dextreme-droite-principal-carburant-de-lantisemitisme-hier-comme-aujourdhui","status":"publish","type":"post","link":"https:\/\/monde25.info\/index.php\/2026\/03\/07\/la-banalisation-des-idees-dextreme-droite-principal-carburant-de-lantisemitisme-hier-comme-aujourdhui\/","title":{"rendered":"La banalisation des id\u00e9es d&rsquo;extr\u00eame-droite, principal carburant de l&rsquo;antis\u00e9mitisme hier comme aujourd&rsquo;hui"},"content":{"rendered":"<p> <br \/>\n<\/p>\n<div itemprop=\"articleBody\"><span style=\"word-wrap:break-word;\"><\/p>\n<p>C\u2019est avec stup\u00e9faction et indignation que nous apprenons il y a une semaine que deux croix gamm\u00e9es ont \u00e9t\u00e9 tagu\u00e9es dans des halls d\u2019immeuble de la cit\u00e9 de la Muette \u00e0 Drancy, \u00e0 l\u2019emplacement o\u00f9 se situait l\u2019ancien camp d\u2019internement de Drancy, dans lequel 63000 Juifs (mais aussi nombre de R\u00e9sistants) ont \u00e9t\u00e9 parqu\u00e9s et d\u00e9port\u00e9s vers Auschwitz. Les auteurs de cette ignominie doivent \u00eatre identifi\u00e9s et jug\u00e9s.<\/p>\n<p>Toutefois, les responsabilit\u00e9s politiques indirectes doivent ici \u00eatre point\u00e9es du doigt, m\u00eame si elles seront malheureusement plus difficiles \u00e0 faire sanctionner. Car entre un caricaturiste parmi les plus connus du pays, Plantu, reprenant \u00e0 son compte, il y a trois semaines, les codes de l\u2019imagerie antis\u00e9mite, la minute de silence \u00e0 l\u2019Assembl\u00e9e nationale et au S\u00e9nat en m\u00e9moire d\u2019un militant n\u00e9onazi, l\u2019autorisation accord\u00e9e \u00e0 Lyon (\u00ab\u00a0capitale de la R\u00e9sistance\u00a0\u00bb) \u00e0 une marche n\u00e9onazie le jour de la comm\u00e9moration de l\u2019ex\u00e9cution du groupe Manouchian, et enfin d\u2019une ministre en charge de la lutte contre les discriminations, Aurore Berg\u00e9, appelant implicitement l\u2019extr\u00eame-droite \u00e0 un accord de d\u00e9sistement r\u00e9ciproque et reprenant \u00e0 son compte un \u00e9l\u00e9ment de langage antis\u00e9mite, il y a un continuum qui a d\u00e9sinhib\u00e9 et encourag\u00e9 le passage \u00e0 l\u2019acte ignoble de Drancy.<\/p>\n<p>Quand une personne pr\u00e9tend lutter contre l\u2019antis\u00e9mitisme en reprenant \u00e0 son compte des \u00e9l\u00e9ments de langage de l\u2019extr\u00eame-droite antis\u00e9mite (ou les codes de l\u2019imagerie antis\u00e9mite), c\u2019est lourdement r\u00e9v\u00e9lateur de ce que cette personne a dans la t\u00eate, \u00e0 savoir&#8230; des pr\u00e9jug\u00e9s antis\u00e9mites. Et c\u2019est plus que r\u00e9v\u00e9lateur du confusionnisme politique entretenu par Aurore Berg\u00e9 et les soutiens de la proposition de loi Yadan. Mais aussi d\u2019une r\u00e9alit\u00e9 trop occult\u00e9e\u00a0: celle de la mue \u00ab\u00a0philosioniste\u00a0\u00bb (pro-isra\u00e9lienne) de l\u2019essentiel du prisme antis\u00e9mite en France, en Europe et dans le monde. Contrairement \u00e0 une id\u00e9e re\u00e7ue que voudrait v\u00e9hiculer Aurore Berg\u00e9, la principale forme renouvel\u00e9e de l\u2019antis\u00e9mitisme est de nature philosioniste\u00a0: c\u2019est la combinaison entre antis\u00e9mitisme et soutien \u00e0 Isra\u00ebl.<\/p>\n<p>Dans l\u2019Histoire de France, ce type de s\u00e9quence confusionniste a toujours donn\u00e9 lieu \u00e0 un retour de balancier douloureux et croire qu\u2019il en irait autrement cette fois est au mieux na\u00eff. Les faits intervenus \u00e0 Drancy sont l\u00e0 pour le rappeler cruellement. Nous n\u2019oublions pas pour ce qui nous concerne que si la majeure partie de la communaut\u00e9 juive fran\u00e7aise actuelle, qui vivait alors au Maghreb, a \u00e9chapp\u00e9 \u00e0 la menace europ\u00e9enne de l\u2019extermination physique en 1939-45, c\u2019est essentiellement gr\u00e2ce \u00e0 la solidarit\u00e9, au soutien et \u00e0 la protection que leur ont manifest\u00e9 dans ces t\u00e9n\u00e8bres ces \u00ab\u00a0arabo-musulmans\u00a0\u00bb avec qui les Juifs ont plus en commun dans l\u2019Histoire longue que ne le serinent aujourd\u2019hui les antis\u00e9mites de toujours. Ces gens-l\u00e0 tentent d\u00e9sormais de se d\u00e9charger cyniquement de leur antis\u00e9mitisme sur les musulmans et de fracturer ainsi la soci\u00e9t\u00e9 fran\u00e7aise dans une logique de guerre civile.<\/p>\n<p>Dans les circonstances funestes que nous vivons, nous appelons \u00e0 la d\u00e9mission des ministres Aurore Berg\u00e9 et Laurent Nu\u00f1ez, qui ont gravement failli et ouvert un boulevard au fascisme. Nous appelons la gauche et au del\u00e0 \u00e0 faire front commun, dans une perspective antifasciste et nous nous tenons au besoin \u00e0 disposition en r\u00e9gion parisienne pour aider \u00e0 lever les obstacles \u00e0 l\u2019union. Nous appelons \u00e0 la constitution d\u2019un front antifasciste, large et sans exclusive. Enfin, nous appelons au sursaut r\u00e9publicain et \u00e0 faire du 8 mai une journ\u00e9e nationale d\u2019action antifasciste, contre les fascismes d\u2019hier comme d\u2019aujourd\u2019hui.<\/p>\n<p><\/span><\/div>\n<p><br \/>\n<br \/><a href=\"https:\/\/www.legrandsoir.info\/la-banalisation-des-idees-d-extreme-droite-principal-carburant-de-l-antisemitisme-hier-comme-aujourd-hui.html\" target=\"_blank\"\">Source link <\/a><\/p>\n","protected":false},"excerpt":{"rendered":"<p>C\u2019est avec stup\u00e9faction et indignation que nous apprenons il y a une semaine que deux croix gamm\u00e9es ont \u00e9t\u00e9 tagu\u00e9es dans des halls d\u2019immeuble de la cit\u00e9 de la Muette&hellip; <\/p>\n","protected":false},"author":1,"featured_media":24961,"comment_status":"open","ping_status":"open","sticky":false,"template":"","format":"standard","meta":{"footnotes":""},"categories":[1],"tags":[],"class_list":["post-24960","post","type-post","status-publish","format-standard","has-post-thumbnail","hentry","category-non-classe"],"_links":{"self":[{"href":"https:\/\/monde25.info\/index.php\/wp-json\/wp\/v2\/posts\/24960","targetHints":{"allow":["GET"]}}],"collection":[{"href":"https:\/\/monde25.info\/index.php\/wp-json\/wp\/v2\/posts"}],"about":[{"href":"https:\/\/monde25.info\/index.php\/wp-json\/wp\/v2\/types\/post"}],"author":[{"embeddable":true,"href":"https:\/\/monde25.info\/index.php\/wp-json\/wp\/v2\/users\/1"}],"replies":[{"embeddable":true,"href":"https:\/\/monde25.info\/index.php\/wp-json\/wp\/v2\/comments?post=24960"}],"version-history":[{"count":0,"href":"https:\/\/monde25.info\/index.php\/wp-json\/wp\/v2\/posts\/24960\/revisions"}],"wp:featuredmedia":[{"embeddable":true,"href":"https:\/\/monde25.info\/index.php\/wp-json\/wp\/v2\/media\/24961"}],"wp:attachment":[{"href":"https:\/\/monde25.info\/index.php\/wp-json\/wp\/v2\/media?parent=24960"}],"wp:term":[{"taxonomy":"category","embeddable":true,"href":"https:\/\/monde25.info\/index.php\/wp-json\/wp\/v2\/categories?post=24960"},{"taxonomy":"post_tag","embeddable":true,"href":"https:\/\/monde25.info\/index.php\/wp-json\/wp\/v2\/tags?post=24960"}],"curies":[{"name":"wp","href":"https:\/\/api.w.org\/{rel}","templated":true}]}}